{"id":143786,"date":"2018-09-14T18:53:51","date_gmt":"2018-09-14T16:53:51","guid":{"rendered":"http:\/\/www.leccecronaca.it\/?p=143786"},"modified":"2018-09-14T18:54:07","modified_gmt":"2018-09-14T16:54:07","slug":"il-prepartita-chi-rico-chi","status":"publish","type":"post","link":"https:\/\/www.leccecronaca.it\/index.php\/2018\/09\/14\/il-prepartita-chi-rico-chi\/","title":{"rendered":"IL PREPARTITA \/ CHI RICO&#8217; CHI?!?"},"content":{"rendered":"<p><img decoding=\"async\" loading=\"lazy\" class=\"alignnone size-full wp-image-143787\" src=\"https:\/\/www.leccecronaca.it\/wordpress\/wp-content\/uploads\/2018\/09\/stadio-ascoli-piceno.jpg\" alt=\"\" width=\"600\" height=\"315\" srcset=\"https:\/\/www.leccecronaca.it\/wordpress\/wp-content\/uploads\/2018\/09\/stadio-ascoli-piceno.jpg 600w, https:\/\/www.leccecronaca.it\/wordpress\/wp-content\/uploads\/2018\/09\/stadio-ascoli-piceno-300x158.jpg 300w\" sizes=\"(max-width: 600px) 100vw, 600px\" \/>(a.g.)______Si gioca, dunque, il campionato spezzatino a 19 squadre, del resto appena alle prime porzioni, pardon, alle prime partite, prosegue, mentre le polemiche, che coinvolgono l&#8217; intero sistema, non accennano a placarsi.<\/p>\n<p>Il Lecce in campo per la terza giornata sabato 15 alle 15 ad Ascoli (nella foto, lo stadio &#8216;Del Duca&#8217;).<\/p>\n<p>Oggi prima della partenza consueta conferenza &#8211; stampa della vigilia di mister Liverani. Ecco la sintesi delle sue dichiarazioni:<\/p>\n<p><em>&#8220;Credo che la sosta del campionato in questo momento sia stata abbastanza utile per continuare il percorso di lavoro con i giocatori arrivati un po\u2019 pi\u00f9 tardi. <\/em><\/p>\n<p><em>Ora dobbiamo ripartire dalle cose buone dimostrate e da quelle sulle quali dobbiamo migliorare. <\/em><\/p>\n<p><em>Ci attende il confronto di Ascoli, in un campo ostico, di tradizione. <\/em><\/p>\n<p><em>Loro non sono partiti benissimo, ma sono una squadra esperta e fisica e per questo sono sicuro che aspetter\u00e0 un confronto maschio e duro. <\/em><\/p>\n<p><em>I gol che abbiamo subito in queste prime giornate, a mio modo di vedere, sono dovuti per lo pi\u00f9 ad errori di lettura individuale che di reparto.\u201d<\/em><\/p>\n<p>La societ\u00e0 di suo \u00e8 poi ancora alle prese con il caso Chiric\u00f2, che non \u00e8 stato convocato per la trasferta nel Piceno, dopo l&#8217; ennesima contestazione di parte della tifoseria nei pochi minuti giocati al Via del Mare nell&#8217; ultima partita contro il Benevento.<\/p>\n<p>La decisione ha provocato un&#8217; accesa reazione del procuratore del calciatore.<\/p>\n<p>La societ\u00e0 ha risposto con un comunicato, che qui di seguito riportiamo integralmente anche perch\u00e9 fa la cronistoria di quanto accaduto negli ultimi mesi:<\/p>\n<p><em>&#8220;L&#8217; Unione Sportiva Lecce, con riferimento alle dichiarazioni rese dal sig. Kael Grimaldi, in qualit\u00e0 di agente del calciatore Cosimo Chirico\u2019, precisa quanto segue.<\/em><\/p>\n<p><em>Diversamente da quanto riferito dal sig. Grimaldi nessun componente della societ\u00e0 \u00e8 stato mai \u00a0oggetto di minacce, intimidazioni o pressioni di alcun tipo in relazione alle note vicende inerenti il calciatore Cosimo Chiric\u00f2. Nell\u2019alveo di tali ipotesi non pu\u00f2 infatti essere certamente ricondotto l\u2019isolato episodio, riferito peraltro in via confidenziale al padre del sig. Grimaldi e strumentalmente utilizzato, verificatosi in data 2 settembre 2018, di cui si sono resi protagonisti due soggetti ignoti, i quali hanno rivolto al Presidente delle espressioni irriguardose e comunque non esplicitamente riconducibili alla vicenda Chirico&#8217;.\u00a0<\/em><\/p>\n<p><em>Al contrario, c\u2019\u00e8 stata un\u2019unica occasione fortuita di confronto su questo tema tra il Presidente Saverio Sticchi Damiani e la tifoseria Ultras, a Martignano, in data 18 agosto, durante un allenamento (fissato dopo la mancata disputa dell\u2019amichevole con il Nard\u00f2), alla presenza di alcuni esponenti delle forze dell\u2019ordine, che si \u00e8 svolto in modo sereno e civile e si \u00e8 concluso con cori di incoraggiamento alla squadra.<\/em><\/p>\n<p><em>L\u2019U.S. Lecce ribadisce che le valutazioni in ordine all\u2019impiego del calciatore, successivamente all&#8217;improvvido diniego opposto dal suo Procuratore al trasferimento a titolo definitivo alla Ternana (che avrebbe garantito, come concordato fin dall&#8217;inizio con lo stesso agente, una rilevante plusvalenza per il club senza alcun nocumento economico per il calciatore),\u00a0 sono state concordate con tutte le componenti societarie e tecniche.\u00a0 Tale determinazione,\u00a0 lungi dall\u2019essere stata adottata \u201cper preservare l\u2019incolumit\u00e0 dei componenti della societ\u00e0\u201d, come affermato in maniera irresponsabile dal sig.\u00a0 Kael Grimaldi, \u00e8 invece esclusivamente riconducibile al superiore interesse del Club, al termine del calciomercato, di\u00a0 \u201cpreservare il clima di serenit\u00e0 ed unit\u00e0 tra gli stessi tifosi\u201ded evitare divisioni che possano compromettere il risultato sportivo, cosi come chiarito nella nota diffusa dal Club.<\/em><\/p>\n<p><em>Nella speranza di aver definitivamente chiarito ogni circostanza sul punto, l\u2019U.S. Lecce, salvo vagliare l\u2019opportunit\u00e0 di tutelarsi nelle opportune sedi giudiziarie, invita\u00a0 il sig. Kael Grimaldi ad astenersi da dichiarazioni che, per contenuti e modalit\u00e0 espressive,\u00a0 sono non solo disancorate dalla realt\u00e0 fattuale e connotate da impropri\u00a0 richiami alla legalit\u00e0 ma, altres\u00ec,\u00a0 suonano come un maldestro tentativo di vendetta mediatica volto a destabilizzare\u00a0 e screditare societ\u00e0 e ambiente&#8221;.______<\/em><\/p>\n<p>LA RICERCA nel nostro articolo di questa mattina<\/p>\n<blockquote class=\"wp-embedded-content\" data-secret=\"HQW6xLQtQX\"><p><a href=\"https:\/\/www.leccecronaca.it\/index.php\/2018\/09\/14\/alla-scoperta-dell-italia-di-serie-b-2-ascoli\/\">ALLA SCOPERTA DELL\u2019 ITALIA DI SERIE B \u2013 2 \/ ASCOLI<\/a><\/p><\/blockquote>\n<p><iframe class=\"wp-embedded-content\" sandbox=\"allow-scripts\" security=\"restricted\" style=\"position: absolute; clip: rect(1px, 1px, 1px, 1px);\" src=\"https:\/\/www.leccecronaca.it\/index.php\/2018\/09\/14\/alla-scoperta-dell-italia-di-serie-b-2-ascoli\/embed\/#?secret=HQW6xLQtQX\" data-secret=\"HQW6xLQtQX\" width=\"500\" height=\"282\" title=\"&#8220;ALLA SCOPERTA DELL\u2019 ITALIA DI SERIE B \u2013 2 \/ ASCOLI&#8221; &#8212; LecceCronaca.it\" frameborder=\"0\" marginwidth=\"0\" marginheight=\"0\" scrolling=\"no\"><\/iframe><\/p>\n<fb:like href='https:\/\/www.leccecronaca.it\/index.php\/2018\/09\/14\/il-prepartita-chi-rico-chi\/' send='true' layout='button_count' show_faces='true' width='450' height='65' action='recommend' colorscheme='light' font='lucida grande'><\/fb:like><span class=\"fb_share\"><fb:like href=\"https:\/\/www.leccecronaca.it\/index.php\/2018\/09\/14\/il-prepartita-chi-rico-chi\/\" layout=\"button_count\"><\/fb:like><\/span>","protected":false},"excerpt":{"rendered":"<p>(a.g.)______Si gioca, dunque, il campionato spezzatino a 19 squadre, del resto appena alle prime porzioni, pardon, alle prime partite, prosegue, mentre le polemiche, che coinvolgono l&#8217; intero sistema, non accennano a placarsi. Il Lecce in campo per la terza giornata sabato 15 alle 15 ad Ascoli (nella foto, lo stadio &#8216;Del Duca&#8217;). Oggi prima della [&hellip;]<\/p>\n","protected":false},"author":4,"featured_media":143787,"comment_status":"open","ping_status":"closed","sticky":false,"template":"","format":"standard","meta":[],"categories":[28],"tags":[],"_links":{"self":[{"href":"https:\/\/www.leccecronaca.it\/index.php\/wp-json\/wp\/v2\/posts\/143786"}],"collection":[{"href":"https:\/\/www.leccecronaca.it\/index.php\/wp-json\/wp\/v2\/posts"}],"about":[{"href":"https:\/\/www.leccecronaca.it\/index.php\/wp-json\/wp\/v2\/types\/post"}],"author":[{"embeddable":true,"href":"https:\/\/www.leccecronaca.it\/index.php\/wp-json\/wp\/v2\/users\/4"}],"replies":[{"embeddable":true,"href":"https:\/\/www.leccecronaca.it\/index.php\/wp-json\/wp\/v2\/comments?post=143786"}],"version-history":[{"count":2,"href":"https:\/\/www.leccecronaca.it\/index.php\/wp-json\/wp\/v2\/posts\/143786\/revisions"}],"predecessor-version":[{"id":143789,"href":"https:\/\/www.leccecronaca.it\/index.php\/wp-json\/wp\/v2\/posts\/143786\/revisions\/143789"}],"wp:featuredmedia":[{"embeddable":true,"href":"https:\/\/www.leccecronaca.it\/index.php\/wp-json\/wp\/v2\/media\/143787"}],"wp:attachment":[{"href":"https:\/\/www.leccecronaca.it\/index.php\/wp-json\/wp\/v2\/media?parent=143786"}],"wp:term":[{"taxonomy":"category","embeddable":true,"href":"https:\/\/www.leccecronaca.it\/index.php\/wp-json\/wp\/v2\/categories?post=143786"},{"taxonomy":"post_tag","embeddable":true,"href":"https:\/\/www.leccecronaca.it\/index.php\/wp-json\/wp\/v2\/tags?post=143786"}],"curies":[{"name":"wp","href":"https:\/\/api.w.org\/{rel}","templated":true}]}}