{"id":143847,"date":"2018-09-16T10:44:34","date_gmt":"2018-09-16T08:44:34","guid":{"rendered":"http:\/\/www.leccecronaca.it\/?p=143847"},"modified":"2018-09-16T10:45:33","modified_gmt":"2018-09-16T08:45:33","slug":"l-emozione-di-un-sogno-reso-possibile-per-tutti-io-e-il-mare","status":"publish","type":"post","link":"https:\/\/www.leccecronaca.it\/index.php\/2018\/09\/16\/l-emozione-di-un-sogno-reso-possibile-per-tutti-io-e-il-mare\/","title":{"rendered":"L&#8217; EMOZIONE DI UN SOGNO A SAN FOCA FINALMENTE RESO POSSIBILE. PER TUTTI \/ Io e il mare"},"content":{"rendered":"<p><img decoding=\"async\" loading=\"lazy\" class=\"alignnone size-full wp-image-143849\" src=\"https:\/\/www.leccecronaca.it\/wordpress\/wp-content\/uploads\/2018\/09\/Mare_azzurro_596-752x440.jpg\" alt=\"\" width=\"752\" height=\"440\" srcset=\"https:\/\/www.leccecronaca.it\/wordpress\/wp-content\/uploads\/2018\/09\/Mare_azzurro_596-752x440.jpg 752w, https:\/\/www.leccecronaca.it\/wordpress\/wp-content\/uploads\/2018\/09\/Mare_azzurro_596-752x440-300x176.jpg 300w\" sizes=\"(max-width: 752px) 100vw, 752px\" \/>di <strong>Paolo Paladini______<\/strong><\/p>\n<p>Emozione pura quella messa in cantiere a San Foca.<\/p>\n<p>&#8220;Navig-Abile 2018&#8221;: ricordiamolo, questo nome.<\/p>\n<p>Un\u2019iniziativa voluta dalla sezione locale della Lega Navale Italiana, dagli Assessorati alle Politiche Sociali e dal Comune di Melendugno.<\/p>\n<p>Un appuntamento rinnovatosi per la nona volta, al quale \u00e8 giusto che si dedichi spazio.<\/p>\n<p>Perch\u00e9 la gente sappia! Perch\u00e9 la gente possa dire che l\u00ec, a San Foca, nella mattinata di domenica 16 settembre, il mare \u00e8 tornato ad essere di tutti.<\/p>\n<p>Un mare alto, profondo. Proprio come alte e profonde sono tutte quelle persone che, con spontaneit\u00e0, hanno deciso di mettere a disposizione le loro imbarcazioni per consentire, a chiunque ne avvertisse il desiderio, di effettuare delle piccole escursioni in loro compagnia.<\/p>\n<p>Senza barriere.<\/p>\n<p>D\u2019altronde, cosa c\u2019\u00e8 di pi\u00f9 libero del mare?<\/p>\n<p>Un\u2019enorme distesa blu che lascia planare piano lo sguardo verso l\u2019orizzonte.<\/p>\n<p>E poi, il vento che ti accarezza la pelle raccontandoti di sponde lontane, la salsedine che sale su per le narici e le onde che ti cullano.<\/p>\n<p>Immagini e sensazioni che da uomo e da disabile, qual io sono, ho sempre costruito nella mente come un mosaico. Fino a ieri, infatti, ero convinto che certe cose si potessero soltanto sognare.<\/p>\n<p>E allora, mi perdevo in quell\u2019enorme macchia salata immaginando come sarebbe stato\u2026se&#8230;<\/p>\n<p>Se fossi riuscito a navigare, per esempio.<\/p>\n<p>Io non sapevo! Non sapevo che l\u00ec, a Fan Foca, il mare, un giorno, sarebbe diventato di tutti.<\/p>\n<p>Davvero.<\/p>\n<p>Eccolo, l\u2019incanto! Ecco la magia di una comunit\u00e0 che si muove in simultanea, stretta dallo stesso amore per l\u2019acqua e per la natura. Un sentimento che si apre come un porto sicuro, solerte nel dare sollievo a chiunque lo chieda.<\/p>\n<p>Uno sforzo inclusivo che, per quest\u2019anno, \u00e8 riuscito addirittura ad assicurarsi l\u2019uso di un aggio dal nome quasi impronunciabile: il \u201cPequod\u201d. Un presidio sanitario e tecnico in grado di consentire l\u2019imbarco e lo sbarco delle persone disabili in totale sicurezza. Qualcosa di buono che rester\u00e0 a disposizione durante tutto l\u2019arco dell\u2019anno per i soci della Lega Navale Italiana e per i loro ospiti.<\/p>\n<p>Perch\u00e9 forse \u00e8 proprio questa l\u2019essenza dell\u2019essere marinai: la curiosit\u00e0, lo spirito avventuriero capace si solcare le onde per scoprire nuovi tragitti, il coraggio insito nel pronunciare la parola \u201coltre\u201d.<\/p>\n<p>Ieri con le Indie e con l\u2019America, oggi con la disabilit\u00e0.<\/p>\n<p>A pensarci bene, sono proprio le antiche leggende di mare le prime ad insegnarci che non esistono frontiere se, nella mente dell\u2019uomo, alberga la febbrile intensione di volerle superare.<\/p>\n<p>Allora grazie!<\/p>\n<p>Grazie a chiunque abbia contribuito a rendere concreto tutto questo.<\/p>\n<p>E come direbbe De Andr\u00e8, poeta e marinaio: <em>\u201c\u2026bacan d\u2019a corda marsa d\u2019aegua e de s\u00e4<\/em><br \/>\n<em> che a ne liga e a ne porta \u2018nte \u2018na creuza de m\u00e4\u201d.<\/em><\/p>\n<p><img decoding=\"async\" loading=\"lazy\" class=\"alignnone size-full wp-image-143848\" src=\"https:\/\/www.leccecronaca.it\/wordpress\/wp-content\/uploads\/2018\/09\/Navigabile-locandina.jpg\" alt=\"\" width=\"669\" height=\"960\" srcset=\"https:\/\/www.leccecronaca.it\/wordpress\/wp-content\/uploads\/2018\/09\/Navigabile-locandina.jpg 669w, https:\/\/www.leccecronaca.it\/wordpress\/wp-content\/uploads\/2018\/09\/Navigabile-locandina-209x300.jpg 209w\" sizes=\"(max-width: 669px) 100vw, 669px\" \/><\/p>\n<p>&nbsp;<\/p>\n<p>&nbsp;<\/p>\n<fb:like href='https:\/\/www.leccecronaca.it\/index.php\/2018\/09\/16\/l-emozione-di-un-sogno-reso-possibile-per-tutti-io-e-il-mare\/' send='true' layout='button_count' show_faces='true' width='450' height='65' action='recommend' colorscheme='light' font='lucida grande'><\/fb:like><span class=\"fb_share\"><fb:like href=\"https:\/\/www.leccecronaca.it\/index.php\/2018\/09\/16\/l-emozione-di-un-sogno-reso-possibile-per-tutti-io-e-il-mare\/\" layout=\"button_count\"><\/fb:like><\/span>","protected":false},"excerpt":{"rendered":"<p>di Paolo Paladini______ Emozione pura quella messa in cantiere a San Foca. &#8220;Navig-Abile 2018&#8221;: ricordiamolo, questo nome. Un\u2019iniziativa voluta dalla sezione locale della Lega Navale Italiana, dagli Assessorati alle Politiche Sociali e dal Comune di Melendugno. Un appuntamento rinnovatosi per la nona volta, al quale \u00e8 giusto che si dedichi spazio. Perch\u00e9 la gente sappia! [&hellip;]<\/p>\n","protected":false},"author":4,"featured_media":143849,"comment_status":"open","ping_status":"closed","sticky":false,"template":"","format":"standard","meta":[],"categories":[1,69,31,75],"tags":[],"_links":{"self":[{"href":"https:\/\/www.leccecronaca.it\/index.php\/wp-json\/wp\/v2\/posts\/143847"}],"collection":[{"href":"https:\/\/www.leccecronaca.it\/index.php\/wp-json\/wp\/v2\/posts"}],"about":[{"href":"https:\/\/www.leccecronaca.it\/index.php\/wp-json\/wp\/v2\/types\/post"}],"author":[{"embeddable":true,"href":"https:\/\/www.leccecronaca.it\/index.php\/wp-json\/wp\/v2\/users\/4"}],"replies":[{"embeddable":true,"href":"https:\/\/www.leccecronaca.it\/index.php\/wp-json\/wp\/v2\/comments?post=143847"}],"version-history":[{"count":2,"href":"https:\/\/www.leccecronaca.it\/index.php\/wp-json\/wp\/v2\/posts\/143847\/revisions"}],"predecessor-version":[{"id":143851,"href":"https:\/\/www.leccecronaca.it\/index.php\/wp-json\/wp\/v2\/posts\/143847\/revisions\/143851"}],"wp:featuredmedia":[{"embeddable":true,"href":"https:\/\/www.leccecronaca.it\/index.php\/wp-json\/wp\/v2\/media\/143849"}],"wp:attachment":[{"href":"https:\/\/www.leccecronaca.it\/index.php\/wp-json\/wp\/v2\/media?parent=143847"}],"wp:term":[{"taxonomy":"category","embeddable":true,"href":"https:\/\/www.leccecronaca.it\/index.php\/wp-json\/wp\/v2\/categories?post=143847"},{"taxonomy":"post_tag","embeddable":true,"href":"https:\/\/www.leccecronaca.it\/index.php\/wp-json\/wp\/v2\/tags?post=143847"}],"curies":[{"name":"wp","href":"https:\/\/api.w.org\/{rel}","templated":true}]}}