{"id":143866,"date":"2018-09-16T13:22:56","date_gmt":"2018-09-16T11:22:56","guid":{"rendered":"http:\/\/www.leccecronaca.it\/?p=143866"},"modified":"2018-09-16T13:26:09","modified_gmt":"2018-09-16T11:26:09","slug":"non-e-uno-sport-ma-una-guerra-si-e-una-inutile-crudelta-un-crimine-contro-madre-natura-l-ente-nazionale-protezione-animali-chiama-alla-mobilitazione-e-ieri-la-lega-anti-vivisezione-i","status":"publish","type":"post","link":"https:\/\/www.leccecronaca.it\/index.php\/2018\/09\/16\/non-e-uno-sport-ma-una-guerra-si-e-una-inutile-crudelta-un-crimine-contro-madre-natura-l-ente-nazionale-protezione-animali-chiama-alla-mobilitazione-e-ieri-la-lega-anti-vivisezione-i\/","title":{"rendered":"&#8220;Non \u00e8 uno sport, ma una guerra&#8221;. SI&#8217;, E&#8217; UNA INUTILE CRUDELTA&#8217;, UN CRIMINE CONTRO NOSTRA MADRE NATURA. L&#8217; ENTE NAZIONALE PROTEZIONE ANIMALI CHIAMA ALLA MOBILITAZIONE, E IERI LA LEGA ANTI VIVISEZIONE E&#8217; SCESA IN PIAZZA A FIRENZE CONTRO LA CACCIA E I CACCIATORI"},"content":{"rendered":"<p><img decoding=\"async\" loading=\"lazy\" class=\"alignnone size-full wp-image-143867\" src=\"https:\/\/www.leccecronaca.it\/wordpress\/wp-content\/uploads\/2018\/09\/CAFA.jpg\" alt=\"\" width=\"626\" height=\"417\" srcset=\"https:\/\/www.leccecronaca.it\/wordpress\/wp-content\/uploads\/2018\/09\/CAFA.jpg 626w, https:\/\/www.leccecronaca.it\/wordpress\/wp-content\/uploads\/2018\/09\/CAFA-300x200.jpg 300w\" sizes=\"(max-width: 626px) 100vw, 626px\" \/>(g.p.)______L&#8217; ente nazionale protezione animali ha diffuso il seguente comunicato:<\/p>\n<p><em>Domenica 16 settembre in tutte le regioni si apre ufficialmente la stagione venatoria, che, in realt\u00e0, grazie al &#8220;regalo&#8221; di amministrazioni compiacenti e legate alla vecchia politica, \u00e8 iniziata con le preaperture del 1\u00b0 settembre. Preaperture che sono gi\u00e0\u00a0state segnate da numerosi &#8220;incidenti&#8221; di caccia con vittime umane e dalla morte di migliaia di animali selvatici. Anche quelli che il mondo scientifico internazionale ha classificato in declino.<\/em><\/p>\n<p><em>\u00abLa stagione venatoria 2018\/2019 &#8211; commenta Andrea Brutti dell&#8217;ufficio Fauna Selvatica di Enpa &#8211; vede un generale peggioramento della situazione poich\u00e9 le Regioni continuano ad emanare calendari palesemente illegittimi, che violano consapevolmente sentenze di Tar e di Consiglio di Stato, che ignorano i pareri dell&#8217;ISPRA e che concedono sempre pi\u00f9 possibilit\u00e0 di sparo. Persino alle specie il cui stato di conservazione \u00e8 negativo. Eppure, le amministrazioni regionali hanno il dovere di tutelare la biodiversit\u00e0, e non hanno certo la libert\u00e0 di disporne a piacimento, svendendo gli animali selvatici in cambio di una manciata di voti\u00bb.<\/em><\/p>\n<p><em>Come se ci\u00f2 non bastasse, continuano le inutili discussioni sulla possibilit\u00e0 di dare il via libera alla cattura di uccelli come richiami vivi e di autorizzare, tramite legge, deroghe permanenti che autorizzino un regime di caccia a specie vietate. <\/em><\/p>\n<p><em>\u00abL&#8217;arroganza di questi amministratori, che tentano per motivi elettoralistici di riempire i carnieri dei cacciatori, sfida le nostre leggi nazionali, le sentenze della Corte Costituzionale, persino quelle della Corte di Giustizia Europea che &#8211; prosegue Brutti &#8211; ha gi\u00e0 condannato il nostro Paese per gli abusi commessi con le deroghe. La Lombardia, ad esempio, sta riproponendo una legge sul tema delle deroghe sapendo perfettamente che tale strada \u00e8 gi\u00e0 dichiarata illegittima. In caso di sanzioni, siano gli amministratori pubblici a pagare di tasca propria\u00bb.<\/em><\/p>\n<p><em>Intanto, i ricorsi presentati ai TAR da Enpa e dalle associazioni animaliste e ambientaliste stanno facendo il loro corso e stanno ottenendo gi\u00e0 alcune sospensive; ciononostante, il mondo politico locale continua a voler tornare indietro nel tempo, ad un mondo preistorico e barbaro &#8211; nemico degli animali &#8211; profondamente ignorante e spesso in malafede. <\/em><\/p>\n<p><em>Fortunatamente, ci sono speranze: il Ministero dell&#8217;Ambiente, anzitutto, che \u00e8 custode della Biodiversit\u00e0, ma anche la tanto bistrattata Europa con le sue Direttive, che impongono regole senza le quali si assisterebbe alla totale distruzione del nostro patrimonio faunistico&#8221;.<\/em><\/p>\n<p><img decoding=\"async\" loading=\"lazy\" class=\"alignnone size-full wp-image-143868\" src=\"https:\/\/www.leccecronaca.it\/wordpress\/wp-content\/uploads\/2018\/09\/caccia.jpg\" alt=\"\" width=\"626\" height=\"417\" srcset=\"https:\/\/www.leccecronaca.it\/wordpress\/wp-content\/uploads\/2018\/09\/caccia.jpg 626w, https:\/\/www.leccecronaca.it\/wordpress\/wp-content\/uploads\/2018\/09\/caccia-300x200.jpg 300w\" sizes=\"(max-width: 626px) 100vw, 626px\" \/><\/p>\n<p>Ieri a Firenze c&#8217;\u00e8 stata una manifestazione nazionale dalla Lega Anti Vivisezione, cui hanno partecipato tante altre associazioni a tutela dei nostri amici animali, e molti singoli cittadini.<\/p>\n<p>Nell&#8217; occasione il responsabile della Lav Massimo Vitturi ha dichiarato:<em> &#8220;Dopo anni di silenzio \u00e8 ora che in Italia si torni a parlare della caccia e di tutte le sue vittime.<\/em><\/p>\n<p><em>Per questo motivo gi\u00e0 nel 2017 abbiamo avviato una campagna per fare comprendere a tutti che la caccia non \u00e8 uno sport, ma una guerra. <\/em><\/p>\n<p><em>Che noi vogliamo fermare per sempre. Abbiamo manifestato e raccolto oltre 50.000 firme per la petizione che ne chiede l&#8217;abolizione e che abbiamo depositato al Senato e alla Camera\u00bb.<\/em><\/p>\n<p><em>Ma non ci fermiamo qui: vogliamo attuare un cambiamento concreto che metta per sempre la parola fine ad un passatempo sanguinario ed anacronistico: per raggiungere questo obiettivo abbiamo appena terminato la stesura di una proposta di legge per la sua abolizione, che sar\u00e0 sottoposta all&#8217;attenzione del Parlamento&#8221;.<\/em><\/p>\n<fb:like href='https:\/\/www.leccecronaca.it\/index.php\/2018\/09\/16\/non-e-uno-sport-ma-una-guerra-si-e-una-inutile-crudelta-un-crimine-contro-madre-natura-l-ente-nazionale-protezione-animali-chiama-alla-mobilitazione-e-ieri-la-lega-anti-vivisezione-i\/' send='true' layout='button_count' show_faces='true' width='450' height='65' action='recommend' colorscheme='light' font='lucida grande'><\/fb:like><span class=\"fb_share\"><fb:like href=\"https:\/\/www.leccecronaca.it\/index.php\/2018\/09\/16\/non-e-uno-sport-ma-una-guerra-si-e-una-inutile-crudelta-un-crimine-contro-madre-natura-l-ente-nazionale-protezione-animali-chiama-alla-mobilitazione-e-ieri-la-lega-anti-vivisezione-i\/\" layout=\"button_count\"><\/fb:like><\/span>","protected":false},"excerpt":{"rendered":"<p>(g.p.)______L&#8217; ente nazionale protezione animali ha diffuso il seguente comunicato: Domenica 16 settembre in tutte le regioni si apre ufficialmente la stagione venatoria, che, in realt\u00e0, grazie al &#8220;regalo&#8221; di amministrazioni compiacenti e legate alla vecchia politica, \u00e8 iniziata con le preaperture del 1\u00b0 settembre. Preaperture che sono gi\u00e0\u00a0state segnate da numerosi &#8220;incidenti&#8221; di caccia [&hellip;]<\/p>\n","protected":false},"author":4,"featured_media":143867,"comment_status":"open","ping_status":"closed","sticky":false,"template":"","format":"standard","meta":[],"categories":[1,69,31],"tags":[],"_links":{"self":[{"href":"https:\/\/www.leccecronaca.it\/index.php\/wp-json\/wp\/v2\/posts\/143866"}],"collection":[{"href":"https:\/\/www.leccecronaca.it\/index.php\/wp-json\/wp\/v2\/posts"}],"about":[{"href":"https:\/\/www.leccecronaca.it\/index.php\/wp-json\/wp\/v2\/types\/post"}],"author":[{"embeddable":true,"href":"https:\/\/www.leccecronaca.it\/index.php\/wp-json\/wp\/v2\/users\/4"}],"replies":[{"embeddable":true,"href":"https:\/\/www.leccecronaca.it\/index.php\/wp-json\/wp\/v2\/comments?post=143866"}],"version-history":[{"count":4,"href":"https:\/\/www.leccecronaca.it\/index.php\/wp-json\/wp\/v2\/posts\/143866\/revisions"}],"predecessor-version":[{"id":143872,"href":"https:\/\/www.leccecronaca.it\/index.php\/wp-json\/wp\/v2\/posts\/143866\/revisions\/143872"}],"wp:featuredmedia":[{"embeddable":true,"href":"https:\/\/www.leccecronaca.it\/index.php\/wp-json\/wp\/v2\/media\/143867"}],"wp:attachment":[{"href":"https:\/\/www.leccecronaca.it\/index.php\/wp-json\/wp\/v2\/media?parent=143866"}],"wp:term":[{"taxonomy":"category","embeddable":true,"href":"https:\/\/www.leccecronaca.it\/index.php\/wp-json\/wp\/v2\/categories?post=143866"},{"taxonomy":"post_tag","embeddable":true,"href":"https:\/\/www.leccecronaca.it\/index.php\/wp-json\/wp\/v2\/tags?post=143866"}],"curies":[{"name":"wp","href":"https:\/\/api.w.org\/{rel}","templated":true}]}}