{"id":144099,"date":"2018-09-20T00:04:22","date_gmt":"2018-09-19T22:04:22","guid":{"rendered":"http:\/\/www.leccecronaca.it\/?p=144099"},"modified":"2018-09-20T15:40:53","modified_gmt":"2018-09-20T13:40:53","slug":"dattoma-e-del-muscio-lecce-venerdi-21","status":"publish","type":"post","link":"https:\/\/www.leccecronaca.it\/index.php\/2018\/09\/20\/dattoma-e-del-muscio-lecce-venerdi-21\/","title":{"rendered":"D&#8217;ATTOMA E DEL MUSCIO A LECCE VENERDI&#8217; 21"},"content":{"rendered":"<p><img decoding=\"async\" loading=\"lazy\" class=\"alignnone size-full wp-image-144100\" src=\"https:\/\/www.leccecronaca.it\/wordpress\/wp-content\/uploads\/2018\/09\/cover-attoma.jpg\" alt=\"\" width=\"756\" height=\"756\" srcset=\"https:\/\/www.leccecronaca.it\/wordpress\/wp-content\/uploads\/2018\/09\/cover-attoma.jpg 756w, https:\/\/www.leccecronaca.it\/wordpress\/wp-content\/uploads\/2018\/09\/cover-attoma-300x300.jpg 300w, https:\/\/www.leccecronaca.it\/wordpress\/wp-content\/uploads\/2018\/09\/cover-attoma-150x150.jpg 150w, https:\/\/www.leccecronaca.it\/wordpress\/wp-content\/uploads\/2018\/09\/cover-attoma-60x60.jpg 60w\" sizes=\"(max-width: 756px) 100vw, 756px\" \/>Mav______Venerd\u00ec 21 settembre 2018, alle 18.30, a Lecce, ai giardini del Bar Astoria, in Piazza Italia, \u00e8 &#8220;Il &#8220;tempo di un caff\u00e8&#8221;- gli incontri organizzati dalle edizioni iQdB &#8211; con\u00a0 l\u2019ebook dal titolo <em><strong>TransumanzaLuoghi<\/strong> di<\/em> <strong>Pasquale D&#8217;Attoma <\/strong>e <strong>Arturo Del Muscio<\/strong>, per Ebook Kindle su Amazon.<\/p>\n<p>Introdurr\u00e0 la serata Grazia Piscopo, presidente Associazione Horah. Interverranno, insieme agli autori, l\u2019editore Stefano Donno e la giornalista ed editor Emanuela Boccassini<\/p>\n<p>TransumanzaLuoghi \u00e8 racconto vero, viaggio storico e antropologico nell\u2019essenza della regione, percorso fra le suggestioni della cultura popolare dotta, mise en \u00e9space sull\u2019importanza della ricerca della felicit\u00e0 e dell\u2019essere felice. Le immagini di Arturo Del Muscio e la prosa poetica di Pasquale D\u2019Attoma sono il concreto strumentario di una guida emozionale nei luoghi della transumanza.<\/p>\n<p><a href=\"https:\/\/www.amazon.it\/TransumanzaLuoghi-Pasquale-DAttoma-Arturo-Muscio-ebook\/dp\/B07H6YXG13\/ref=sr_1_1?s=digital-text&amp;ie=UTF8&amp;qid=1537264162&amp;sr=1-1&amp;keywords=transumanzaluoghi\">https:\/\/www.amazon.it\/TransumanzaLuoghi-Pasquale-DAttoma-Arturo-Muscio-ebook\/dp\/B07H6YXG13\/ref=sr_1_1?s=digital-text&amp;ie=UTF8&amp;qid=1537264162&amp;sr=1-1&amp;keywords=transumanzaluoghi<\/a><\/p>\n<p>&nbsp;<\/p>\n<fb:like href='https:\/\/www.leccecronaca.it\/index.php\/2018\/09\/20\/dattoma-e-del-muscio-lecce-venerdi-21\/' send='true' layout='button_count' show_faces='true' width='450' height='65' action='recommend' colorscheme='light' font='lucida grande'><\/fb:like><span class=\"fb_share\"><fb:like href=\"https:\/\/www.leccecronaca.it\/index.php\/2018\/09\/20\/dattoma-e-del-muscio-lecce-venerdi-21\/\" layout=\"button_count\"><\/fb:like><\/span>","protected":false},"excerpt":{"rendered":"<p>Mav______Venerd\u00ec 21 settembre 2018, alle 18.30, a Lecce, ai giardini del Bar Astoria, in Piazza Italia, \u00e8 &#8220;Il &#8220;tempo di un caff\u00e8&#8221;- gli incontri organizzati dalle edizioni iQdB &#8211; con\u00a0 l\u2019ebook dal titolo TransumanzaLuoghi di Pasquale D&#8217;Attoma e Arturo Del Muscio, per Ebook Kindle su Amazon. Introdurr\u00e0 la serata Grazia Piscopo, presidente Associazione Horah. Interverranno, [&hellip;]<\/p>\n","protected":false},"author":4,"featured_media":144100,"comment_status":"open","ping_status":"closed","sticky":false,"template":"","format":"standard","meta":[],"categories":[31,75],"tags":[],"_links":{"self":[{"href":"https:\/\/www.leccecronaca.it\/index.php\/wp-json\/wp\/v2\/posts\/144099"}],"collection":[{"href":"https:\/\/www.leccecronaca.it\/index.php\/wp-json\/wp\/v2\/posts"}],"about":[{"href":"https:\/\/www.leccecronaca.it\/index.php\/wp-json\/wp\/v2\/types\/post"}],"author":[{"embeddable":true,"href":"https:\/\/www.leccecronaca.it\/index.php\/wp-json\/wp\/v2\/users\/4"}],"replies":[{"embeddable":true,"href":"https:\/\/www.leccecronaca.it\/index.php\/wp-json\/wp\/v2\/comments?post=144099"}],"version-history":[{"count":2,"href":"https:\/\/www.leccecronaca.it\/index.php\/wp-json\/wp\/v2\/posts\/144099\/revisions"}],"predecessor-version":[{"id":144166,"href":"https:\/\/www.leccecronaca.it\/index.php\/wp-json\/wp\/v2\/posts\/144099\/revisions\/144166"}],"wp:featuredmedia":[{"embeddable":true,"href":"https:\/\/www.leccecronaca.it\/index.php\/wp-json\/wp\/v2\/media\/144100"}],"wp:attachment":[{"href":"https:\/\/www.leccecronaca.it\/index.php\/wp-json\/wp\/v2\/media?parent=144099"}],"wp:term":[{"taxonomy":"category","embeddable":true,"href":"https:\/\/www.leccecronaca.it\/index.php\/wp-json\/wp\/v2\/categories?post=144099"},{"taxonomy":"post_tag","embeddable":true,"href":"https:\/\/www.leccecronaca.it\/index.php\/wp-json\/wp\/v2\/tags?post=144099"}],"curies":[{"name":"wp","href":"https:\/\/api.w.org\/{rel}","templated":true}]}}