{"id":144373,"date":"2018-09-24T14:55:08","date_gmt":"2018-09-24T12:55:08","guid":{"rendered":"http:\/\/www.leccecronaca.it\/?p=144373"},"modified":"2018-09-24T14:55:08","modified_gmt":"2018-09-24T12:55:08","slug":"non-si-e-suicidato-e-stato-ucciso","status":"publish","type":"post","link":"https:\/\/www.leccecronaca.it\/index.php\/2018\/09\/24\/non-si-e-suicidato-e-stato-ucciso\/","title":{"rendered":"&#8220;Non si \u00e8 suicidato, \u00e8 stato ucciso&#8221;"},"content":{"rendered":"<p><img decoding=\"async\" loading=\"lazy\" class=\"alignnone size-full wp-image-144374\" src=\"https:\/\/www.leccecronaca.it\/wordpress\/wp-content\/uploads\/2018\/09\/IC-1.jpg\" alt=\"\" width=\"960\" height=\"541\" srcset=\"https:\/\/www.leccecronaca.it\/wordpress\/wp-content\/uploads\/2018\/09\/IC-1.jpg 960w, https:\/\/www.leccecronaca.it\/wordpress\/wp-content\/uploads\/2018\/09\/IC-1-300x169.jpg 300w, https:\/\/www.leccecronaca.it\/wordpress\/wp-content\/uploads\/2018\/09\/IC-1-768x433.jpg 768w\" sizes=\"(max-width: 960px) 100vw, 960px\" \/>(e.l.)______Ivan Ciullo non \u00e8 morto impiccato, bens\u00ec \u00e8 stato strangolato da qualcuno, che poi ha inscenato la simulazione di un suicidio.<\/p>\n<p>Sono queste le conclusioni del perito di parte, il criminologo forense Roberto Lazzari, su incarico dei genitori della vittima, consegnate alla Procura della Repubblica di Lecce dal legale della famiglia, Francesca Conte.<\/p>\n<p>Nel documento, vengono anche evidenziate &#8220;lacune investigative e negligenze operative&#8221;.<\/p>\n<p>Il gip di Lecce Vincenzo Brancato sta decidendo in questi giorni sulla seconda richiesta di archiviazione del caso presentata dalla Procura di Lecce alla quale si sono opposti i genitori.______<\/p>\n<p>LA RICERCA nei nostri articoli del 20 giugno e del 3 settembre scorsi<\/p>\n<blockquote class=\"wp-embedded-content\" data-secret=\"5ywBNiBGo5\"><p><a href=\"https:\/\/www.leccecronaca.it\/index.php\/2018\/06\/20\/e-ancora-mistero-sulla-tragica-morte-di-ivan\/\">E&#8217; ANCORA MISTERO SULLA TRAGICA MORTE DI IVAN<\/a><\/p><\/blockquote>\n<p><iframe class=\"wp-embedded-content\" sandbox=\"allow-scripts\" security=\"restricted\" style=\"position: absolute; clip: rect(1px, 1px, 1px, 1px);\" src=\"https:\/\/www.leccecronaca.it\/index.php\/2018\/06\/20\/e-ancora-mistero-sulla-tragica-morte-di-ivan\/embed\/#?secret=5ywBNiBGo5\" data-secret=\"5ywBNiBGo5\" width=\"500\" height=\"282\" title=\"&#8220;E&#8217; ANCORA MISTERO SULLA TRAGICA MORTE DI IVAN&#8221; &#8212; LecceCronaca.it\" frameborder=\"0\" marginwidth=\"0\" marginheight=\"0\" scrolling=\"no\"><\/iframe><\/p>\n<blockquote class=\"wp-embedded-content\" data-secret=\"KGFfoFyspb\"><p><a href=\"https:\/\/www.leccecronaca.it\/index.php\/2018\/09\/03\/si-infittisce-il-mistero-sul-suicidio-di-ivan-ciullo\/\">SI INFITTISCE IL MISTERO SUL &#8220;SUICIDIO&#8221; DI IVAN CIULLO<\/a><\/p><\/blockquote>\n<p><iframe class=\"wp-embedded-content\" sandbox=\"allow-scripts\" security=\"restricted\" style=\"position: absolute; clip: rect(1px, 1px, 1px, 1px);\" src=\"https:\/\/www.leccecronaca.it\/index.php\/2018\/09\/03\/si-infittisce-il-mistero-sul-suicidio-di-ivan-ciullo\/embed\/#?secret=KGFfoFyspb\" data-secret=\"KGFfoFyspb\" width=\"500\" height=\"282\" title=\"&#8220;SI INFITTISCE IL MISTERO SUL &#8220;SUICIDIO&#8221; DI IVAN CIULLO&#8221; &#8212; LecceCronaca.it\" frameborder=\"0\" marginwidth=\"0\" marginheight=\"0\" scrolling=\"no\"><\/iframe><\/p>\n<fb:like href='https:\/\/www.leccecronaca.it\/index.php\/2018\/09\/24\/non-si-e-suicidato-e-stato-ucciso\/' send='true' layout='button_count' show_faces='true' width='450' height='65' action='recommend' colorscheme='light' font='lucida grande'><\/fb:like><span class=\"fb_share\"><fb:like href=\"https:\/\/www.leccecronaca.it\/index.php\/2018\/09\/24\/non-si-e-suicidato-e-stato-ucciso\/\" layout=\"button_count\"><\/fb:like><\/span>","protected":false},"excerpt":{"rendered":"<p>(e.l.)______Ivan Ciullo non \u00e8 morto impiccato, bens\u00ec \u00e8 stato strangolato da qualcuno, che poi ha inscenato la simulazione di un suicidio. Sono queste le conclusioni del perito di parte, il criminologo forense Roberto Lazzari, su incarico dei genitori della vittima, consegnate alla Procura della Repubblica di Lecce dal legale della famiglia, Francesca Conte. Nel documento, [&hellip;]<\/p>\n","protected":false},"author":4,"featured_media":144374,"comment_status":"open","ping_status":"closed","sticky":false,"template":"","format":"standard","meta":[],"categories":[69],"tags":[],"_links":{"self":[{"href":"https:\/\/www.leccecronaca.it\/index.php\/wp-json\/wp\/v2\/posts\/144373"}],"collection":[{"href":"https:\/\/www.leccecronaca.it\/index.php\/wp-json\/wp\/v2\/posts"}],"about":[{"href":"https:\/\/www.leccecronaca.it\/index.php\/wp-json\/wp\/v2\/types\/post"}],"author":[{"embeddable":true,"href":"https:\/\/www.leccecronaca.it\/index.php\/wp-json\/wp\/v2\/users\/4"}],"replies":[{"embeddable":true,"href":"https:\/\/www.leccecronaca.it\/index.php\/wp-json\/wp\/v2\/comments?post=144373"}],"version-history":[{"count":1,"href":"https:\/\/www.leccecronaca.it\/index.php\/wp-json\/wp\/v2\/posts\/144373\/revisions"}],"predecessor-version":[{"id":144375,"href":"https:\/\/www.leccecronaca.it\/index.php\/wp-json\/wp\/v2\/posts\/144373\/revisions\/144375"}],"wp:featuredmedia":[{"embeddable":true,"href":"https:\/\/www.leccecronaca.it\/index.php\/wp-json\/wp\/v2\/media\/144374"}],"wp:attachment":[{"href":"https:\/\/www.leccecronaca.it\/index.php\/wp-json\/wp\/v2\/media?parent=144373"}],"wp:term":[{"taxonomy":"category","embeddable":true,"href":"https:\/\/www.leccecronaca.it\/index.php\/wp-json\/wp\/v2\/categories?post=144373"},{"taxonomy":"post_tag","embeddable":true,"href":"https:\/\/www.leccecronaca.it\/index.php\/wp-json\/wp\/v2\/tags?post=144373"}],"curies":[{"name":"wp","href":"https:\/\/api.w.org\/{rel}","templated":true}]}}