{"id":144383,"date":"2018-09-24T18:55:22","date_gmt":"2018-09-24T16:55:22","guid":{"rendered":"http:\/\/www.leccecronaca.it\/?p=144383"},"modified":"2018-09-24T19:25:16","modified_gmt":"2018-09-24T17:25:16","slug":"ai-tre-parlamentari-del-m5s-che-oggi-hanno-presentato-un-esposto-alla-mgistratura-bisogna-ricordare-che-sono-loro-al-governo-intanto-la-multinazionale-del-mafiodotto-lancia-un-avvertimento-preventivo","status":"publish","type":"post","link":"https:\/\/www.leccecronaca.it\/index.php\/2018\/09\/24\/ai-tre-parlamentari-del-m5s-che-oggi-hanno-presentato-un-esposto-alla-mgistratura-bisogna-ricordare-che-sono-loro-al-governo-intanto-la-multinazionale-del-mafiodotto-lancia-un-avvertimento-preventivo\/","title":{"rendered":"AI TRE PARLAMENTARI DEL M5S CHE OGGI HANNO PRESENTATO UN ESPOSTO ALLA MAGISTRATURA BISOGNA RICORDARE CHE SONO LORO AL GOVERNO. INTANTO LA MULTINAZIONALE DEL MAFIODOTTO LANCIA UN AVVERTIMENTO PREVENTIVO: &#8220;Non esiste un piano B&#8221;"},"content":{"rendered":"<p><img decoding=\"async\" loading=\"lazy\" class=\"alignnone size-full wp-image-144384\" src=\"https:\/\/www.leccecronaca.it\/wordpress\/wp-content\/uploads\/2018\/09\/sb6.jpg\" alt=\"\" width=\"600\" height=\"337\" srcset=\"https:\/\/www.leccecronaca.it\/wordpress\/wp-content\/uploads\/2018\/09\/sb6.jpg 600w, https:\/\/www.leccecronaca.it\/wordpress\/wp-content\/uploads\/2018\/09\/sb6-300x169.jpg 300w\" sizes=\"(max-width: 600px) 100vw, 600px\" \/><img decoding=\"async\" loading=\"lazy\" class=\"alignnone size-full wp-image-144392\" src=\"https:\/\/www.leccecronaca.it\/wordpress\/wp-content\/uploads\/2018\/09\/sb6-1.jpg\" alt=\"\" width=\"600\" height=\"337\" srcset=\"https:\/\/www.leccecronaca.it\/wordpress\/wp-content\/uploads\/2018\/09\/sb6-1.jpg 600w, https:\/\/www.leccecronaca.it\/wordpress\/wp-content\/uploads\/2018\/09\/sb6-1-300x169.jpg 300w\" sizes=\"(max-width: 600px) 100vw, 600px\" \/><\/p>\n<p>di <strong>Giuseppe Puppo______<\/strong><\/p>\n<p>Il senatore Lello Ciampolillo, 46 anni, di Bari, al suo secondo mandato, l&#8217; on. Sara Cunial, 39 anni, di Bassano del Grappa, e il senatore Saverio De Bonis, 54 anni, di Irsina, neo eletti, tutti del Movimento 5 Stelle, hanno diffuso la seguente nota:<\/p>\n<p><em>&#8220;Sulla base della mancata ottemperanza di varie prescrizioni poste a base dei relativi decreti attuativi, questa mattina, assistiti dall&#8217;avvocato Gaetano Filograno, abbiamo presentato alla Procura di Lecce una richiesta di sequestro del gasdotto Tap e in particolare dell&#8217;area interessata alla realizzazione del micro tunnel, sottolineando al contempo la scarsa chiarezza della procedura amministrativa.<\/em><\/p>\n<p><em>L&#8217;urgenza dell&#8217;iniziativa \u00e8 legata all&#8217;imminente ripresa dei lavori, come comunicato con nota del 21 settembre dalla stessa Tap. Alla luce di tutto ci\u00f2 abbiamo deciso di procedere con un&#8217;azione legale. Essere a conoscenza di questi fatti e rimanere inermi avrebbe significato, infatti, non solo tradire il nostro mandato elettorale, ma disattendere totalmente al nostro dovere di parlamentari della Repubblica Italiana&#8221;.<\/em><\/p>\n<p>Ben vengano iniziative come questa, \u00e8 il commento di leccecronaca.it, del resto non nuove e, sempre del resto, che solo insiste, in quanto all&#8217; attenzione della Procura della Repubblica di Lecce ci sono gi\u00e0 altri esposti, e indagini in corso.<\/p>\n<p>Quello che colpisce, di questa prima notizia di giornata, sul fronte caldo dell&#8217; autunno caldissimo del gasdotto Tap, nelle doverose riflessioni serali sono due ordini di ragionamenti.<\/p>\n<p>Perch\u00e9 non \u00e8 firmata dai parlamentari salentini, di cui risparmiamo il lungo elenco, fra vecchi e nuovi?<\/p>\n<p>Si tratta di un&#8217;iniziativa estemporanea, per non dire propagandistica, e basta?<\/p>\n<p>Che bisogno c&#8217;era &#8211; e ripetiamo: comunque sia la benvenuta, se non altro perch\u00e9 tiene viva l&#8217;attenzione &#8211; di farla firmare da esponenti pentastellati del Veneto, della terra di Bari e della provincia di Matera?<br \/>\nE i &#8220;nostri&#8221;?<\/p>\n<p>Ma poi, e soprattutto: quello che abbiamo sentito pi\u00f9 volte dire dai magistrati in questi anni \u00e8 che la faccenda del gasdotto \u00e8 una questione politica, non una questione giudiziaria.<\/p>\n<p>La politica non pu\u00f2 delegare alla magistratura di risolvere quello che le compete.<\/p>\n<p>I magistrati fanno il loro mestiere, su questo, come su tutto, ma questa \u00e8 una faccenda POLITICA e non giudiziaria, non tecnica-amministrativa.<\/p>\n<p>Il M5S &#8211; toh, hanno bisogno che glielo si ricordi &#8211; \u00e8 al governo, cio\u00e8 pu\u00f2 decidere: hanno la presidenza del consiglio dei ministri, la vicepresidenza del consiglio dei ministri e il ministero allo sviluppo economico, il ministero all&#8217; ambiente e il ministero alla salute.<\/p>\n<p>Insomma, il gasdotto avrebbero potuto &#8211; e tuttora possono, ove lo volessero davvero, invece di perdersi su inutili tavoli di valutazione costi-benefici di cui non si ha riscontro, n\u00e9 degli oggetti di valutazione, n\u00e9 del &#8216;tavolo&#8217; stesso- bloccarlo &#8220;in quindici giorni&#8221;, come promise qualcuno, a nome di tutti, in campagna elettorale e per cui fecero il botto di voti&#8230;<\/p>\n<p>&nbsp;<\/p>\n<p>E veniamo alla seconda riflessione di serata sulla seconda notizia di giornata.<\/p>\n<p>Oggi il managing director di Tap AG, Luca Schieppati, parlando a Milano nel corso dell\u2019energy summit organizzato da 24 Ore eventi, ha dichiarato:<\/p>\n<p><em>\u201cNon credo che esistano piani B, il Tap \u00e8 stato progettato secondo rigorosi criteri di autorizzazione che hanno certificato che il nostro approdo minimizza e annulla gli impatti economici e ambientali, riteniamo che questa sia la soluzione.<\/em><\/p>\n<p><em>Siamo all\u201980% del progetto complessivo in Grecia, Albania e Italia. In particolare, in Grecia e Albania siamo al 99% della pista. In Italia abbiamo sterrato il pozzo di spinta e abbiamo messo a dimora 650 ulivi che saranno reimpiantati esattamente dov\u2019erano.<\/em><\/p>\n<p><em>Abbiamo fatto la pausa estiva volontaria per non dare impatti sul turismo e siamo pronti a realizzare il micro tunnel, un\u2019opera molto semplice. La nostra volont\u00e0, nel pieno rispetto del dialogo, \u00e8 di proseguire\u201d.<\/em><\/p>\n<p>In codice, \u00e8 la risposta della multinazionale alle voci che continuano a circolare, senza aver trovato nessuna verifica attendibile, non sappiamo da chi e perch\u00e9 messe in giro, secondo cui l&#8217; elefante del\u00a0 famoso tavolo di valutazione alla fine partorirebbe il topolino di chiedere, gentilmente, ci mancherebbe altro, alla Tap, di spostare solo l&#8217; approdo di San Foca (nella foto), in cambio del beneplacito a finire l&#8217; opera.<\/p>\n<p>L&#8217; altro elefante oggi ha&#8230;che verso fanno gli elefanti? Ah, barrire. Ecco, oggi dall&#8217; Azerbaigian, a Milano, fino a Roma e al Salento, l&#8217; altro elefante della Tap ha mandato un barrito potentissimo, che assomiglia a un diktat.______<\/p>\n<p>LA RICERCA nella nostra vignetta del 14 agosto scorso<\/p>\n<blockquote class=\"wp-embedded-content\" data-secret=\"YV02tWB7ab\"><p><a href=\"https:\/\/www.leccecronaca.it\/index.php\/2018\/08\/14\/si-tap-noi-tap-ne-tap-serve-una-toppa\/\">SI&#8217; TAP&#8230; NO TAP&#8230; ORA SERVE UNA TOPPA &#8211; la vignetta di Melcore<\/a><\/p><\/blockquote>\n<p><iframe class=\"wp-embedded-content\" sandbox=\"allow-scripts\" security=\"restricted\" style=\"position: absolute; clip: rect(1px, 1px, 1px, 1px);\" src=\"https:\/\/www.leccecronaca.it\/index.php\/2018\/08\/14\/si-tap-noi-tap-ne-tap-serve-una-toppa\/embed\/#?secret=YV02tWB7ab\" data-secret=\"YV02tWB7ab\" width=\"500\" height=\"282\" title=\"&#8220;SI&#8217; TAP&#8230; NO TAP&#8230; ORA SERVE UNA TOPPA &#8211; la vignetta di Melcore&#8221; &#8212; LecceCronaca.it\" frameborder=\"0\" marginwidth=\"0\" marginheight=\"0\" scrolling=\"no\"><\/iframe><\/p>\n<p>&nbsp;<\/p>\n<fb:like href='https:\/\/www.leccecronaca.it\/index.php\/2018\/09\/24\/ai-tre-parlamentari-del-m5s-che-oggi-hanno-presentato-un-esposto-alla-mgistratura-bisogna-ricordare-che-sono-loro-al-governo-intanto-la-multinazionale-del-mafiodotto-lancia-un-avvertimento-preventivo\/' send='true' layout='button_count' show_faces='true' width='450' height='65' action='recommend' colorscheme='light' font='lucida grande'><\/fb:like><span class=\"fb_share\"><fb:like href=\"https:\/\/www.leccecronaca.it\/index.php\/2018\/09\/24\/ai-tre-parlamentari-del-m5s-che-oggi-hanno-presentato-un-esposto-alla-mgistratura-bisogna-ricordare-che-sono-loro-al-governo-intanto-la-multinazionale-del-mafiodotto-lancia-un-avvertimento-preventivo\/\" layout=\"button_count\"><\/fb:like><\/span>","protected":false},"excerpt":{"rendered":"<p>di Giuseppe Puppo______ Il senatore Lello Ciampolillo, 46 anni, di Bari, al suo secondo mandato, l&#8217; on. Sara Cunial, 39 anni, di Bassano del Grappa, e il senatore Saverio De Bonis, 54 anni, di Irsina, neo eletti, tutti del Movimento 5 Stelle, hanno diffuso la seguente nota: &#8220;Sulla base della mancata ottemperanza di varie prescrizioni [&hellip;]<\/p>\n","protected":false},"author":4,"featured_media":144384,"comment_status":"open","ping_status":"closed","sticky":false,"template":"","format":"standard","meta":[],"categories":[69,76],"tags":[],"_links":{"self":[{"href":"https:\/\/www.leccecronaca.it\/index.php\/wp-json\/wp\/v2\/posts\/144383"}],"collection":[{"href":"https:\/\/www.leccecronaca.it\/index.php\/wp-json\/wp\/v2\/posts"}],"about":[{"href":"https:\/\/www.leccecronaca.it\/index.php\/wp-json\/wp\/v2\/types\/post"}],"author":[{"embeddable":true,"href":"https:\/\/www.leccecronaca.it\/index.php\/wp-json\/wp\/v2\/users\/4"}],"replies":[{"embeddable":true,"href":"https:\/\/www.leccecronaca.it\/index.php\/wp-json\/wp\/v2\/comments?post=144383"}],"version-history":[{"count":10,"href":"https:\/\/www.leccecronaca.it\/index.php\/wp-json\/wp\/v2\/posts\/144383\/revisions"}],"predecessor-version":[{"id":144395,"href":"https:\/\/www.leccecronaca.it\/index.php\/wp-json\/wp\/v2\/posts\/144383\/revisions\/144395"}],"wp:featuredmedia":[{"embeddable":true,"href":"https:\/\/www.leccecronaca.it\/index.php\/wp-json\/wp\/v2\/media\/144384"}],"wp:attachment":[{"href":"https:\/\/www.leccecronaca.it\/index.php\/wp-json\/wp\/v2\/media?parent=144383"}],"wp:term":[{"taxonomy":"category","embeddable":true,"href":"https:\/\/www.leccecronaca.it\/index.php\/wp-json\/wp\/v2\/categories?post=144383"},{"taxonomy":"post_tag","embeddable":true,"href":"https:\/\/www.leccecronaca.it\/index.php\/wp-json\/wp\/v2\/tags?post=144383"}],"curies":[{"name":"wp","href":"https:\/\/api.w.org\/{rel}","templated":true}]}}