{"id":144571,"date":"2018-09-28T18:28:20","date_gmt":"2018-09-28T16:28:20","guid":{"rendered":"http:\/\/www.leccecronaca.it\/?p=144571"},"modified":"2018-09-28T18:32:25","modified_gmt":"2018-09-28T16:32:25","slug":"dove-la-vittoria","status":"publish","type":"post","link":"https:\/\/www.leccecronaca.it\/index.php\/2018\/09\/28\/dove-la-vittoria\/","title":{"rendered":"DOV&#8217;E&#8217; LA VITTORIA?"},"content":{"rendered":"<p><img decoding=\"async\" loading=\"lazy\" class=\"alignnone size-full wp-image-144572\" src=\"https:\/\/www.leccecronaca.it\/wordpress\/wp-content\/uploads\/2018\/09\/di-maio-m5s-1063624.jpg\" alt=\"\" width=\"1228\" height=\"650\" srcset=\"https:\/\/www.leccecronaca.it\/wordpress\/wp-content\/uploads\/2018\/09\/di-maio-m5s-1063624.jpg 1228w, https:\/\/www.leccecronaca.it\/wordpress\/wp-content\/uploads\/2018\/09\/di-maio-m5s-1063624-300x159.jpg 300w, https:\/\/www.leccecronaca.it\/wordpress\/wp-content\/uploads\/2018\/09\/di-maio-m5s-1063624-1024x542.jpg 1024w, https:\/\/www.leccecronaca.it\/wordpress\/wp-content\/uploads\/2018\/09\/di-maio-m5s-1063624-768x407.jpg 768w\" sizes=\"(max-width: 1228px) 100vw, 1228px\" \/>di <strong>Giuseppe Puppo_<\/strong>_____<\/p>\n<p>Un flash mob popolare, nella notte, sotto il balcone di Palazzo Chigi. Niente a che fare con quello storico, vicino solo geograficamente,\u00a0 di piazza Venezia. Popolare? Ma no, sono un centinaio, malgrado le trionfalistiche immagini dei tg (poi, continuano a lamentarsi di come son trattati in televisione), parlamentari e giannizzeri del partito unico totalitario che omaggiano il loro capo Luigi Di Maio che li ha fatti eleggere, e ora pare consenta loro di restare sugli scranni delle due aule.<\/p>\n<p><img decoding=\"async\" loading=\"lazy\" class=\"alignnone size-full wp-image-144573\" src=\"https:\/\/www.leccecronaca.it\/wordpress\/wp-content\/uploads\/2018\/09\/di-maio-1.jpg\" alt=\"\" width=\"960\" height=\"841\" srcset=\"https:\/\/www.leccecronaca.it\/wordpress\/wp-content\/uploads\/2018\/09\/di-maio-1.jpg 960w, https:\/\/www.leccecronaca.it\/wordpress\/wp-content\/uploads\/2018\/09\/di-maio-1-300x263.jpg 300w, https:\/\/www.leccecronaca.it\/wordpress\/wp-content\/uploads\/2018\/09\/di-maio-1-768x673.jpg 768w\" sizes=\"(max-width: 960px) 100vw, 960px\" \/><\/p>\n<p>Notte storica? Ma dai&#8230;Bisogna andarci piano, con le parole. Le parole sono importanti, a volte pesano come macigni e a volte ricadono e schiacciano chi le usa con inopportuna leggerezza, con troppa disinvoltura.<\/p>\n<p>Fine della povert\u00e0? Felicit\u00e0?<\/p>\n<p>Utopie, pi\u00f9 che fatti, al momento.<\/p>\n<p>Vinto il braccio di ferro con il loro &#8216;collega&#8217; imposto dal presidente della Repubblica, e dal presidente della Repubblica convinto a restare, Luigi Di Maio si gode un altro quarto d&#8217;ora di celebrit\u00e0, finalmente tutto suo, assapora il trionfo, e perde il senso della misura.<\/p>\n<p>Salvini non c&#8217;\u00e8, opportunamente gli ha lasciato la scena.<\/p>\n<p>Stiamo ai fatti.<\/p>\n<p>Aveva detto che per il reddito di cittadinanza le coperture c&#8217; erano.<\/p>\n<p>Beh, non ci sono, abbiamo scoperto in questi giorni.<\/p>\n<p>Per farlo, hanno dovuto programmare ulteriore deficit statale.<\/p>\n<p>Come tutti gli altri predecessori.<\/p>\n<p>Per farlo, un momento, perch\u00e9 ancora non si sa come e quando sar\u00e0.<\/p>\n<p>Per ora si sa solo dei centri per l&#8217; impiego, cio\u00e8 burocrazia su burocrazia, che assorbiranno miliardi, per dare in cambio cosa nessuno l&#8217;ha capito<\/p>\n<p>L&#8217; altro, Salvini, pure aveva detto che c&#8217; erano le coperture per, sia pur in parte, alleggerire le misure restrittive della Fornero, e consentire a qualcuno, ancora non si sa chi e quanti, di andare in pensione. Non ci sono uguale, idem come sopra.<\/p>\n<p>Tiriamo avanti, tirare dritto, a chi il deficit?<\/p>\n<p>&nbsp;<\/p>\n<p>Invece di studiare a monte, in quei famosi e lunghi giorni di tavolo congiunto, cosa fare concretamente, per smettere di vendere sogni, e cominciare a vendere, come direbbe qualcuno, solide realt\u00e0, non hanno saputo far altro che decidere di continuare a indebitarsi.<\/p>\n<p>Un popolo indebitato fa il gioco degli usurai internazionali.<\/p>\n<p>Un popolo che non vuole indebitarsi fa rabbia agli usurai.<\/p>\n<p>Ce lo daranno, ce lo daranno, il nuovo debito. Un altro giro del cappio al collo, che possono decidere di stringere quando far\u00e0 pi\u00f9 agio ai propri interessi.<\/p>\n<p>Intanto cos\u00ec tengono buono il popolo esasperato, grazie a questi.<\/p>\n<p>A una situazione estrema, si risponde con una situazione estrema: la ridiscussione del debito, la riappropriazione della sovranit\u00e0 monetaria, il primato della politica.<\/p>\n<p>Non si vanno a chiedere altri soldi ai padroni del mondo che ci tengono in pugno come Stato e come Nazione.<\/p>\n<p>Si tagliano gli sprechi, si eliminano le spese improduttive: quelle militari, per esempio.<br \/>\nNon si fa propaganda sul taglio dei vitalizi, solamente fumo negli occhi.<\/p>\n<p>Non si dice che c&#8217;\u00e8 un fondo per i truffati delle banche, che saranno rimborsati con soldi pubblici, mica quelli delle banche che hanno truffato. Cio\u00e8, fatemi capire: i ladri si tengono il bottino, e le vittime vengono risarcite con i soldi degli altri cittadini?<\/p>\n<p>E nel presunto aumento delle pensioni sociali, non c&#8217;\u00e8 traccia della misura che sarebbe pi\u00f9 urgente e pi\u00f9 dignitosa: dare qualcosa in pi\u00f9 e subito agli invalidi civili, costretti a vivere con 200\/300 euro al mese.<\/p>\n<p>Che, facciamo come Silvio Berlusconi? Mille euro di pensione minima per tutti?<br \/>\nChe, faremo rimpiangere gli 80 euro di Matteo Renzi?<\/p>\n<p>Tutto cos\u00ec, e potremmo continuare a lungo.<\/p>\n<p>Cos\u00ec il famigerato spread \u00e8 gi\u00e0 aumentato sensibilmente e in borsa \u00e8 orso.<\/p>\n<p>&#8220;I mercati capiranno quando conosceranno la manovra&#8221;, ha casalineggiato questo pomeriggio il sedicente avvocato del popolo Giuseppe Conte &#8220;e lo spread scender\u00e0&#8221;.<\/p>\n<p>&nbsp;<\/p>\n<p>Ce ne freghiamo, allora?<br \/>\nCe ne potremo fregare solamente se fossimo nelle condizioni di potercene fregare, se avessimo almeno avviato segnali di profonda revisione dell&#8217; intero sistema economico finanziario.<\/p>\n<p>Cos\u00ec, non possiamo pregarcene: se continui a restare seduto a quel tavolo, invece di alzarti e rovesciarlo, se hai chiesto solo altre fiche per fare qualche altra apertura, o qualche altro bluff.<\/p>\n<p>&nbsp;<\/p>\n<p>&nbsp;<\/p>\n<p>&nbsp;<\/p>\n<p>&nbsp;<\/p>\n<p>&nbsp;<\/p>\n<p>&nbsp;<\/p>\n<p>&nbsp;<\/p>\n<fb:like href='https:\/\/www.leccecronaca.it\/index.php\/2018\/09\/28\/dove-la-vittoria\/' send='true' layout='button_count' show_faces='true' width='450' height='65' action='recommend' colorscheme='light' font='lucida grande'><\/fb:like><span class=\"fb_share\"><fb:like href=\"https:\/\/www.leccecronaca.it\/index.php\/2018\/09\/28\/dove-la-vittoria\/\" layout=\"button_count\"><\/fb:like><\/span>","protected":false},"excerpt":{"rendered":"<p>di Giuseppe Puppo______ Un flash mob popolare, nella notte, sotto il balcone di Palazzo Chigi. Niente a che fare con quello storico, vicino solo geograficamente,\u00a0 di piazza Venezia. Popolare? Ma no, sono un centinaio, malgrado le trionfalistiche immagini dei tg (poi, continuano a lamentarsi di come son trattati in televisione), parlamentari e giannizzeri del partito [&hellip;]<\/p>\n","protected":false},"author":4,"featured_media":144572,"comment_status":"open","ping_status":"closed","sticky":false,"template":"","format":"standard","meta":[],"categories":[69,76],"tags":[],"_links":{"self":[{"href":"https:\/\/www.leccecronaca.it\/index.php\/wp-json\/wp\/v2\/posts\/144571"}],"collection":[{"href":"https:\/\/www.leccecronaca.it\/index.php\/wp-json\/wp\/v2\/posts"}],"about":[{"href":"https:\/\/www.leccecronaca.it\/index.php\/wp-json\/wp\/v2\/types\/post"}],"author":[{"embeddable":true,"href":"https:\/\/www.leccecronaca.it\/index.php\/wp-json\/wp\/v2\/users\/4"}],"replies":[{"embeddable":true,"href":"https:\/\/www.leccecronaca.it\/index.php\/wp-json\/wp\/v2\/comments?post=144571"}],"version-history":[{"count":2,"href":"https:\/\/www.leccecronaca.it\/index.php\/wp-json\/wp\/v2\/posts\/144571\/revisions"}],"predecessor-version":[{"id":144575,"href":"https:\/\/www.leccecronaca.it\/index.php\/wp-json\/wp\/v2\/posts\/144571\/revisions\/144575"}],"wp:featuredmedia":[{"embeddable":true,"href":"https:\/\/www.leccecronaca.it\/index.php\/wp-json\/wp\/v2\/media\/144572"}],"wp:attachment":[{"href":"https:\/\/www.leccecronaca.it\/index.php\/wp-json\/wp\/v2\/media?parent=144571"}],"wp:term":[{"taxonomy":"category","embeddable":true,"href":"https:\/\/www.leccecronaca.it\/index.php\/wp-json\/wp\/v2\/categories?post=144571"},{"taxonomy":"post_tag","embeddable":true,"href":"https:\/\/www.leccecronaca.it\/index.php\/wp-json\/wp\/v2\/tags?post=144571"}],"curies":[{"name":"wp","href":"https:\/\/api.w.org\/{rel}","templated":true}]}}