{"id":144662,"date":"2018-09-30T18:20:49","date_gmt":"2018-09-30T16:20:49","guid":{"rendered":"http:\/\/www.leccecronaca.it\/?p=144662"},"modified":"2018-09-30T18:21:24","modified_gmt":"2018-09-30T16:21:24","slug":"144662","status":"publish","type":"post","link":"https:\/\/www.leccecronaca.it\/index.php\/2018\/09\/30\/144662\/","title":{"rendered":"IL PD IN PIAZZA DEL POPOLO CONTRO I &#8216;POPULISTI&#8217;"},"content":{"rendered":"<p><img decoding=\"async\" loading=\"lazy\" class=\"alignnone size-full wp-image-144663\" src=\"https:\/\/www.leccecronaca.it\/wordpress\/wp-content\/uploads\/2018\/09\/pd.jpg\" alt=\"\" width=\"960\" height=\"640\" srcset=\"https:\/\/www.leccecronaca.it\/wordpress\/wp-content\/uploads\/2018\/09\/pd.jpg 960w, https:\/\/www.leccecronaca.it\/wordpress\/wp-content\/uploads\/2018\/09\/pd-300x200.jpg 300w, https:\/\/www.leccecronaca.it\/wordpress\/wp-content\/uploads\/2018\/09\/pd-768x512.jpg 768w\" sizes=\"(max-width: 960px) 100vw, 960px\" \/>(g.p.)______In continuo profondo rosso nei consensi, dalla batosta elettorale del 4 marzo che ha avviato la decrescita infelice, alle intenzioni di voto dei sondaggi fino a oggi, il Pd prova a reagire.<\/p>\n<p>Oggi \u00e8 sceso in piazza contro i governo &#8220;populista&#8221; in piazza del Popolo a Roma (nella foto).<\/p>\n<p>Convocati da tutta Italia, erano in 70.00 secondo i loro tifosi, 50.00 secondo altri, manca la valutazione della Questura, che di solito in casi simili diminuisce di molto la stima degli organizzatori.<\/p>\n<p>In ogni caso, non erano i quattro gatti che gli avversari avevano pronosticato.<\/p>\n<p>&nbsp;<\/p>\n<p>Ecco le frasi pi\u00f9 significative pronunciate dal segretario Maurizio Martina nel suo intervento:<\/p>\n<p>&#8220;<em>Serve un nuovo Pd per una nuova sinistra. A\u00a0qualcuno piacciono i balconi, a noi piace la piazza aperta e di tutti&#8230;<\/em><\/p>\n<p><em>Ditemi se un paese come l&#8217;Italia pu\u00f2 essere governato dal balcone di Palazzo Chigi con la claque dei 5 stelle sotto. Una scena tristissima da Repubblica delle banane.<\/em><\/p>\n<p><em>Non pronuncer\u00f2 una parola sull&#8217;unit\u00e0 perch\u00e9 quando sei dirigente ci sono cose che non devi dire agli altri ma devi praticarle. <\/em><\/p>\n<p><em>A noi serve una svolta, perch\u00e9 contro questa destra non basta quello che siamo stati finora.<\/em><\/p>\n<p><em>Da questa piazza io voglio dire a tanti elettori del centrosinistra che il 4 marzo non ci hanno votato: abbiamo capito. Adesso, per\u00f2, ci date una mano perch\u00e9 l&#8217;Italia non pu\u00f2 andare a sbattere per colpa di questi che governano in modo folle. <\/em><\/p>\n<p><em>Abbiamo capito la lezione, voltiamo pagina, guardiamo avanti. <\/em><\/p>\n<p><em>L&#8217;antidoto a tutto questo siete voi. Avete dato una lezione a tutti noi. <\/em><\/p>\n<p><em>Questa e la piazza del risveglio democratico, \u00e8 la piazza della speranza, del cambiamento, della fiducia, dell&#8217;orgoglio, del futuro.<\/em><\/p>\n<p><em>Di Maio, Salvini non tiene un paese se viene governato dall&#8217;odio, da ministri che passano il loro tempo a insultare. A proposito di assassini politici, vergognatevi. In un paese che ha vissuto il dramma di riformisti uccisi. Andate a rileggervi la storia. <\/em><\/p>\n<p><em>Noi combatteremo in parlamento e fuori del parlamento. Se avete a cuore la sicurezza e la democrazia dimostrate di voler combattere la xenofobia e il razzismo. Altro che andare a cena con qualche organizzazione che andrebbe chiusa. Noi siamo figli della Resistenza e non ce lo dimentichiamo.<\/em><\/p>\n<p><em>A proposito di giustizia: Salvini, restituisci i 49 milioni sottratti ai cittadini.<\/em><\/p>\n<p><em>Il M5s ha assecondato l&#8217;inciucio sulla Rai tra Berlusconi e Salvini.\u00a0 Di Maio ha fatto il cameriere ad Arcore: ha sigillato il nuovo contratto tra Berlusconi e Salvini&#8221;.<\/em><\/p>\n<p>&nbsp;<\/p>\n<fb:like href='https:\/\/www.leccecronaca.it\/index.php\/2018\/09\/30\/144662\/' send='true' layout='button_count' show_faces='true' width='450' height='65' action='recommend' colorscheme='light' font='lucida grande'><\/fb:like><span class=\"fb_share\"><fb:like href=\"https:\/\/www.leccecronaca.it\/index.php\/2018\/09\/30\/144662\/\" layout=\"button_count\"><\/fb:like><\/span>","protected":false},"excerpt":{"rendered":"<p>(g.p.)______In continuo profondo rosso nei consensi, dalla batosta elettorale del 4 marzo che ha avviato la decrescita infelice, alle intenzioni di voto dei sondaggi fino a oggi, il Pd prova a reagire. Oggi \u00e8 sceso in piazza contro i governo &#8220;populista&#8221; in piazza del Popolo a Roma (nella foto). Convocati da tutta Italia, erano in [&hellip;]<\/p>\n","protected":false},"author":4,"featured_media":144663,"comment_status":"open","ping_status":"closed","sticky":false,"template":"","format":"standard","meta":[],"categories":[69,76],"tags":[],"_links":{"self":[{"href":"https:\/\/www.leccecronaca.it\/index.php\/wp-json\/wp\/v2\/posts\/144662"}],"collection":[{"href":"https:\/\/www.leccecronaca.it\/index.php\/wp-json\/wp\/v2\/posts"}],"about":[{"href":"https:\/\/www.leccecronaca.it\/index.php\/wp-json\/wp\/v2\/types\/post"}],"author":[{"embeddable":true,"href":"https:\/\/www.leccecronaca.it\/index.php\/wp-json\/wp\/v2\/users\/4"}],"replies":[{"embeddable":true,"href":"https:\/\/www.leccecronaca.it\/index.php\/wp-json\/wp\/v2\/comments?post=144662"}],"version-history":[{"count":2,"href":"https:\/\/www.leccecronaca.it\/index.php\/wp-json\/wp\/v2\/posts\/144662\/revisions"}],"predecessor-version":[{"id":144665,"href":"https:\/\/www.leccecronaca.it\/index.php\/wp-json\/wp\/v2\/posts\/144662\/revisions\/144665"}],"wp:featuredmedia":[{"embeddable":true,"href":"https:\/\/www.leccecronaca.it\/index.php\/wp-json\/wp\/v2\/media\/144663"}],"wp:attachment":[{"href":"https:\/\/www.leccecronaca.it\/index.php\/wp-json\/wp\/v2\/media?parent=144662"}],"wp:term":[{"taxonomy":"category","embeddable":true,"href":"https:\/\/www.leccecronaca.it\/index.php\/wp-json\/wp\/v2\/categories?post=144662"},{"taxonomy":"post_tag","embeddable":true,"href":"https:\/\/www.leccecronaca.it\/index.php\/wp-json\/wp\/v2\/tags?post=144662"}],"curies":[{"name":"wp","href":"https:\/\/api.w.org\/{rel}","templated":true}]}}