{"id":144827,"date":"2018-10-04T00:02:24","date_gmt":"2018-10-03T22:02:24","guid":{"rendered":"http:\/\/www.leccecronaca.it\/?p=144827"},"modified":"2018-10-04T10:37:23","modified_gmt":"2018-10-04T08:37:23","slug":"il-romanzo-di-anna-nacci-a-lecce-venerdi-5","status":"publish","type":"post","link":"https:\/\/www.leccecronaca.it\/index.php\/2018\/10\/04\/il-romanzo-di-anna-nacci-a-lecce-venerdi-5\/","title":{"rendered":"IL ROMANZO DI ANNA NACCI A LECCE VENERDI&#8217; 5"},"content":{"rendered":"<p><img decoding=\"async\" loading=\"lazy\" class=\"alignnone wp-image-144828\" src=\"https:\/\/www.leccecronaca.it\/wordpress\/wp-content\/uploads\/2018\/10\/io.jpg\" alt=\"\" width=\"500\" height=\"333\" \/><\/p>\n<p>(m.m.)______<\/p>\n<p>Venerd\u00ec 5 ottobre, alle 19.30, a Lecce, in via Santa Maria del Paradiso 8, ci sar\u00e0 la presentazione del romanzo di Anna Nacci \u201cLa rosa madre\u201d, edito da Kimerik.<\/p>\n<p>Interviene Vincenzo Ampolo.<\/p>\n<p>\u00c8 la figura della madre ad essere il vero centro focale del libro. Sia Lisa che la sua counselor, le protagoniste del libro, sono alla ricerca di una \u201criconciliazione\u201d e iniziano un percorso ricco di simbolismo, a tratti psichedelico (e non a caso accompagnato dalle musiche dei Pink Floyd), per raggiungere questa figura femminile. Se la prima odia la madre, la seconda la ama ma \u00e8 costretta a convivere con l\u2019assenza provocata dal lutto. Assenze che diventano ossessive, che diventano tanto forti e percepibili da essere presenze.<\/p>\n<p>\u201cIl libro nasce nell\u2019inverno del 2016 \u2013 racconta in una intervista l\u2019autrice \u2013 grazie ai racconti di Lisa. Lei conservava dei preziosi sogni trascritti in un suo quaderno. Mi sembrava davvero doveroso oltre che affascinante dare risalto a quanto l\u2019inconscio di questa donna poteva esprimere, alla sua potenza, alla sua profondit\u00e0. Inoltre la psicologia junghiana ci insegna bene che quando gli inconsci entrano in comunicazione, si sviluppano fenomeni assolutamente meravigliosi. Quindi \u00e8 stato grazie a \u201cLisa\u201d che la fantasia, la creativit\u00e0 e il desiderio di un viaggio su pi\u00f9 livelli hanno preso forma. Leggendo i suoi sogni \u00e8 sorto dirompente il desiderio di creare attorno a loro una storia magica, un viaggio introspettivo che avesse i connotati di un\u2019alta spiritualit\u00e0, che potesse porre quesiti che ognuno di noi cerca di svelare, che possa offrire al lettore degli spunti di riflessione per meglio vivere con s\u00e9 e con gli altri\u201d.<\/p>\n<p>&nbsp;<\/p>\n<p>Anna Nacci \u00e8 nata a Ostuni. Musicista e sociologa, conduce ricerche in ambito socio-antropologico e musicale. Ha collaborato con Georges Lapassade. Appassionata di letteratura mitologica e psicoanalitica, con \u201cLa rosa madre\u201d \u00e8 alla sua ottava pubblicazione.<\/p>\n<p><img decoding=\"async\" loading=\"lazy\" class=\"alignnone size-full wp-image-144829\" src=\"https:\/\/www.leccecronaca.it\/wordpress\/wp-content\/uploads\/2018\/10\/La-copertina-del-libro-di-Anna-Nacci.jpg\" alt=\"\" width=\"476\" height=\"700\" srcset=\"https:\/\/www.leccecronaca.it\/wordpress\/wp-content\/uploads\/2018\/10\/La-copertina-del-libro-di-Anna-Nacci.jpg 476w, https:\/\/www.leccecronaca.it\/wordpress\/wp-content\/uploads\/2018\/10\/La-copertina-del-libro-di-Anna-Nacci-204x300.jpg 204w\" sizes=\"(max-width: 476px) 100vw, 476px\" \/><\/p>\n<p>&nbsp;<\/p>\n<fb:like href='https:\/\/www.leccecronaca.it\/index.php\/2018\/10\/04\/il-romanzo-di-anna-nacci-a-lecce-venerdi-5\/' send='true' layout='button_count' show_faces='true' width='450' height='65' action='recommend' colorscheme='light' font='lucida grande'><\/fb:like><span class=\"fb_share\"><fb:like href=\"https:\/\/www.leccecronaca.it\/index.php\/2018\/10\/04\/il-romanzo-di-anna-nacci-a-lecce-venerdi-5\/\" layout=\"button_count\"><\/fb:like><\/span>","protected":false},"excerpt":{"rendered":"<p>(m.m.)______ Venerd\u00ec 5 ottobre, alle 19.30, a Lecce, in via Santa Maria del Paradiso 8, ci sar\u00e0 la presentazione del romanzo di Anna Nacci \u201cLa rosa madre\u201d, edito da Kimerik. Interviene Vincenzo Ampolo. \u00c8 la figura della madre ad essere il vero centro focale del libro. Sia Lisa che la sua counselor, le protagoniste del [&hellip;]<\/p>\n","protected":false},"author":4,"featured_media":144828,"comment_status":"open","ping_status":"closed","sticky":false,"template":"","format":"standard","meta":[],"categories":[31,75,57],"tags":[],"_links":{"self":[{"href":"https:\/\/www.leccecronaca.it\/index.php\/wp-json\/wp\/v2\/posts\/144827"}],"collection":[{"href":"https:\/\/www.leccecronaca.it\/index.php\/wp-json\/wp\/v2\/posts"}],"about":[{"href":"https:\/\/www.leccecronaca.it\/index.php\/wp-json\/wp\/v2\/types\/post"}],"author":[{"embeddable":true,"href":"https:\/\/www.leccecronaca.it\/index.php\/wp-json\/wp\/v2\/users\/4"}],"replies":[{"embeddable":true,"href":"https:\/\/www.leccecronaca.it\/index.php\/wp-json\/wp\/v2\/comments?post=144827"}],"version-history":[{"count":1,"href":"https:\/\/www.leccecronaca.it\/index.php\/wp-json\/wp\/v2\/posts\/144827\/revisions"}],"predecessor-version":[{"id":144830,"href":"https:\/\/www.leccecronaca.it\/index.php\/wp-json\/wp\/v2\/posts\/144827\/revisions\/144830"}],"wp:featuredmedia":[{"embeddable":true,"href":"https:\/\/www.leccecronaca.it\/index.php\/wp-json\/wp\/v2\/media\/144828"}],"wp:attachment":[{"href":"https:\/\/www.leccecronaca.it\/index.php\/wp-json\/wp\/v2\/media?parent=144827"}],"wp:term":[{"taxonomy":"category","embeddable":true,"href":"https:\/\/www.leccecronaca.it\/index.php\/wp-json\/wp\/v2\/categories?post=144827"},{"taxonomy":"post_tag","embeddable":true,"href":"https:\/\/www.leccecronaca.it\/index.php\/wp-json\/wp\/v2\/tags?post=144827"}],"curies":[{"name":"wp","href":"https:\/\/api.w.org\/{rel}","templated":true}]}}