{"id":145231,"date":"2018-10-12T17:16:43","date_gmt":"2018-10-12T15:16:43","guid":{"rendered":"http:\/\/www.leccecronaca.it\/?p=145231"},"modified":"2018-10-12T17:33:09","modified_gmt":"2018-10-12T15:33:09","slug":"incidente-a-cavallino","status":"publish","type":"post","link":"https:\/\/www.leccecronaca.it\/index.php\/2018\/10\/12\/incidente-a-cavallino\/","title":{"rendered":"INCIDENTE STRADALE NEL CENTRO DI CAVALLINO"},"content":{"rendered":"<p><img decoding=\"async\" loading=\"lazy\" class=\"alignnone size-full wp-image-145232\" src=\"https:\/\/www.leccecronaca.it\/wordpress\/wp-content\/uploads\/2018\/10\/Schermata-2018-10-12-alle-17.08.13.png\" alt=\"\" width=\"1456\" height=\"2074\" srcset=\"https:\/\/www.leccecronaca.it\/wordpress\/wp-content\/uploads\/2018\/10\/Schermata-2018-10-12-alle-17.08.13.png 1456w, https:\/\/www.leccecronaca.it\/wordpress\/wp-content\/uploads\/2018\/10\/Schermata-2018-10-12-alle-17.08.13-211x300.png 211w, https:\/\/www.leccecronaca.it\/wordpress\/wp-content\/uploads\/2018\/10\/Schermata-2018-10-12-alle-17.08.13-719x1024.png 719w, https:\/\/www.leccecronaca.it\/wordpress\/wp-content\/uploads\/2018\/10\/Schermata-2018-10-12-alle-17.08.13-768x1094.png 768w, https:\/\/www.leccecronaca.it\/wordpress\/wp-content\/uploads\/2018\/10\/Schermata-2018-10-12-alle-17.08.13-1078x1536.png 1078w, https:\/\/www.leccecronaca.it\/wordpress\/wp-content\/uploads\/2018\/10\/Schermata-2018-10-12-alle-17.08.13-1438x2048.png 1438w\" sizes=\"(max-width: 1456px) 100vw, 1456px\" \/> <img decoding=\"async\" loading=\"lazy\" class=\"alignnone size-full wp-image-145233\" src=\"https:\/\/www.leccecronaca.it\/wordpress\/wp-content\/uploads\/2018\/10\/Schermata-2018-10-12-alle-17.08.21.png\" alt=\"\" width=\"1408\" height=\"2150\" srcset=\"https:\/\/www.leccecronaca.it\/wordpress\/wp-content\/uploads\/2018\/10\/Schermata-2018-10-12-alle-17.08.21.png 1408w, https:\/\/www.leccecronaca.it\/wordpress\/wp-content\/uploads\/2018\/10\/Schermata-2018-10-12-alle-17.08.21-196x300.png 196w, https:\/\/www.leccecronaca.it\/wordpress\/wp-content\/uploads\/2018\/10\/Schermata-2018-10-12-alle-17.08.21-671x1024.png 671w, https:\/\/www.leccecronaca.it\/wordpress\/wp-content\/uploads\/2018\/10\/Schermata-2018-10-12-alle-17.08.21-768x1173.png 768w, https:\/\/www.leccecronaca.it\/wordpress\/wp-content\/uploads\/2018\/10\/Schermata-2018-10-12-alle-17.08.21-1006x1536.png 1006w, https:\/\/www.leccecronaca.it\/wordpress\/wp-content\/uploads\/2018\/10\/Schermata-2018-10-12-alle-17.08.21-1341x2048.png 1341w\" sizes=\"(max-width: 1408px) 100vw, 1408px\" \/> <img decoding=\"async\" loading=\"lazy\" class=\"alignnone size-full wp-image-145234\" src=\"https:\/\/www.leccecronaca.it\/wordpress\/wp-content\/uploads\/2018\/10\/Schermata-2018-10-12-alle-17.08.29.png\" alt=\"\" width=\"1330\" height=\"2448\" srcset=\"https:\/\/www.leccecronaca.it\/wordpress\/wp-content\/uploads\/2018\/10\/Schermata-2018-10-12-alle-17.08.29.png 1330w, https:\/\/www.leccecronaca.it\/wordpress\/wp-content\/uploads\/2018\/10\/Schermata-2018-10-12-alle-17.08.29-163x300.png 163w, https:\/\/www.leccecronaca.it\/wordpress\/wp-content\/uploads\/2018\/10\/Schermata-2018-10-12-alle-17.08.29-556x1024.png 556w, https:\/\/www.leccecronaca.it\/wordpress\/wp-content\/uploads\/2018\/10\/Schermata-2018-10-12-alle-17.08.29-768x1414.png 768w, https:\/\/www.leccecronaca.it\/wordpress\/wp-content\/uploads\/2018\/10\/Schermata-2018-10-12-alle-17.08.29-835x1536.png 835w, https:\/\/www.leccecronaca.it\/wordpress\/wp-content\/uploads\/2018\/10\/Schermata-2018-10-12-alle-17.08.29-1113x2048.png 1113w\" sizes=\"(max-width: 1330px) 100vw, 1330px\" \/> <img decoding=\"async\" loading=\"lazy\" class=\"alignnone size-full wp-image-145235\" src=\"https:\/\/www.leccecronaca.it\/wordpress\/wp-content\/uploads\/2018\/10\/Schermata-2018-10-12-alle-17.08.51.png\" alt=\"\" width=\"1394\" height=\"1870\" srcset=\"https:\/\/www.leccecronaca.it\/wordpress\/wp-content\/uploads\/2018\/10\/Schermata-2018-10-12-alle-17.08.51.png 1394w, https:\/\/www.leccecronaca.it\/wordpress\/wp-content\/uploads\/2018\/10\/Schermata-2018-10-12-alle-17.08.51-224x300.png 224w, https:\/\/www.leccecronaca.it\/wordpress\/wp-content\/uploads\/2018\/10\/Schermata-2018-10-12-alle-17.08.51-763x1024.png 763w, https:\/\/www.leccecronaca.it\/wordpress\/wp-content\/uploads\/2018\/10\/Schermata-2018-10-12-alle-17.08.51-768x1030.png 768w, https:\/\/www.leccecronaca.it\/wordpress\/wp-content\/uploads\/2018\/10\/Schermata-2018-10-12-alle-17.08.51-1145x1536.png 1145w\" sizes=\"(max-width: 1394px) 100vw, 1394px\" \/><\/p>\n<p>(Rdl)______Incidente stradale questo pomeriggio nel centro di Cavallino. Un signora che aveva appena preso il figlio da scuola, transita in via Principe di Piemonte quando una Golf che probabilmente non si \u00e8 fermata allo stop l&#8217; ha presa in pieno. La sua auto, come si vede dalle foto, \u00e8 stata ribaltata. Al momento non \u00e8 dato di sapere quali siano le condizioni degli occupanti, trasportati in ospedale per gli accertamenti del caso.<\/p>\n<fb:like href='https:\/\/www.leccecronaca.it\/index.php\/2018\/10\/12\/incidente-a-cavallino\/' send='true' layout='button_count' show_faces='true' width='450' height='65' action='recommend' colorscheme='light' font='lucida grande'><\/fb:like><span class=\"fb_share\"><fb:like href=\"https:\/\/www.leccecronaca.it\/index.php\/2018\/10\/12\/incidente-a-cavallino\/\" layout=\"button_count\"><\/fb:like><\/span>","protected":false},"excerpt":{"rendered":"<p>(Rdl)______Incidente stradale questo pomeriggio nel centro di Cavallino. Un signora che aveva appena preso il figlio da scuola, transita in via Principe di Piemonte quando una Golf che probabilmente non si \u00e8 fermata allo stop l&#8217; ha presa in pieno. La sua auto, come si vede dalle foto, \u00e8 stata ribaltata. Al momento non \u00e8 [&hellip;]<\/p>\n","protected":false},"author":4,"featured_media":0,"comment_status":"open","ping_status":"closed","sticky":false,"template":"","format":"standard","meta":[],"categories":[69],"tags":[],"_links":{"self":[{"href":"https:\/\/www.leccecronaca.it\/index.php\/wp-json\/wp\/v2\/posts\/145231"}],"collection":[{"href":"https:\/\/www.leccecronaca.it\/index.php\/wp-json\/wp\/v2\/posts"}],"about":[{"href":"https:\/\/www.leccecronaca.it\/index.php\/wp-json\/wp\/v2\/types\/post"}],"author":[{"embeddable":true,"href":"https:\/\/www.leccecronaca.it\/index.php\/wp-json\/wp\/v2\/users\/4"}],"replies":[{"embeddable":true,"href":"https:\/\/www.leccecronaca.it\/index.php\/wp-json\/wp\/v2\/comments?post=145231"}],"version-history":[{"count":3,"href":"https:\/\/www.leccecronaca.it\/index.php\/wp-json\/wp\/v2\/posts\/145231\/revisions"}],"predecessor-version":[{"id":145243,"href":"https:\/\/www.leccecronaca.it\/index.php\/wp-json\/wp\/v2\/posts\/145231\/revisions\/145243"}],"wp:attachment":[{"href":"https:\/\/www.leccecronaca.it\/index.php\/wp-json\/wp\/v2\/media?parent=145231"}],"wp:term":[{"taxonomy":"category","embeddable":true,"href":"https:\/\/www.leccecronaca.it\/index.php\/wp-json\/wp\/v2\/categories?post=145231"},{"taxonomy":"post_tag","embeddable":true,"href":"https:\/\/www.leccecronaca.it\/index.php\/wp-json\/wp\/v2\/tags?post=145231"}],"curies":[{"name":"wp","href":"https:\/\/api.w.org\/{rel}","templated":true}]}}