{"id":145402,"date":"2018-10-17T00:02:13","date_gmt":"2018-10-16T22:02:13","guid":{"rendered":"http:\/\/www.leccecronaca.it\/?p=145402"},"modified":"2018-10-16T16:15:02","modified_gmt":"2018-10-16T14:15:02","slug":"libri-la-vita-col-padre-di-emanuele-codacci-pisanelli-a-lecce-giovedi-18","status":"publish","type":"post","link":"https:\/\/www.leccecronaca.it\/index.php\/2018\/10\/17\/libri-la-vita-col-padre-di-emanuele-codacci-pisanelli-a-lecce-giovedi-18\/","title":{"rendered":"LIBRI \/ LA VITA COL PADRE STATISTA DI EMANUELE CODACCI PISANELLI A LECCE GIOVEDI&#8217; 18"},"content":{"rendered":"<p><img decoding=\"async\" loading=\"lazy\" class=\"alignnone size-full wp-image-145403\" src=\"https:\/\/www.leccecronaca.it\/wordpress\/wp-content\/uploads\/2018\/10\/gcp.jpg\" alt=\"\" width=\"281\" height=\"300\" \/><\/p>\n<p>Mav______Le opere e i giorni, il pensiero e l&#8217; azione, la straordinaria capacit\u00e0 di mediazione, l&#8217; attivit\u00e0 di governo e gli incontri con i capi di Stato pi\u00f9 potenti negli scenari internazionali degli anni Cinquanta e Sessanta, dello statista salentino Giuseppe Codacci Pisanelli (nella foto), morto a 75 anni nel 1988, raccontati dal figlio Emanuele, sulla scorta di appunti e confidenze inedite.<\/p>\n<p>Il libro si intitola &#8220;Ahim\u00e8 parlo il francese&#8221;, \u00e8 stato edito da Manni (192 pagg., 16 euro) e sar\u00e0 presentato gioved\u00ec 18 ottobre, alle 18.30, a Lecce, alla libreria Feltrinelli di via Templari.<\/p>\n<p>Dialoga con l&#8217; autore\u00a0Wojtek Pankiewicz, gi\u00e0 docente di Diritto Pubblico presso l\u2019Universit\u00e0 del Salento, grande amico e collaboratore dello statista.<\/p>\n<p><img decoding=\"async\" loading=\"lazy\" class=\"alignnone size-medium wp-image-145404\" src=\"https:\/\/www.leccecronaca.it\/wordpress\/wp-content\/uploads\/2018\/10\/Copertina-del-libro-212x300.jpg\" alt=\"\" width=\"212\" height=\"300\" srcset=\"https:\/\/www.leccecronaca.it\/wordpress\/wp-content\/uploads\/2018\/10\/Copertina-del-libro-212x300.jpg 212w, https:\/\/www.leccecronaca.it\/wordpress\/wp-content\/uploads\/2018\/10\/Copertina-del-libro.jpg 495w\" sizes=\"(max-width: 212px) 100vw, 212px\" \/><\/p>\n<fb:like href='https:\/\/www.leccecronaca.it\/index.php\/2018\/10\/17\/libri-la-vita-col-padre-di-emanuele-codacci-pisanelli-a-lecce-giovedi-18\/' send='true' layout='button_count' show_faces='true' width='450' height='65' action='recommend' colorscheme='light' font='lucida grande'><\/fb:like><span class=\"fb_share\"><fb:like href=\"https:\/\/www.leccecronaca.it\/index.php\/2018\/10\/17\/libri-la-vita-col-padre-di-emanuele-codacci-pisanelli-a-lecce-giovedi-18\/\" layout=\"button_count\"><\/fb:like><\/span>","protected":false},"excerpt":{"rendered":"<p>Mav______Le opere e i giorni, il pensiero e l&#8217; azione, la straordinaria capacit\u00e0 di mediazione, l&#8217; attivit\u00e0 di governo e gli incontri con i capi di Stato pi\u00f9 potenti negli scenari internazionali degli anni Cinquanta e Sessanta, dello statista salentino Giuseppe Codacci Pisanelli (nella foto), morto a 75 anni nel 1988, raccontati dal figlio Emanuele, [&hellip;]<\/p>\n","protected":false},"author":4,"featured_media":0,"comment_status":"open","ping_status":"closed","sticky":false,"template":"","format":"standard","meta":[],"categories":[69,31,57,76],"tags":[],"_links":{"self":[{"href":"https:\/\/www.leccecronaca.it\/index.php\/wp-json\/wp\/v2\/posts\/145402"}],"collection":[{"href":"https:\/\/www.leccecronaca.it\/index.php\/wp-json\/wp\/v2\/posts"}],"about":[{"href":"https:\/\/www.leccecronaca.it\/index.php\/wp-json\/wp\/v2\/types\/post"}],"author":[{"embeddable":true,"href":"https:\/\/www.leccecronaca.it\/index.php\/wp-json\/wp\/v2\/users\/4"}],"replies":[{"embeddable":true,"href":"https:\/\/www.leccecronaca.it\/index.php\/wp-json\/wp\/v2\/comments?post=145402"}],"version-history":[{"count":2,"href":"https:\/\/www.leccecronaca.it\/index.php\/wp-json\/wp\/v2\/posts\/145402\/revisions"}],"predecessor-version":[{"id":145410,"href":"https:\/\/www.leccecronaca.it\/index.php\/wp-json\/wp\/v2\/posts\/145402\/revisions\/145410"}],"wp:attachment":[{"href":"https:\/\/www.leccecronaca.it\/index.php\/wp-json\/wp\/v2\/media?parent=145402"}],"wp:term":[{"taxonomy":"category","embeddable":true,"href":"https:\/\/www.leccecronaca.it\/index.php\/wp-json\/wp\/v2\/categories?post=145402"},{"taxonomy":"post_tag","embeddable":true,"href":"https:\/\/www.leccecronaca.it\/index.php\/wp-json\/wp\/v2\/tags?post=145402"}],"curies":[{"name":"wp","href":"https:\/\/api.w.org\/{rel}","templated":true}]}}