{"id":145577,"date":"2018-10-20T00:06:02","date_gmt":"2018-10-19T22:06:02","guid":{"rendered":"http:\/\/www.leccecronaca.it\/?p=145577"},"modified":"2018-10-20T15:25:49","modified_gmt":"2018-10-20T13:25:49","slug":"sulla-pista-la-conca-di-borgagne-le-auto-da-sogno-del-team-nervoso-a-leccecronaca-it-domenico-foti-racconta-di-un-hobby-diventato-lavoro-e-poi-fattosi-azienda","status":"publish","type":"post","link":"https:\/\/www.leccecronaca.it\/index.php\/2018\/10\/20\/sulla-pista-la-conca-di-borgagne-le-auto-da-sogno-del-team-nervoso-a-leccecronaca-it-domenico-foti-racconta-di-un-hobby-diventato-lavoro-e-poi-fattosi-azienda\/","title":{"rendered":"A BORGAGNE LE AUTO DA SOGNO DEL \u201cTEAM NERVOSO\u201d. A leccecronaca.it DOMENICO FOTI RACCONTA DI UN HOBBY DIVENTATO LAVORO E POI FATTOSI AZIENDA"},"content":{"rendered":"<p>&nbsp;<\/p>\n<p><img decoding=\"async\" loading=\"lazy\" class=\"alignnone size-full wp-image-145584\" src=\"https:\/\/www.leccecronaca.it\/wordpress\/wp-content\/uploads\/2018\/10\/1-Foti.jpg\" alt=\"\" width=\"1080\" height=\"810\" srcset=\"https:\/\/www.leccecronaca.it\/wordpress\/wp-content\/uploads\/2018\/10\/1-Foti.jpg 1080w, https:\/\/www.leccecronaca.it\/wordpress\/wp-content\/uploads\/2018\/10\/1-Foti-300x225.jpg 300w, https:\/\/www.leccecronaca.it\/wordpress\/wp-content\/uploads\/2018\/10\/1-Foti-1024x768.jpg 1024w, https:\/\/www.leccecronaca.it\/wordpress\/wp-content\/uploads\/2018\/10\/1-Foti-768x576.jpg 768w, https:\/\/www.leccecronaca.it\/wordpress\/wp-content\/uploads\/2018\/10\/1-Foti-400x300.jpg 400w\" sizes=\"(max-width: 1080px) 100vw, 1080px\" \/>di <strong>Carlo Infante______<\/strong><\/p>\n<p>Conosciamo <strong>Domenico Foti<\/strong> (a sinistra, nella foto) da tempo ma, pur sapendo che fa l\u2019imprenditore, abbiamo chiesto di intervistarlo, per conoscere meglio la sua un\u2019impresa sui generis che, tra l\u2019altro, si impegna nel sociale.<\/p>\n<p>&nbsp;<\/p>\n<p>D.) Si vuole presentare?<\/p>\n<p>R.)\u00a0<em>Certo, ho 42 anni e ne ho vissuti venticinque ad Albenga (in Liguria); da tre anni sono tornato in patria, a Borgagne (frazione di Melendugno).\u00a0<\/em><\/p>\n<p><img decoding=\"async\" loading=\"lazy\" class=\"alignnone size-full wp-image-145583\" src=\"https:\/\/www.leccecronaca.it\/wordpress\/wp-content\/uploads\/2018\/10\/2-Nervoso.jpg\" alt=\"\" width=\"963\" height=\"607\" srcset=\"https:\/\/www.leccecronaca.it\/wordpress\/wp-content\/uploads\/2018\/10\/2-Nervoso.jpg 963w, https:\/\/www.leccecronaca.it\/wordpress\/wp-content\/uploads\/2018\/10\/2-Nervoso-300x189.jpg 300w, https:\/\/www.leccecronaca.it\/wordpress\/wp-content\/uploads\/2018\/10\/2-Nervoso-768x484.jpg 768w\" sizes=\"(max-width: 963px) 100vw, 963px\" \/><\/p>\n<p>&nbsp;<\/p>\n<p>D.) Ci pu\u00f2 parlare del \u201cTeam Nervoso\u201d?<\/p>\n<p>R.)\u00a0<em>Il \u201cTeam Nervoso\u201d nacque, nel 2003, dal mio soprannome in moto. Tutti ne avevamo uno, il mio era \u201cNervoso\u201d, per la mia guida poco calma. <\/em><\/p>\n<p><em>Nella vita ho praticato solo sport pericolosi! Incidenti tantissimi, succede se sfidi sempre la sorte. In pista ma, soprattutto, su strada. Dopo l\u2019ultimo, che mi fece stare su una sedia a rotelle per ben un anno, decisi di dedicarmi solo alle quattro ruote, coltivando la mia passione per le auto cinematografiche. <\/em><\/p>\n<p><em>Iniziai comprando una vecchia Fiat 500 e, dopo svariati mesi, diventai fiduciario del pi\u00f9 grande club di modello al mondo, il \u201cFiat 500 Club Italia\u201d. <\/em><\/p>\n<p>U<em>n amico e collega stuntman mi fece avere una replica dell\u2019automobile \u201cGeneral Lee\u201d (del famoso telefilm statunitense \u201cHazzard\u201d), la restaurai e da l\u00ec cominciai (per amici, o per chi la richiedeva perch\u00e9 sapeva che ne ero in possesso) a presenziare a qualche matrimonio. Cominci\u00f2 a diventare un secondo lavoro, e ne presi atto replicando altre auto. <\/em><\/p>\n<p><em>A oggi son quasi quindici anni che svolgo questo hobby diventato lavoro. Siamo un\u2019azienda e, oltre al General Lee, abbiamo Kitt del telefilm \u201cSupercar\u201d, la Toretto\u2019s Car dei film \u201cFast &amp; Furious\u201d ed altre automobili. Creiamo eventi, manifestazioni, serate a tema Anni Ottanta (nelle piazze o in locali), presenziamo a matrimoni e compleanni. <\/em><\/p>\n<p><em>Per chi giunge da lontano, abbiamo un resort di famiglia e creiamo pacchetti week-end, o settimanali, con le auto. Una maniera diversa per far visitare la nostra terra \u2013 il meraviglioso Salento \u2013 a bordo dell\u2019auto dei sogni. <\/em><\/p>\n<p><em>Abbiamo anche il sosia di The Stig, il famoso pilota automobilistico, vestito di bianco, dello spettacolo televisivo britannico \u201cTop Gear\u201d (trasmesso, in Italia, dal canale DMAX).<\/em><\/p>\n<p><img decoding=\"async\" loading=\"lazy\" class=\"alignnone size-full wp-image-145585\" src=\"https:\/\/www.leccecronaca.it\/wordpress\/wp-content\/uploads\/2018\/10\/3-Nervoso.jpg\" alt=\"\" width=\"960\" height=\"573\" srcset=\"https:\/\/www.leccecronaca.it\/wordpress\/wp-content\/uploads\/2018\/10\/3-Nervoso.jpg 960w, https:\/\/www.leccecronaca.it\/wordpress\/wp-content\/uploads\/2018\/10\/3-Nervoso-300x179.jpg 300w, https:\/\/www.leccecronaca.it\/wordpress\/wp-content\/uploads\/2018\/10\/3-Nervoso-768x458.jpg 768w\" sizes=\"(max-width: 960px) 100vw, 960px\" \/><\/p>\n<p>&nbsp;<\/p>\n<p>D.) Ci pu\u00f2 parlare del \u201cToretto\u2019s Garage\u201d?<\/p>\n<p>R.)\u00a0<em>Il \u201cToretto\u2019s Garage\u201d \u00e8 nato anch\u2019esso per gioco. E\u2019 il nostro garage, dove teniamo a puntino le nostre auto e ne elaboriamo anche altre. Nome nato perch\u00e9 dicono che assomiglio al famoso attore statunitense Vin Diesel (che nei film \u201cFast and Furious\u201d si chiama Toretto di cognome, ma Dominic di nome, praticamente come me&#8230;).<\/em><\/p>\n<p>&nbsp;<\/p>\n<p>D.) Lavorate anche per il cinema e la televisione, giusto?<\/p>\n<p>R.)\u00a0Certo, tra le varie comparse e lavori in tv, stiamo realizzando un film che uscir\u00e0 a gennaio, ma non posso anticipare altro. Per\u00f2 \u2013 specie a chi non ci conosce \u2013 vorrei segnalare le nostre pagine Facebook (\u201cKitt e il Generale per ogni tuo evento speciale\u201d, \u201cToretto\u2019s Garage\u201d e \u201cStig &#8211; Top Gear\u201d) ed il nostro canale Youtube (\u201cteamnervoso\u201d).<\/p>\n<p>&nbsp;<\/p>\n<p>D.) Ci vuole parlare del prossimo evento?<\/p>\n<p>R.)\u00a0D<em>omani domenica 21 ottobre, la felicit\u00e0 torner\u00e0 in pista! Replicheremo \u2013 a distanza di un anno \u2013 \u201cMotorTerapia\u201d, una giornata memorabile, dedicata interamente ai bambini e ragazzi speciali diversamente abili. Dalle ore 9,30 alle 15, avranno modo di trascorrerla sulla griglia di partenza della pista pi\u00f9 affascinante del Salento, &#8220;La Conca&#8221; di Muro Leccese. <\/em><\/p>\n<p><em>Saliranno a bordo di Kitt, auto da rally, auto storiche, sidecar, moto e quad, per vivere un giro emozionante in pista. Un evento molto richiesto dal territorio, ne siamo orgogliosi e aspettiamo tantissimi giovani!<\/em><\/p>\n<p>&nbsp;<\/p>\n<fb:like href='https:\/\/www.leccecronaca.it\/index.php\/2018\/10\/20\/sulla-pista-la-conca-di-borgagne-le-auto-da-sogno-del-team-nervoso-a-leccecronaca-it-domenico-foti-racconta-di-un-hobby-diventato-lavoro-e-poi-fattosi-azienda\/' send='true' layout='button_count' show_faces='true' width='450' height='65' action='recommend' colorscheme='light' font='lucida grande'><\/fb:like><span class=\"fb_share\"><fb:like href=\"https:\/\/www.leccecronaca.it\/index.php\/2018\/10\/20\/sulla-pista-la-conca-di-borgagne-le-auto-da-sogno-del-team-nervoso-a-leccecronaca-it-domenico-foti-racconta-di-un-hobby-diventato-lavoro-e-poi-fattosi-azienda\/\" layout=\"button_count\"><\/fb:like><\/span>","protected":false},"excerpt":{"rendered":"<p>&nbsp; di Carlo Infante______ Conosciamo Domenico Foti (a sinistra, nella foto) da tempo ma, pur sapendo che fa l\u2019imprenditore, abbiamo chiesto di intervistarlo, per conoscere meglio la sua un\u2019impresa sui generis che, tra l\u2019altro, si impegna nel sociale. &nbsp; D.) Si vuole presentare? R.)\u00a0Certo, ho 42 anni e ne ho vissuti venticinque ad Albenga (in [&hellip;]<\/p>\n","protected":false},"author":4,"featured_media":145584,"comment_status":"open","ping_status":"closed","sticky":false,"template":"","format":"standard","meta":[],"categories":[1,69,75],"tags":[],"_links":{"self":[{"href":"https:\/\/www.leccecronaca.it\/index.php\/wp-json\/wp\/v2\/posts\/145577"}],"collection":[{"href":"https:\/\/www.leccecronaca.it\/index.php\/wp-json\/wp\/v2\/posts"}],"about":[{"href":"https:\/\/www.leccecronaca.it\/index.php\/wp-json\/wp\/v2\/types\/post"}],"author":[{"embeddable":true,"href":"https:\/\/www.leccecronaca.it\/index.php\/wp-json\/wp\/v2\/users\/4"}],"replies":[{"embeddable":true,"href":"https:\/\/www.leccecronaca.it\/index.php\/wp-json\/wp\/v2\/comments?post=145577"}],"version-history":[{"count":4,"href":"https:\/\/www.leccecronaca.it\/index.php\/wp-json\/wp\/v2\/posts\/145577\/revisions"}],"predecessor-version":[{"id":145634,"href":"https:\/\/www.leccecronaca.it\/index.php\/wp-json\/wp\/v2\/posts\/145577\/revisions\/145634"}],"wp:featuredmedia":[{"embeddable":true,"href":"https:\/\/www.leccecronaca.it\/index.php\/wp-json\/wp\/v2\/media\/145584"}],"wp:attachment":[{"href":"https:\/\/www.leccecronaca.it\/index.php\/wp-json\/wp\/v2\/media?parent=145577"}],"wp:term":[{"taxonomy":"category","embeddable":true,"href":"https:\/\/www.leccecronaca.it\/index.php\/wp-json\/wp\/v2\/categories?post=145577"},{"taxonomy":"post_tag","embeddable":true,"href":"https:\/\/www.leccecronaca.it\/index.php\/wp-json\/wp\/v2\/tags?post=145577"}],"curies":[{"name":"wp","href":"https:\/\/api.w.org\/{rel}","templated":true}]}}