{"id":145689,"date":"2018-10-22T00:03:31","date_gmt":"2018-10-21T22:03:31","guid":{"rendered":"http:\/\/www.leccecronaca.it\/?p=145689"},"modified":"2018-10-27T15:47:47","modified_gmt":"2018-10-27T13:47:47","slug":"la-proposta-un-parco-letterario-nel-salento","status":"publish","type":"post","link":"https:\/\/www.leccecronaca.it\/index.php\/2018\/10\/22\/la-proposta-un-parco-letterario-nel-salento\/","title":{"rendered":"LA PROPOSTA \/ UN PARCO LETTERARIO NEL SALENTO?"},"content":{"rendered":"<p><img decoding=\"async\" loading=\"lazy\" class=\"alignleft wp-image-145690 size-full\" src=\"https:\/\/www.leccecronaca.it\/wordpress\/wp-content\/uploads\/2018\/10\/pls.jpg\" alt=\"\" width=\"950\" height=\"960\" srcset=\"https:\/\/www.leccecronaca.it\/wordpress\/wp-content\/uploads\/2018\/10\/pls.jpg 950w, https:\/\/www.leccecronaca.it\/wordpress\/wp-content\/uploads\/2018\/10\/pls-297x300.jpg 297w, https:\/\/www.leccecronaca.it\/wordpress\/wp-content\/uploads\/2018\/10\/pls-768x776.jpg 768w, https:\/\/www.leccecronaca.it\/wordpress\/wp-content\/uploads\/2018\/10\/pls-60x60.jpg 60w\" sizes=\"(max-width: 950px) 100vw, 950px\" \/>di <strong>Raffaele Polo______<\/strong><\/p>\n<p>Proseguendo in un discorso che riguarda poeti e prosatori salentini, quasi tutti poco conosciuti e meritevoli di essere maggiormente apprezzati proprio dalla nostra gente, mi viene rivolto l&#8217;invito, tutto intellettuale e ricco di sollecitazioni, di stimolare l&#8217;interesse verso la creazione di un &#8216;parco letterario&#8217; salentino.<\/p>\n<p>Ora, dopo l&#8217;intuibile entusiasmo iniziale, \u00e8 giocoforza considerare alcuni aspetti molto importanti che giocano contro una facile realizzazione dell&#8217;idea.<\/p>\n<p>&nbsp;<\/p>\n<p>Anzitutto bisogna chiedersi cosa sia un &#8216;parco letterario&#8217;. E gli esempi che abbiamo sotto gli occhi, a conferma di quanto voluto dall&#8217;ideatore Stanislao Nievo (ricordate come ci appassion\u00f2 il suo &#8216;Il prato in fondo al mare&#8217;?) ci parlano di un territorio ben identificato, caratterizzato da diverse combinazioni di elementi naturali e umani che illustrano l&#8217;evoluzione delle comunit\u00e0 locali attraverso la letteratura.<\/p>\n<p>Detto in parole povere, noi salentini potremmo realizzare un parco letterario solo&#8230;. nella fantasia. Qualcosa potrebbe nascere attorno a Casa Comi, a Lucugnano, magari comprendendo gli opifici che fecero fallire miseramente il Barone e, perch\u00e9 no, allargando il discorso al Castello di Casamassella. Ci aggiungerei Papa Galeazzo, arciprete dello stesso paese e personaggio di indubbio spessore per la sua popolarit\u00e0. Ma, in realt\u00e0, proprio Casa Comi \u00e8 stata acquisita dalla Provincia e ora \u00e8 praticamente abbandonata, mentre nel Castello di Casamassella l&#8217;estate si celebra Gianni Brera&#8230;. Insomma, nessuna evoluzione delle comunit\u00e0 locali attraverso la letteratura&#8230;<\/p>\n<p>&nbsp;<\/p>\n<p>Verrebbe da invocare la creazione di un parco letterario nelle Marine di Melendugno: partendo da Rina Durante, dai versi e dalle immagini dedicate a Malandrino e alla Poesia, arriveremmo ai resti di Roca, scontrandoci poi con la TAP&#8230; Se \u00e8 questa l&#8217;evoluzione che ci siamo meritati, poveri noi.<\/p>\n<p>&nbsp;<\/p>\n<p>Bodini parla e descrive Lecce, Cocumola, Brindisi, ha la tomba nel Cimitero di Lecce e il verso che gli hanno scolpito sopra contiene anche un errore: giusto per far notare come gli elementi umani di questo territorio riescano a travisare e ignorare anche i simboli pi\u00f9 semplici.<\/p>\n<p>Potremmo, peraltro, affidarci ad un parco che comprenda le mura di Lecce e l&#8217;Arco di Porta Napoli. Ma sarebbe ben misera cosa, crediamo, rispetto al &#8216;natio borgo selvaggio&#8217; di Recanati o al castello della Contessa Morra.<\/p>\n<p>Carmelo Bene, certo. Attendiamo che qualcosa ci dimostri come i salentini possano amichevolmente ammettere di aver compito una seria evoluzione culturale grazie alle opere e all&#8217;esempio del Maestro, di cui si ricorda soltanto, presso la gente comune, l&#8217;esibizione sulle torri di Bologna e l&#8217;infinita serie di gossip che sono, questi si, a disposizione per un &#8216;parco della estrosit\u00e0 pi\u00f9 marcata&#8217; di pi\u00f9 facile istituzione.<\/p>\n<p>&nbsp;<\/p>\n<p>Una locazione perfetta ci sarebbe, in realt\u00e0. Ed \u00e8 il faro della Palacia, ad Otranto. Che sarebbe perfetto per lanciare il suo bagliore proprio verso quell&#8217;Oriente da cui \u00e8 sempre giunto il nemico, da sconfiggere solo con la cultura e la letteratura. Ma, pur assemblando nel faro tutte le testimonianze del fertile ingegno salentino, siamo sicuri che, dopo un breve entusiasmo iniziale, non assisteremmo all&#8217;esito similare della Casa Comi, abbandonata a se stessa coi suoi libri, i suoi quadri e la sua atmosfera pregna di poesia e ricordi?<\/p>\n<p>&nbsp;<\/p>\n<p>Facciamo cos\u00ec, allora: consideriamo che il Salento \u00e8, in realt\u00e0, un grande parco letterario, che tocca tre mari e non ha confini ben definibili. Ma la sua gente \u00e8, sicuramente, evoluta e cresciuta grazie a tutte le forme di arte.<\/p>\n<p>Solo che, purtroppo, non se n&#8217;\u00e8 ancora resa conto.<\/p>\n<p>&nbsp;<\/p>\n<p>&nbsp;<\/p>\n<fb:like href='https:\/\/www.leccecronaca.it\/index.php\/2018\/10\/22\/la-proposta-un-parco-letterario-nel-salento\/' send='true' layout='button_count' show_faces='true' width='450' height='65' action='recommend' colorscheme='light' font='lucida grande'><\/fb:like><span class=\"fb_share\"><fb:like href=\"https:\/\/www.leccecronaca.it\/index.php\/2018\/10\/22\/la-proposta-un-parco-letterario-nel-salento\/\" layout=\"button_count\"><\/fb:like><\/span>","protected":false},"excerpt":{"rendered":"<p>di Raffaele Polo______ Proseguendo in un discorso che riguarda poeti e prosatori salentini, quasi tutti poco conosciuti e meritevoli di essere maggiormente apprezzati proprio dalla nostra gente, mi viene rivolto l&#8217;invito, tutto intellettuale e ricco di sollecitazioni, di stimolare l&#8217;interesse verso la creazione di un &#8216;parco letterario&#8217; salentino. Ora, dopo l&#8217;intuibile entusiasmo iniziale, \u00e8 giocoforza [&hellip;]<\/p>\n","protected":false},"author":4,"featured_media":145690,"comment_status":"open","ping_status":"closed","sticky":false,"template":"","format":"standard","meta":[],"categories":[31],"tags":[],"_links":{"self":[{"href":"https:\/\/www.leccecronaca.it\/index.php\/wp-json\/wp\/v2\/posts\/145689"}],"collection":[{"href":"https:\/\/www.leccecronaca.it\/index.php\/wp-json\/wp\/v2\/posts"}],"about":[{"href":"https:\/\/www.leccecronaca.it\/index.php\/wp-json\/wp\/v2\/types\/post"}],"author":[{"embeddable":true,"href":"https:\/\/www.leccecronaca.it\/index.php\/wp-json\/wp\/v2\/users\/4"}],"replies":[{"embeddable":true,"href":"https:\/\/www.leccecronaca.it\/index.php\/wp-json\/wp\/v2\/comments?post=145689"}],"version-history":[{"count":1,"href":"https:\/\/www.leccecronaca.it\/index.php\/wp-json\/wp\/v2\/posts\/145689\/revisions"}],"predecessor-version":[{"id":145691,"href":"https:\/\/www.leccecronaca.it\/index.php\/wp-json\/wp\/v2\/posts\/145689\/revisions\/145691"}],"wp:featuredmedia":[{"embeddable":true,"href":"https:\/\/www.leccecronaca.it\/index.php\/wp-json\/wp\/v2\/media\/145690"}],"wp:attachment":[{"href":"https:\/\/www.leccecronaca.it\/index.php\/wp-json\/wp\/v2\/media?parent=145689"}],"wp:term":[{"taxonomy":"category","embeddable":true,"href":"https:\/\/www.leccecronaca.it\/index.php\/wp-json\/wp\/v2\/categories?post=145689"},{"taxonomy":"post_tag","embeddable":true,"href":"https:\/\/www.leccecronaca.it\/index.php\/wp-json\/wp\/v2\/tags?post=145689"}],"curies":[{"name":"wp","href":"https:\/\/api.w.org\/{rel}","templated":true}]}}