{"id":145847,"date":"2018-10-25T12:44:38","date_gmt":"2018-10-25T10:44:38","guid":{"rendered":"http:\/\/www.leccecronaca.it\/?p=145847"},"modified":"2018-10-25T16:25:52","modified_gmt":"2018-10-25T14:25:52","slug":"leccecronache-il-dottor-polo-va-in-pensione","status":"publish","type":"post","link":"https:\/\/www.leccecronaca.it\/index.php\/2018\/10\/25\/leccecronache-il-dottor-polo-va-in-pensione\/","title":{"rendered":"LECCECRONACHE \/ IL DOTTOR POLO VA IN PENSIONE"},"content":{"rendered":"<p><img decoding=\"async\" loading=\"lazy\" class=\"alignleft wp-image-145848\" src=\"https:\/\/www.leccecronaca.it\/wordpress\/wp-content\/uploads\/2018\/10\/20171212_102604.jpg\" alt=\"\" width=\"600\" height=\"338\" \/>di <strong>Raffaele Polo______<\/strong><\/p>\n<p>\u00c8 un avvenimento triste, per diversi motivi.<\/p>\n<p>Anzitutto perch\u00e9 sei diventato grande, anzi vecchio. E hanno deciso che non servi pi\u00f9, te ne puoi andare, perdi tutti tuoi privilegi, praticamente diventi uno di quei numeri di cui non si cura pi\u00f9 nessuno, tantomeno chi ci governa. Si, quando ci saranno le elezioni, magari qualcuno si ricorder\u00e0 di te, ma il tuo voto non sar\u00e0 decisivo e, quasi quasi, faresti meglio a rimanere a casa\u2026<\/p>\n<p>Poi, \u00e8 un accadimento che \u00e8 l\u2019ultimo, tra i pi\u00f9 importanti, prima dell\u2019eterno riposo.<\/p>\n<p>&nbsp;<\/p>\n<p>Insomma, l\u2019avete capito, mi mandano in pensione. A sessantasei anni e sette mesi, con la Legge Fornero, devo lasciare la fedele poltrona che mi ha accompagnato in tutti questi anni, i timbri consunti, il computer con i files della dama e dei solitari, il tesserino di identit\u00e0, il badge, insomma da domani sar\u00f2 un pesce fuor d\u2019acqua, mi sento gi\u00e0 a disagio\u2026<\/p>\n<p>Eppure\u2026<\/p>\n<p>Eppure tutti mi sorridono e mi dicono : \u2018beato te!\u2019 oppure \u2018potessi essere al tuo posto!\u2019<\/p>\n<p>E questo io non lo capisco. Soprattutto da parte dei pi\u00f9 giovani che, assunti da poco, hanno tutto lo spirito e la voglia di spaccare il mondo, di sostituire quei vecchi incapaci come me che rubano lo stipendio e non fanno nulla da mattina a sera (questo pensano i giovani nei confronti di chi \u00e8 alle soglie della pensione)..<\/p>\n<p>Ora, mi chiedo: ma come \u00e8 possibile che TUTTI, anche i megadirettori galattici mi portino invidia e mi apostrofino con frasi simili oppure dicendo chiaramente: \u2018Almeno lei ci va, in pensione!\u2019.<\/p>\n<p>Continuo a non capire: il nostro Paese \u00e8 in pieno sviluppo, ha risolto tutti i problemi e si accinge ad insegnare all\u2019Europa come si governa e come si fanno i conti. E poi invidiano me che vado in pensione a 66 anni e 7 mesi? Ma se tra qualche giorno hanno promesso che si andr\u00e0 in pensione di nuovo a 60 anni, magari anche prima?<\/p>\n<p>E se tutti hanno consenso e fiducia nel futuro del Paese, com\u2019\u00e8 che invidiano me PERCHE\u2019 POSSO ANDARMENE DALL\u2019UFFICIO E TERMINARE LA MIA VITA LAVORATIVA?<\/p>\n<p>C\u2019\u00e8 qualcosa che non va, allora.<\/p>\n<p>Quando fui assunto, quaranta e passa anni fa, tutti mi dicevano \u2018Beato te\u2019.<\/p>\n<p>Ora che vado in pensione, tutti mi invidiano.<\/p>\n<p>Ma insomma, in che mondo viviamo?<\/p>\n<p>&nbsp;<\/p>\n<p>&nbsp;<\/p>\n<p>N.B. Mia cognata, ogni volta che mi vede, mi canta la canzoncina Viva viva la Pensione, di Bruno Petrachi. Chiaramente, mi sfotte. Oppure no, che anche lei, in fondo, provi invidia per me? Nel dubbio una lacrimuccia scende dal mio ciglio\u2026 Dopo 40 anni, 40 anni di lavoro, ecco giunto il momento tanto temuto, l\u2019ora di abbandonare il proficuo e appagante lavoro\u2026<\/p>\n<fb:like href='https:\/\/www.leccecronaca.it\/index.php\/2018\/10\/25\/leccecronache-il-dottor-polo-va-in-pensione\/' send='true' layout='button_count' show_faces='true' width='450' height='65' action='recommend' colorscheme='light' font='lucida grande'><\/fb:like><span class=\"fb_share\"><fb:like href=\"https:\/\/www.leccecronaca.it\/index.php\/2018\/10\/25\/leccecronache-il-dottor-polo-va-in-pensione\/\" layout=\"button_count\"><\/fb:like><\/span>","protected":false},"excerpt":{"rendered":"<p>di Raffaele Polo______ \u00c8 un avvenimento triste, per diversi motivi. Anzitutto perch\u00e9 sei diventato grande, anzi vecchio. E hanno deciso che non servi pi\u00f9, te ne puoi andare, perdi tutti tuoi privilegi, praticamente diventi uno di quei numeri di cui non si cura pi\u00f9 nessuno, tantomeno chi ci governa. Si, quando ci saranno le elezioni, [&hellip;]<\/p>\n","protected":false},"author":4,"featured_media":0,"comment_status":"open","ping_status":"closed","sticky":false,"template":"","format":"standard","meta":[],"categories":[1,69,31],"tags":[],"_links":{"self":[{"href":"https:\/\/www.leccecronaca.it\/index.php\/wp-json\/wp\/v2\/posts\/145847"}],"collection":[{"href":"https:\/\/www.leccecronaca.it\/index.php\/wp-json\/wp\/v2\/posts"}],"about":[{"href":"https:\/\/www.leccecronaca.it\/index.php\/wp-json\/wp\/v2\/types\/post"}],"author":[{"embeddable":true,"href":"https:\/\/www.leccecronaca.it\/index.php\/wp-json\/wp\/v2\/users\/4"}],"replies":[{"embeddable":true,"href":"https:\/\/www.leccecronaca.it\/index.php\/wp-json\/wp\/v2\/comments?post=145847"}],"version-history":[{"count":1,"href":"https:\/\/www.leccecronaca.it\/index.php\/wp-json\/wp\/v2\/posts\/145847\/revisions"}],"predecessor-version":[{"id":145850,"href":"https:\/\/www.leccecronaca.it\/index.php\/wp-json\/wp\/v2\/posts\/145847\/revisions\/145850"}],"wp:attachment":[{"href":"https:\/\/www.leccecronaca.it\/index.php\/wp-json\/wp\/v2\/media?parent=145847"}],"wp:term":[{"taxonomy":"category","embeddable":true,"href":"https:\/\/www.leccecronaca.it\/index.php\/wp-json\/wp\/v2\/categories?post=145847"},{"taxonomy":"post_tag","embeddable":true,"href":"https:\/\/www.leccecronaca.it\/index.php\/wp-json\/wp\/v2\/tags?post=145847"}],"curies":[{"name":"wp","href":"https:\/\/api.w.org\/{rel}","templated":true}]}}