{"id":146469,"date":"2018-11-07T00:03:14","date_gmt":"2018-11-06T23:03:14","guid":{"rendered":"http:\/\/www.leccecronaca.it\/?p=146469"},"modified":"2018-11-07T13:47:02","modified_gmt":"2018-11-07T12:47:02","slug":"il-romanzo-di-beatrice-montenegro-a-sva-giovedi-8","status":"publish","type":"post","link":"https:\/\/www.leccecronaca.it\/index.php\/2018\/11\/07\/il-romanzo-di-beatrice-montenegro-a-sva-giovedi-8\/","title":{"rendered":"IL ROMANZO DI BEATRICE MONTENEGRO A SAVA GIOVEDI&#8217; 8"},"content":{"rendered":"<p><img decoding=\"async\" loading=\"lazy\" class=\"aligncenter size-full wp-image-146470\" src=\"https:\/\/www.leccecronaca.it\/wordpress\/wp-content\/uploads\/2018\/11\/b-m.jpg\" alt=\"\" width=\"960\" height=\"960\" srcset=\"https:\/\/www.leccecronaca.it\/wordpress\/wp-content\/uploads\/2018\/11\/b-m.jpg 960w, https:\/\/www.leccecronaca.it\/wordpress\/wp-content\/uploads\/2018\/11\/b-m-300x300.jpg 300w, https:\/\/www.leccecronaca.it\/wordpress\/wp-content\/uploads\/2018\/11\/b-m-150x150.jpg 150w, https:\/\/www.leccecronaca.it\/wordpress\/wp-content\/uploads\/2018\/11\/b-m-768x768.jpg 768w, https:\/\/www.leccecronaca.it\/wordpress\/wp-content\/uploads\/2018\/11\/b-m-60x60.jpg 60w\" sizes=\"(max-width: 960px) 100vw, 960px\" \/>(Rdl)______Gioved\u00ec 8 novembre, alle 18.00, a Sava, presso la Sala \u201cLomartire\u201d del centro Polivalente in via Cugini Cinieri 6, sar\u00e0 presentato il romanzo d\u2019esordio di <strong>Beatrice Montenegro<\/strong>\u00a0(nella foto)\u00a0<strong><em>\u201cPioggia d\u2019Ottobre\u201d<\/em><\/strong>,<strong><em>\u00a0<\/em><\/strong>pubblicato da Edizioni Esperidi (128 pagg. 12 euro).<\/p>\n<p>Introdurranno la serata con i saluti istituzionali il sindaco di Sava Dario Iaia e l\u2019assessore alle Politiche Culturali Verdiana Toma; a dialogare con l\u2019autrice sar\u00e0 Luigina Soloperto comandante della Polizia Locale. Sar\u00e0 presente l\u2019editore, Claudio Martino.<\/p>\n<p>Il libro: Fine 1800. Dal cuore bianco e freddo delle Dolomiti, il giovane carabiniere Luigi Mayer giunge nel caldo e assolato Salento. Qui incontra Barbara e tra i due nasce un amore profondo che, scavalcate le difficolt\u00e0 e le differenze sociali, culmina nel matrimonio. La gioia di una vita finalmente insieme, coronata dall\u2019arrivo dei figli, sar\u00e0 per\u00f2 oscurata da qualcosa di torbido e imprevedibile. Baster\u00e0 l\u2019amore?<\/p>\n<p>L\u2019autore: Beatrice Montenegro nasce a Leverano nel 1955. Dottore in lettere classiche, ha insegnato Lettere in alcune scuole della provincia di Lecce. Da sempre appassionata di lettura, sia in prosa sia in versi, realizza con questo libro la sua prima pubblicazione.______<\/p>\n<p>L&#8217; APPROFONDIMENTO nel nostro articolo del 28 aprile scorso<\/p>\n<blockquote class=\"wp-embedded-content\" data-secret=\"iRKfV4V11v\"><p><a href=\"https:\/\/www.leccecronaca.it\/index.php\/2018\/04\/28\/la-leverano-antica-di-beatrice-montenegro\/\">LA LEVERANO ANTICA DI BEATRICE MONTENEGRO<\/a><\/p><\/blockquote>\n<p><iframe class=\"wp-embedded-content\" sandbox=\"allow-scripts\" security=\"restricted\" style=\"position: absolute; clip: rect(1px, 1px, 1px, 1px);\" src=\"https:\/\/www.leccecronaca.it\/index.php\/2018\/04\/28\/la-leverano-antica-di-beatrice-montenegro\/embed\/#?secret=iRKfV4V11v\" data-secret=\"iRKfV4V11v\" width=\"500\" height=\"282\" title=\"&#8220;LA LEVERANO ANTICA DI BEATRICE MONTENEGRO&#8221; &#8212; LecceCronaca.it\" frameborder=\"0\" marginwidth=\"0\" marginheight=\"0\" scrolling=\"no\"><\/iframe><\/p>\n<p>&nbsp;<\/p>\n<fb:like href='https:\/\/www.leccecronaca.it\/index.php\/2018\/11\/07\/il-romanzo-di-beatrice-montenegro-a-sva-giovedi-8\/' send='true' layout='button_count' show_faces='true' width='450' height='65' action='recommend' colorscheme='light' font='lucida grande'><\/fb:like><span class=\"fb_share\"><fb:like href=\"https:\/\/www.leccecronaca.it\/index.php\/2018\/11\/07\/il-romanzo-di-beatrice-montenegro-a-sva-giovedi-8\/\" layout=\"button_count\"><\/fb:like><\/span>","protected":false},"excerpt":{"rendered":"<p>(Rdl)______Gioved\u00ec 8 novembre, alle 18.00, a Sava, presso la Sala \u201cLomartire\u201d del centro Polivalente in via Cugini Cinieri 6, sar\u00e0 presentato il romanzo d\u2019esordio di Beatrice Montenegro\u00a0(nella foto)\u00a0\u201cPioggia d\u2019Ottobre\u201d,\u00a0pubblicato da Edizioni Esperidi (128 pagg. 12 euro). Introdurranno la serata con i saluti istituzionali il sindaco di Sava Dario Iaia e l\u2019assessore alle Politiche Culturali Verdiana [&hellip;]<\/p>\n","protected":false},"author":4,"featured_media":146470,"comment_status":"open","ping_status":"closed","sticky":false,"template":"","format":"standard","meta":[],"categories":[31,75,57],"tags":[],"_links":{"self":[{"href":"https:\/\/www.leccecronaca.it\/index.php\/wp-json\/wp\/v2\/posts\/146469"}],"collection":[{"href":"https:\/\/www.leccecronaca.it\/index.php\/wp-json\/wp\/v2\/posts"}],"about":[{"href":"https:\/\/www.leccecronaca.it\/index.php\/wp-json\/wp\/v2\/types\/post"}],"author":[{"embeddable":true,"href":"https:\/\/www.leccecronaca.it\/index.php\/wp-json\/wp\/v2\/users\/4"}],"replies":[{"embeddable":true,"href":"https:\/\/www.leccecronaca.it\/index.php\/wp-json\/wp\/v2\/comments?post=146469"}],"version-history":[{"count":2,"href":"https:\/\/www.leccecronaca.it\/index.php\/wp-json\/wp\/v2\/posts\/146469\/revisions"}],"predecessor-version":[{"id":146472,"href":"https:\/\/www.leccecronaca.it\/index.php\/wp-json\/wp\/v2\/posts\/146469\/revisions\/146472"}],"wp:featuredmedia":[{"embeddable":true,"href":"https:\/\/www.leccecronaca.it\/index.php\/wp-json\/wp\/v2\/media\/146470"}],"wp:attachment":[{"href":"https:\/\/www.leccecronaca.it\/index.php\/wp-json\/wp\/v2\/media?parent=146469"}],"wp:term":[{"taxonomy":"category","embeddable":true,"href":"https:\/\/www.leccecronaca.it\/index.php\/wp-json\/wp\/v2\/categories?post=146469"},{"taxonomy":"post_tag","embeddable":true,"href":"https:\/\/www.leccecronaca.it\/index.php\/wp-json\/wp\/v2\/tags?post=146469"}],"curies":[{"name":"wp","href":"https:\/\/api.w.org\/{rel}","templated":true}]}}