{"id":146712,"date":"2018-11-13T00:01:53","date_gmt":"2018-11-12T23:01:53","guid":{"rendered":"http:\/\/www.leccecronaca.it\/?p=146712"},"modified":"2018-11-12T20:04:44","modified_gmt":"2018-11-12T19:04:44","slug":"alisia-mariano","status":"publish","type":"post","link":"https:\/\/www.leccecronaca.it\/index.php\/2018\/11\/13\/alisia-mariano\/","title":{"rendered":"LA GIOVANISSIMA ALISIA MARIANO DANZERA&#8217; SUL PALCOSCENICO DEL TEATRO APOLLO PER CARLOTTA PAIANO. E INTANTO RACCONTA I SUOI 16 ANNI A leccecronaca.it"},"content":{"rendered":"<p><img decoding=\"async\" loading=\"lazy\" class=\"alignleft wp-image-146713 size-full\" src=\"https:\/\/www.leccecronaca.it\/wordpress\/wp-content\/uploads\/2018\/11\/DSC_0053.jpg\" alt=\"\" width=\"2592\" height=\"3872\" \/><\/p>\n<p>di <strong>Carlo Infante______<\/strong><\/p>\n<p>Alisia Mariano, 16 anni, frequenta il 3\u00b0 anno del Liceo Classico di Copertino.<\/p>\n<p>Ma, oltre che studentessa, attrice e ballerina gi\u00e0 avviata.<\/p>\n<p>Lei, si racconta cos\u00ec:<\/p>\n<p><strong>&#8220;Frequento la scuola teatrale Scena Muta da quando ero solo una bambina. Ho iniziato con la danza all\u2019et\u00e0 di 5 anni. In seguito mi sono avvicinata al teatro. Ora frequento diversi corsi, sempre a Scena Muta: danza classica, moderna e contemporanea, teatro e dizione, canto, danza del ventre. <\/strong><\/p>\n<p><strong>La danza \u00e8 stata la mia prima passione che mi ha portato a conoscere la mia seconda famiglia, la mia casa, il mio posto sicuro\u2026 Scena Muta, ma il teatro \u00e8 stata una scoperta. Ho assistito casualmente ad una lezione di teatro con il maestro Ivan Raganato, ed \u00e8 stato \u201camore a prima vista\u201d tra me e il teatro. In questi anni con Scena Muta ho fatto diverse esperienze, anche molto importanti, che mi hanno aiutata a crescere artisticamente&#8221;.<\/strong><\/p>\n<p>&nbsp;<\/p>\n<p>D.) &#8211; Ci faccia qualche esempio.<\/p>\n<p><strong><em>R.) &#8211;\u00a0\u201cLe parole perdute\u201d. Spettacolo che mi \u00e8 molto a cuore, perch\u00e9 \u00e8 stata la mia prima volta su un palco come attrice e interpretavo il ruolo della protagonista.<\/em><\/strong><\/p>\n<p><strong><em>\u201cVico Salento\u201d, scritto e prodotto da Ivan Raganato, in cui interpreto il ruolo di una ragazza, anche ballerina di pizzica. Lo spettacolo \u00e8 andato in onda su Sky e sul digitale terrestre e portato al teatro Capocroce di Frascati, Roma.<\/em><\/strong><\/p>\n<p><strong><em>\u201cLa Locandiera di Goldoni\u201d nel ruolo di Dejanira, attrice comica e ridicola, che si finge una gran dama, ma senza successo.<\/em><\/strong><\/p>\n<p><strong><em>\u201cPovera Petra\u201d dove impersonavo il ruolo di Gabi, figlia di Petra Von Kant, vittima della depressione e pazzia della madre.<\/em><\/strong><\/p>\n<p>&nbsp;<\/p>\n<p>D.) &#8211; Altre esperienze?<\/p>\n<p><em><strong>R.) &#8211;\u00a0Ho partecipato alla diciannovesima edizione del Premio Louis Braille al teatro Sistina di Roma, andato in onda su Rai 1, accanto ad artisti di calibro internazionale tra i quali Ron, Cristiano De Andr\u00e9, Luca Barbarossa e Antonella Ruggiero.<\/strong><\/em><\/p>\n<p><em><strong>Altre esperienze altrettanto importanti sono: \u201cFondazione premio Cimitile\u201d, \u201comaggio a Madre Teresa di Calcutta\u201d tenuto al Palazzo della Cancelleria di Roma, \u201cAssisi Suono Sacro\u201d, \u201cMagliano Ti amo Festival\u201d e \u201cJunior talent Lab\u201d, programma televisivo su La5.<\/strong><\/em><\/p>\n<p>&nbsp;<\/p>\n<p>D.) &#8211; E adesso?<\/p>\n<p><strong><em>R.) &#8211;\u00a0Ora sono impegnata nello spettacolo teatrale \u201cLa Dea Trans\u201d, scritto da Giuseppe Puppo con la regia di Ivan Raganato, in scena in anteprima nazionale all&#8217; Apollo di Lecce nella serata evento di marted\u00ec 4 dicembre.<\/em><\/strong><\/p>\n<p><strong><em>Lo spettacolo \u00e8 ispirato alla vita di Carlotta Paiano, una diva, una dea trans, sogno erotico di molti uomini. Io interpreter\u00f2 il ruolo di una ballerina&#8230;Far\u00f2 rivivere sulla scena il sogno e la passione di Carlotta per la danza, nei suoi anni giovanili, quando aveva la stessa mia et\u00e0.<\/em><\/strong><\/p>\n<p><img decoding=\"async\" loading=\"lazy\" class=\"alignleft wp-image-146714 size-full\" src=\"https:\/\/www.leccecronaca.it\/wordpress\/wp-content\/uploads\/2018\/11\/UMRG9322.jpg\" alt=\"\" width=\"850\" height=\"1600\" srcset=\"https:\/\/www.leccecronaca.it\/wordpress\/wp-content\/uploads\/2018\/11\/UMRG9322.jpg 850w, https:\/\/www.leccecronaca.it\/wordpress\/wp-content\/uploads\/2018\/11\/UMRG9322-159x300.jpg 159w, https:\/\/www.leccecronaca.it\/wordpress\/wp-content\/uploads\/2018\/11\/UMRG9322-544x1024.jpg 544w, https:\/\/www.leccecronaca.it\/wordpress\/wp-content\/uploads\/2018\/11\/UMRG9322-768x1446.jpg 768w, https:\/\/www.leccecronaca.it\/wordpress\/wp-content\/uploads\/2018\/11\/UMRG9322-816x1536.jpg 816w\" sizes=\"(max-width: 850px) 100vw, 850px\" \/><\/p>\n<fb:like href='https:\/\/www.leccecronaca.it\/index.php\/2018\/11\/13\/alisia-mariano\/' send='true' layout='button_count' show_faces='true' width='450' height='65' action='recommend' colorscheme='light' font='lucida grande'><\/fb:like><span class=\"fb_share\"><fb:like href=\"https:\/\/www.leccecronaca.it\/index.php\/2018\/11\/13\/alisia-mariano\/\" layout=\"button_count\"><\/fb:like><\/span>","protected":false},"excerpt":{"rendered":"<p>di Carlo Infante______ Alisia Mariano, 16 anni, frequenta il 3\u00b0 anno del Liceo Classico di Copertino. Ma, oltre che studentessa, attrice e ballerina gi\u00e0 avviata. Lei, si racconta cos\u00ec: &#8220;Frequento la scuola teatrale Scena Muta da quando ero solo una bambina. Ho iniziato con la danza all\u2019et\u00e0 di 5 anni. In seguito mi sono avvicinata [&hellip;]<\/p>\n","protected":false},"author":4,"featured_media":0,"comment_status":"open","ping_status":"closed","sticky":false,"template":"","format":"standard","meta":[],"categories":[31],"tags":[],"_links":{"self":[{"href":"https:\/\/www.leccecronaca.it\/index.php\/wp-json\/wp\/v2\/posts\/146712"}],"collection":[{"href":"https:\/\/www.leccecronaca.it\/index.php\/wp-json\/wp\/v2\/posts"}],"about":[{"href":"https:\/\/www.leccecronaca.it\/index.php\/wp-json\/wp\/v2\/types\/post"}],"author":[{"embeddable":true,"href":"https:\/\/www.leccecronaca.it\/index.php\/wp-json\/wp\/v2\/users\/4"}],"replies":[{"embeddable":true,"href":"https:\/\/www.leccecronaca.it\/index.php\/wp-json\/wp\/v2\/comments?post=146712"}],"version-history":[{"count":5,"href":"https:\/\/www.leccecronaca.it\/index.php\/wp-json\/wp\/v2\/posts\/146712\/revisions"}],"predecessor-version":[{"id":146756,"href":"https:\/\/www.leccecronaca.it\/index.php\/wp-json\/wp\/v2\/posts\/146712\/revisions\/146756"}],"wp:attachment":[{"href":"https:\/\/www.leccecronaca.it\/index.php\/wp-json\/wp\/v2\/media?parent=146712"}],"wp:term":[{"taxonomy":"category","embeddable":true,"href":"https:\/\/www.leccecronaca.it\/index.php\/wp-json\/wp\/v2\/categories?post=146712"},{"taxonomy":"post_tag","embeddable":true,"href":"https:\/\/www.leccecronaca.it\/index.php\/wp-json\/wp\/v2\/tags?post=146712"}],"curies":[{"name":"wp","href":"https:\/\/api.w.org\/{rel}","templated":true}]}}