{"id":146808,"date":"2018-11-14T13:53:43","date_gmt":"2018-11-14T12:53:43","guid":{"rendered":"http:\/\/www.leccecronaca.it\/?p=146808"},"modified":"2018-11-14T13:54:36","modified_gmt":"2018-11-14T12:54:36","slug":"quattro-anni-dopo-la-poli-bortone-risuscita-io-sud","status":"publish","type":"post","link":"https:\/\/www.leccecronaca.it\/index.php\/2018\/11\/14\/quattro-anni-dopo-la-poli-bortone-risuscita-io-sud\/","title":{"rendered":"QUATTRO ANNI DOPO LA POLI BORTONE RISUSCITA &#8216;IO SUD&#8217;"},"content":{"rendered":"<p><img decoding=\"async\" loading=\"lazy\" class=\"alignleft wp-image-146809 size-full\" src=\"https:\/\/www.leccecronaca.it\/wordpress\/wp-content\/uploads\/2018\/11\/apb.jpg\" alt=\"\" width=\"480\" height=\"360\" srcset=\"https:\/\/www.leccecronaca.it\/wordpress\/wp-content\/uploads\/2018\/11\/apb.jpg 480w, https:\/\/www.leccecronaca.it\/wordpress\/wp-content\/uploads\/2018\/11\/apb-300x225.jpg 300w, https:\/\/www.leccecronaca.it\/wordpress\/wp-content\/uploads\/2018\/11\/apb-400x300.jpg 400w\" sizes=\"(max-width: 480px) 100vw, 480px\" \/>Riceviamo e volentieri pubblichiamo. L&#8217;on. Adriana Poli Bortone ci manda il seguente comunicato stampa, in cui annuncia, a dieci anni dalla sua fondazione, e a quattro dal suo accantonamento, la rinascita del movimento politico &#8216;Io Sud&#8217; da lei fondato (nella foto, una manifestazione elettorale del 2010)______<\/p>\n<p>&nbsp;<\/p>\n<p>&nbsp;<\/p>\n<p>POLI BORTONE: NINO MONTERISI RESPONSABILE REGIONALE IO SUD<br \/>\nIL Sud trascurato ha bisogno di un movimento per il MEzzogiorno<\/p>\n<p>&nbsp;<\/p>\n<p>&#8220;Ho affidato l\u2019incarico di responsabile regionale del movimento politico culturale Io Sud all\u2019ingegnere Nino Monterisi di Bari. Mai come in questo momento il Mezzogiorno \u00e8 completamente trascurato, i risultati impietosi del rapporto Svimez pongono noi meridionali di fronte a responsabilit\u00e0 cui non possiamo pi\u00f9 sfuggire.<\/p>\n<p>In molti hanno chiesto di ridar vita e nuova linfa a quel movimento, Io Sud, che nacque nel febbraio del 2009 con l\u2019obiettivo preciso di indicare anomalia, esigenze, ingiustizie subite da un territorio che rappresenta un terzo della nazione. Quelle ingiustizie sono aumentate negli ultimi anni, tanto da creare una secessione di fatto, con il paradosso che il centro destra meridionale ha trovato asilo politico nel Movimento 5 Stelle e addirittura in \u00a0quella Lega che per anni ha dileggiato il Mezzogiorno d\u2019Italia operando per la secessione.<\/p>\n<p>Quello spazio politico pu\u00f2 e deve essere colmato, in assenza di partiti nazionali che abbiano davvero a cuore il Sud e l\u2019unit\u00e0 sostanziale della nazione. Anche il movimento Io Sud ha l\u2019esigenza \u00a0di rinnovare la rappresentanza e l\u2019ingegnere Monterisi, al quale rivolgo gli auguri migliori di buon lavoro, sta gi\u00e0 operando in tal senso con l&#8217;ausilio di quanti hanno il desiderio reale di far risorgere il Mezzogiorno attraverso le sue potenzialit\u00e0 e le sue eccellenze.<\/p>\n<p>Riparte da Bari Io Sud con l\u2019intento di essere coprotagonista di una politica visionaria, seriamente impegnata ed impegnativa in termini di progettualit\u00e0 e di programmazione, rispettosa delle identit\u00e0 del territorio.&#8221;<\/p>\n<p>&nbsp;<\/p>\n<fb:like href='https:\/\/www.leccecronaca.it\/index.php\/2018\/11\/14\/quattro-anni-dopo-la-poli-bortone-risuscita-io-sud\/' send='true' layout='button_count' show_faces='true' width='450' height='65' action='recommend' colorscheme='light' font='lucida grande'><\/fb:like><span class=\"fb_share\"><fb:like href=\"https:\/\/www.leccecronaca.it\/index.php\/2018\/11\/14\/quattro-anni-dopo-la-poli-bortone-risuscita-io-sud\/\" layout=\"button_count\"><\/fb:like><\/span>","protected":false},"excerpt":{"rendered":"<p>Riceviamo e volentieri pubblichiamo. L&#8217;on. Adriana Poli Bortone ci manda il seguente comunicato stampa, in cui annuncia, a dieci anni dalla sua fondazione, e a quattro dal suo accantonamento, la rinascita del movimento politico &#8216;Io Sud&#8217; da lei fondato (nella foto, una manifestazione elettorale del 2010)______ &nbsp; &nbsp; POLI BORTONE: NINO MONTERISI RESPONSABILE REGIONALE IO [&hellip;]<\/p>\n","protected":false},"author":4,"featured_media":146809,"comment_status":"open","ping_status":"closed","sticky":false,"template":"","format":"standard","meta":[],"categories":[76,36],"tags":[],"_links":{"self":[{"href":"https:\/\/www.leccecronaca.it\/index.php\/wp-json\/wp\/v2\/posts\/146808"}],"collection":[{"href":"https:\/\/www.leccecronaca.it\/index.php\/wp-json\/wp\/v2\/posts"}],"about":[{"href":"https:\/\/www.leccecronaca.it\/index.php\/wp-json\/wp\/v2\/types\/post"}],"author":[{"embeddable":true,"href":"https:\/\/www.leccecronaca.it\/index.php\/wp-json\/wp\/v2\/users\/4"}],"replies":[{"embeddable":true,"href":"https:\/\/www.leccecronaca.it\/index.php\/wp-json\/wp\/v2\/comments?post=146808"}],"version-history":[{"count":1,"href":"https:\/\/www.leccecronaca.it\/index.php\/wp-json\/wp\/v2\/posts\/146808\/revisions"}],"predecessor-version":[{"id":146810,"href":"https:\/\/www.leccecronaca.it\/index.php\/wp-json\/wp\/v2\/posts\/146808\/revisions\/146810"}],"wp:featuredmedia":[{"embeddable":true,"href":"https:\/\/www.leccecronaca.it\/index.php\/wp-json\/wp\/v2\/media\/146809"}],"wp:attachment":[{"href":"https:\/\/www.leccecronaca.it\/index.php\/wp-json\/wp\/v2\/media?parent=146808"}],"wp:term":[{"taxonomy":"category","embeddable":true,"href":"https:\/\/www.leccecronaca.it\/index.php\/wp-json\/wp\/v2\/categories?post=146808"},{"taxonomy":"post_tag","embeddable":true,"href":"https:\/\/www.leccecronaca.it\/index.php\/wp-json\/wp\/v2\/tags?post=146808"}],"curies":[{"name":"wp","href":"https:\/\/api.w.org\/{rel}","templated":true}]}}