{"id":146848,"date":"2018-11-15T17:04:23","date_gmt":"2018-11-15T16:04:23","guid":{"rendered":"http:\/\/www.leccecronaca.it\/?p=146848"},"modified":"2018-11-15T17:21:39","modified_gmt":"2018-11-15T16:21:39","slug":"anche-i-poliziotti-delusi-dal-governo-del-cambiamento","status":"publish","type":"post","link":"https:\/\/www.leccecronaca.it\/index.php\/2018\/11\/15\/anche-i-poliziotti-delusi-dal-governo-del-cambiamento\/","title":{"rendered":"ANCHE I POLIZIOTTI DELUSI DAL &#8216;GOVERNO DEL CAMBIAMENTO&#8217;: ANNUNCIATA PROTESTA IN TUTTA ITALIA"},"content":{"rendered":"<p><img decoding=\"async\" loading=\"lazy\" class=\"alignleft wp-image-146849 size-large\" src=\"https:\/\/www.leccecronaca.it\/wordpress\/wp-content\/uploads\/2018\/11\/matteo-salvini-1030x615-1024x611.jpg\" alt=\"\" width=\"1024\" height=\"611\" srcset=\"https:\/\/www.leccecronaca.it\/wordpress\/wp-content\/uploads\/2018\/11\/matteo-salvini-1030x615-1024x611.jpg 1024w, https:\/\/www.leccecronaca.it\/wordpress\/wp-content\/uploads\/2018\/11\/matteo-salvini-1030x615-300x179.jpg 300w, https:\/\/www.leccecronaca.it\/wordpress\/wp-content\/uploads\/2018\/11\/matteo-salvini-1030x615-768x459.jpg 768w, https:\/\/www.leccecronaca.it\/wordpress\/wp-content\/uploads\/2018\/11\/matteo-salvini-1030x615.jpg 1030w\" sizes=\"(max-width: 1024px) 100vw, 1024px\" \/>(Rdl)_______Anche gli agenti della Polizia di Stato sono delusi dalle decisioni del governo di Giuseppe Conte e del ministro degli Interni Matteo Salvini (nella foto, ad una manifestazione di partito dell&#8217; agosto 2016). Ne spiega le ragioni una nota diffusa nel pomeriggio dal Siap &#8211; il Sindacato Italiano Appartenenti Polizia &#8211; che annuncia una manifestazione di protesta e di informazione per domani, venerd\u00ec 16. Qui di seguito, il testo completo del documento______<\/p>\n<p>La Legge di Bilancio promossa dal Governo del \u201ccambiamento\u201d cos\u00ec com\u2019\u00e8 concepita ad oggi e viste le cifre che circolano \u00e8 fortemente deludente per i poliziotti e per tutti gli operatori dei comparti Sicurezza, Difesa e Soccorso Pubblico.<\/p>\n<p>Risorse finanziarie irrisorie per il rinnovo del contratto di lavoro, cos\u00ec come sono insufficienti per i decreti correttivi del riordino delle carriere: sperequazioni e mancati riconoscimenti delle anzianit\u00e0 pregresse nelle qualifiche di tutti i ruoli non possono essere sanati da una previsione di spesa di 70 milioni di euro a fronte degli almeno 100 milioni indispensabili.<\/p>\n<p>Ancora una volta le donne e gli uomini in divisa costretti a vedere vanificate aspettative? Ancora una volta siamo vittime di annunci e spot elettorali? Il SIAP non ci sta\u2026<\/p>\n<p>Il giorno 16 novembre p.v. nella fascia oraria dalle ore 8,00 alle ore 13,00 davanti le Prefetture, le Questure e tutti gli Uffici periferici della Pubblica Sicurezza, gli uomini e le donne del SIAP, in presidi pacifici e organizzati, distribuiranno il volantino allegato con il quale si spiegano le ragioni della protesta e della battaglia per la tutela dei diritti reali dei Poliziotti: stipendio e riconoscimento professionale (carriera).<\/p>\n<p>Chiederemo attenzione e sensibilit\u00e0 perch\u00e9 la SICUREZZA \u00e8 un bene comune e chi \u00e8 preposto a garantirla DEVE essere tutelato: per il bene del Paese e della democrazia.<\/p>\n<fb:like href='https:\/\/www.leccecronaca.it\/index.php\/2018\/11\/15\/anche-i-poliziotti-delusi-dal-governo-del-cambiamento\/' send='true' layout='button_count' show_faces='true' width='450' height='65' action='recommend' colorscheme='light' font='lucida grande'><\/fb:like><span class=\"fb_share\"><fb:like href=\"https:\/\/www.leccecronaca.it\/index.php\/2018\/11\/15\/anche-i-poliziotti-delusi-dal-governo-del-cambiamento\/\" layout=\"button_count\"><\/fb:like><\/span>","protected":false},"excerpt":{"rendered":"<p>(Rdl)_______Anche gli agenti della Polizia di Stato sono delusi dalle decisioni del governo di Giuseppe Conte e del ministro degli Interni Matteo Salvini (nella foto, ad una manifestazione di partito dell&#8217; agosto 2016). Ne spiega le ragioni una nota diffusa nel pomeriggio dal Siap &#8211; il Sindacato Italiano Appartenenti Polizia &#8211; che annuncia una manifestazione [&hellip;]<\/p>\n","protected":false},"author":4,"featured_media":146849,"comment_status":"open","ping_status":"closed","sticky":false,"template":"","format":"standard","meta":[],"categories":[69],"tags":[],"_links":{"self":[{"href":"https:\/\/www.leccecronaca.it\/index.php\/wp-json\/wp\/v2\/posts\/146848"}],"collection":[{"href":"https:\/\/www.leccecronaca.it\/index.php\/wp-json\/wp\/v2\/posts"}],"about":[{"href":"https:\/\/www.leccecronaca.it\/index.php\/wp-json\/wp\/v2\/types\/post"}],"author":[{"embeddable":true,"href":"https:\/\/www.leccecronaca.it\/index.php\/wp-json\/wp\/v2\/users\/4"}],"replies":[{"embeddable":true,"href":"https:\/\/www.leccecronaca.it\/index.php\/wp-json\/wp\/v2\/comments?post=146848"}],"version-history":[{"count":3,"href":"https:\/\/www.leccecronaca.it\/index.php\/wp-json\/wp\/v2\/posts\/146848\/revisions"}],"predecessor-version":[{"id":146852,"href":"https:\/\/www.leccecronaca.it\/index.php\/wp-json\/wp\/v2\/posts\/146848\/revisions\/146852"}],"wp:featuredmedia":[{"embeddable":true,"href":"https:\/\/www.leccecronaca.it\/index.php\/wp-json\/wp\/v2\/media\/146849"}],"wp:attachment":[{"href":"https:\/\/www.leccecronaca.it\/index.php\/wp-json\/wp\/v2\/media?parent=146848"}],"wp:term":[{"taxonomy":"category","embeddable":true,"href":"https:\/\/www.leccecronaca.it\/index.php\/wp-json\/wp\/v2\/categories?post=146848"},{"taxonomy":"post_tag","embeddable":true,"href":"https:\/\/www.leccecronaca.it\/index.php\/wp-json\/wp\/v2\/tags?post=146848"}],"curies":[{"name":"wp","href":"https:\/\/api.w.org\/{rel}","templated":true}]}}