{"id":147062,"date":"2018-11-20T17:19:47","date_gmt":"2018-11-20T16:19:47","guid":{"rendered":"http:\/\/www.leccecronaca.it\/?p=147062"},"modified":"2018-11-20T17:19:47","modified_gmt":"2018-11-20T16:19:47","slug":"periti-di-parte","status":"publish","type":"post","link":"https:\/\/www.leccecronaca.it\/index.php\/2018\/11\/20\/periti-di-parte\/","title":{"rendered":"PERITI DI PARTE"},"content":{"rendered":"<p><img decoding=\"async\" loading=\"lazy\" class=\"alignleft wp-image-147063 size-full\" src=\"https:\/\/www.leccecronaca.it\/wordpress\/wp-content\/uploads\/2018\/11\/160629502-4d6d3663-80a6-4cce-89e7-9ee1323564f4.jpg\" alt=\"\" width=\"810\" height=\"456\" srcset=\"https:\/\/www.leccecronaca.it\/wordpress\/wp-content\/uploads\/2018\/11\/160629502-4d6d3663-80a6-4cce-89e7-9ee1323564f4.jpg 810w, https:\/\/www.leccecronaca.it\/wordpress\/wp-content\/uploads\/2018\/11\/160629502-4d6d3663-80a6-4cce-89e7-9ee1323564f4-300x169.jpg 300w, https:\/\/www.leccecronaca.it\/wordpress\/wp-content\/uploads\/2018\/11\/160629502-4d6d3663-80a6-4cce-89e7-9ee1323564f4-768x432.jpg 768w\" sizes=\"(max-width: 810px) 100vw, 810px\" \/><\/p>\n<p>(g.p.)______Sulla questione, in via di definizione giudiziaria, su disposizione della Procura della Repubblica di Lecce, relativa all&#8217; assoggettabilit\u00e0 del terminale di ricezione del gasdotto a Melendugno, alla cos\u00ec detta &#8220;legge Seveso&#8221;, il Comitato No Tap ha diffuso nel pomeriggio la seguente nota______<\/p>\n<p>&nbsp;<\/p>\n<p>Nell&#8217;attesa dell&#8217;incidente probatorio, emergono nuovi, inquietanti scenari sulla vicenda.<\/p>\n<p>Qualcuno ricorder\u00e0 certamente che, qualche tempo fa, \u00e8 diventato di pubblico dominio il conflitto di rapporti professionali esistenti tra il perito nominato dal gip del tribunale di Lecce, prof. Bezzo, e il perito nominato da Tap, prof. Giuseppe Maschio. Lo stretto rapporto tra Bezzo e Maschio era di vecchia data, entrambi docenti dello stesso corso di laurea magistrale presso l&#8217;universit\u00e0 di Padova. Quindi controllore e controllato legati da rapporto professionale comune, alla faccia di qualsiasi logica, senza voler scomodare il tanto vilipeso \u2013 e non da oggi- conflitto di interessi.<\/p>\n<p>&nbsp;<\/p>\n<p>Ma ci\u00f2 che emerge ora, attiene quasi pi\u00f9 alla farsa che alla tragedia. Se non fosse che la posta in gioco \u00e8 la sicurezza di un\u2019intera Comunit\u00e0!<\/p>\n<p>Il prof. Giuseppe Maschio, perito di Tap, dal novembre 2017 (governo Gentiloni) fa parte della commissione nazionale per la previsione e prevenzione dei grandi rischi (con riferimento al rischio chimico, nucleare, industriale e dei trasporti), ma dall&#8217; agosto del 2018, in perfetta continuit\u00e0 con il passato, \u00e8 stato nominato REFERENTE della stessa commissione nazionale!<\/p>\n<p>Pertanto l\u2019attuale compagine governativa ha PROMOSSO in un ruolo istituzionale di prevenzione dei grandi rischi, proprio lo stesso perito che nell&#8217; incidente probatorio prover\u00e0 a far escludere dalla normativa Seveso il PRT di Tap!<br \/>\nMa questo paradosso siamo gli unici a ravvisarlo? Ma questo non \u00e8 un altro raggiro che offende le intelligenze dei cittadini? Possiamo definirlo un enorme CONFLITTO DI INTERESSI? La DEONTOLOGIA PROFESSIONALE \u00e8 merce rara di questi tempi, ma sedere da entrambi i lati del tavolo, interpretando ora un ruolo, ora un altro, \u00e8 degno solo di esponenti del teatro dell\u2019assurdo.<br \/>\nUn membro di una commissione nazionale sui grandi rischi, pu\u00f2 essere il perito di una multinazionale privata nel corso di un&#8217;indagine atta a determinare che siano state rispettate regole e normative?<\/p>\n<p>La situazione sembra delineare un fosco panorama, con ombre oscure ad avvolgere istituzioni e competenze. A noi tutti spetta il compito di vigilare, noi tutti abbiamo il diritto di chiedere correttezza e trasparenza!<\/p>\n<fb:like href='https:\/\/www.leccecronaca.it\/index.php\/2018\/11\/20\/periti-di-parte\/' send='true' layout='button_count' show_faces='true' width='450' height='65' action='recommend' colorscheme='light' font='lucida grande'><\/fb:like><span class=\"fb_share\"><fb:like href=\"https:\/\/www.leccecronaca.it\/index.php\/2018\/11\/20\/periti-di-parte\/\" layout=\"button_count\"><\/fb:like><\/span>","protected":false},"excerpt":{"rendered":"<p>(g.p.)______Sulla questione, in via di definizione giudiziaria, su disposizione della Procura della Repubblica di Lecce, relativa all&#8217; assoggettabilit\u00e0 del terminale di ricezione del gasdotto a Melendugno, alla cos\u00ec detta &#8220;legge Seveso&#8221;, il Comitato No Tap ha diffuso nel pomeriggio la seguente nota______ &nbsp; Nell&#8217;attesa dell&#8217;incidente probatorio, emergono nuovi, inquietanti scenari sulla vicenda. Qualcuno ricorder\u00e0 certamente [&hellip;]<\/p>\n","protected":false},"author":4,"featured_media":147063,"comment_status":"open","ping_status":"closed","sticky":false,"template":"","format":"standard","meta":[],"categories":[69,76],"tags":[],"_links":{"self":[{"href":"https:\/\/www.leccecronaca.it\/index.php\/wp-json\/wp\/v2\/posts\/147062"}],"collection":[{"href":"https:\/\/www.leccecronaca.it\/index.php\/wp-json\/wp\/v2\/posts"}],"about":[{"href":"https:\/\/www.leccecronaca.it\/index.php\/wp-json\/wp\/v2\/types\/post"}],"author":[{"embeddable":true,"href":"https:\/\/www.leccecronaca.it\/index.php\/wp-json\/wp\/v2\/users\/4"}],"replies":[{"embeddable":true,"href":"https:\/\/www.leccecronaca.it\/index.php\/wp-json\/wp\/v2\/comments?post=147062"}],"version-history":[{"count":1,"href":"https:\/\/www.leccecronaca.it\/index.php\/wp-json\/wp\/v2\/posts\/147062\/revisions"}],"predecessor-version":[{"id":147064,"href":"https:\/\/www.leccecronaca.it\/index.php\/wp-json\/wp\/v2\/posts\/147062\/revisions\/147064"}],"wp:featuredmedia":[{"embeddable":true,"href":"https:\/\/www.leccecronaca.it\/index.php\/wp-json\/wp\/v2\/media\/147063"}],"wp:attachment":[{"href":"https:\/\/www.leccecronaca.it\/index.php\/wp-json\/wp\/v2\/media?parent=147062"}],"wp:term":[{"taxonomy":"category","embeddable":true,"href":"https:\/\/www.leccecronaca.it\/index.php\/wp-json\/wp\/v2\/categories?post=147062"},{"taxonomy":"post_tag","embeddable":true,"href":"https:\/\/www.leccecronaca.it\/index.php\/wp-json\/wp\/v2\/tags?post=147062"}],"curies":[{"name":"wp","href":"https:\/\/api.w.org\/{rel}","templated":true}]}}