{"id":147100,"date":"2018-11-24T00:04:46","date_gmt":"2018-11-23T23:04:46","guid":{"rendered":"http:\/\/www.leccecronaca.it\/?p=147100"},"modified":"2018-11-28T13:37:51","modified_gmt":"2018-11-28T12:37:51","slug":"chiara-evangelista-in-medias-res-pure-sul-palcoscenico-del-teatro-apollo-chiara-evangelista","status":"publish","type":"post","link":"https:\/\/www.leccecronaca.it\/index.php\/2018\/11\/24\/chiara-evangelista-in-medias-res-pure-sul-palcoscenico-del-teatro-apollo-chiara-evangelista\/","title":{"rendered":"CHIARA EVANGELISTA &#8220;IN MEDIAS RES&#8221; PURE SUL PALCOSCENICO DEL TEATRO APOLLO. A lecccronaca.it LA GIOVANISSIMA POETESSA LECCESE PARLA DEL SUO FUTURO"},"content":{"rendered":"<p><img decoding=\"async\" loading=\"lazy\" class=\"alignleft wp-image-147101 size-full\" src=\"https:\/\/www.leccecronaca.it\/wordpress\/wp-content\/uploads\/2018\/11\/ce.jpg\" alt=\"\" width=\"640\" height=\"960\" srcset=\"https:\/\/www.leccecronaca.it\/wordpress\/wp-content\/uploads\/2018\/11\/ce.jpg 640w, https:\/\/www.leccecronaca.it\/wordpress\/wp-content\/uploads\/2018\/11\/ce-200x300.jpg 200w\" sizes=\"(max-width: 640px) 100vw, 640px\" \/>di <strong>Carlo Infante<\/strong>______<\/p>\n<p><strong>\u201cPer me la poesia sar\u00e0 sempre il talco sulla cenere&#8230;\u201d<\/strong>, cos\u00ec si racconta Chiara Evangelista (nella foto) riguardo al suo rapporto con la scrittura.<\/p>\n<p>21 anni, di Lecce, studentessa di giurisprudenza in Cattolica a Milano,\u00a0e un libro di esordio alle spalle che per le sue rime si \u00e8 fatto notare dalla critica.<\/p>\n<p>Chiara smorza la timidezza con un sorriso e cos\u00ec inizia la nostra chiacchierata.<\/p>\n<p>&nbsp;<\/p>\n<p>D.) &#8211; Quando ha iniziato a scrivere?<\/p>\n<p><strong><em>R.) &#8211; Non appena imparai l\u2019alfabeto cap\u00ec che quello sarebbe stata l\u2019arma pi\u00f9 potente che potessi avere. Non sono un granch\u00e9 a parlare, m\u2019ingarbuglio quando devo esporre significati densi di valore. La scrittura mi ha aiutato ad avere rispetto delle parole.<\/em><\/strong><\/p>\n<p>&nbsp;<\/p>\n<p>D.) &#8211; A soli 19 anni ha avuto una grandissima opportunit\u00e0: pubblicare il Suo primo libro, &#8220;In medias res\u201d,\u00a0 con una casa editrice, iQdB Edizioni che valorizza gli autori e le loro opere. Come \u00e8 iniziata questa avventura?<\/p>\n<p><strong><em>R.) &#8211; \u00c8 iniziata casualmente tre anni fa in una mattinata di giugno. Rovistavo tra gli scaffali della libreria Palmieri e l\u00e0 incontrai quello che sarebbe stato ANCHE il mio editore: Stefano Donno. \u00c8 stato ed \u00e8 un grande punto di riferimento nella mia vita, per me \u00e8 un maestro nelle righe e fuori dalla righe, nel senso denotativo e connotativo dell\u2019espressione! Mi ha insegnato a trovare me stessa fuori e dentro la pagina. Ci scambiammo le email e iniziammo&#8230; In medias res, nel cuore dei fatti!<\/em><\/strong><\/p>\n<p>&nbsp;<\/p>\n<p>D.) &#8211; Da l\u00e0 ne ha gi\u00e0 fatta di strada&#8230;Premi internazionali, BookCity18, Festival internazionale di Poesia di Milano&#8230;<\/p>\n<p><strong><em>R.) &#8211; Ho tanto da dimostrare, sono all\u2019inizio. Mi sento ancora quella ragazzina che scriveva nella cameretta. Ammetto che forse qualche passo in pi\u00f9 l\u2019ho fatto. Grazie al libro e alla mia casa editrice ho vissuto delle esperienze meravigliose. Ci\u00f2 che porter\u00f2 nel cuore per\u00f2 saranno gli incontri che ci son stati durante questo percorso.<\/em><\/strong><\/p>\n<p>&nbsp;<\/p>\n<p>D.) &#8211; Ci faccia qualche nome&#8230;<\/p>\n<p><strong><em>R.) &#8211; Oltre al mio editore, sicuramente un GRAZIE acutissimo va a Giuseppe Puppo che mi ha sempre poeticamente apprezzato e spero di non deluderlo in futuro. Vale lo stesso per Nicola Vacca e Diana Battaggia. Un grazie va anche a Catena Fiorello che mi ha aiutata nel mio inizio, credendoci molto. Donato Di Poce \u00e8 stato essenziale nei miei anni milanesi, gli invidio (in positivo) la vulcanicit\u00e0 che ha nei suoi progetti! La lista dei ringraziamenti sarebbe lunga, ho imparato tanto da tutti&#8230;<\/em><\/strong><\/p>\n<p>&nbsp;<\/p>\n<p>D.) &#8211; Fonti indiscrete che ho raccolto preparando questa intervista parlano di un Suo futuro libro, sempre per iQdB edizioni, con prefazione, pare,\u00a0 a cura di Tomaso Kemeny, uno dei personaggi pi\u00f9 rilevanti nel panorama poetico odierno&#8230;.<\/p>\n<p><strong><em>R.) &#8211;\u00a0Confermo, l\u2019uscita \u00e8 prevista per febbraio 2019. <\/em><\/strong><\/p>\n<p>&nbsp;<\/p>\n<p>D.) &#8211; Ma questa \u00e8 una notizia!<\/p>\n<p><strong><em>R.) \u00c8 molto pi\u00f9 di quanto mi aspettassi. Per me \u00e8 stato un onore poter avere l\u2019apporto critico del Professor Kemeny ad incorniciare i miei versi. Soprattutto considerando la mia giovane et\u00e0&#8230; Ho solo da dimostrare ma mi sento pi\u00f9 consapevole del percorso che ho iniziato tre anni fa per gioco. Ora si fa sul serio.<\/em><\/strong><\/p>\n<p>&nbsp;<\/p>\n<p>D.) &#8211; Bene, altri progetti futuri all\u2019orizzonte?<\/p>\n<p><strong><em>R.) &#8211; Il 4 dicembre sar\u00f2 al Teatro Apollo di Lecce per \u201cLa dea trans\u201d, il nuovo spettacolo teatrale di Giuseppe Puppo per la regia di Ivan Raganato in anteprima nazionale. Prover\u00f2 a mettere sotto i riflettori l\u2019animo nobile e poetico di Carlotta Paiano, mi hanno chiamato per questo, e sono felice, di partecipare a questa importantissima serata, cercher\u00f2 di fare del mio meglio&#8230; <\/em><\/strong><\/p>\n<p><strong><em>Subito dopo, scesa dal palco e fuori dalla luce di riflettori, ahim\u00e8, pi\u00f9 prosaicamente,\u00a0 mi dedicher\u00f2 a preparare procedura civile per il prossimo esame universitario che mi aspetta!<\/em><\/strong><\/p>\n<fb:like href='https:\/\/www.leccecronaca.it\/index.php\/2018\/11\/24\/chiara-evangelista-in-medias-res-pure-sul-palcoscenico-del-teatro-apollo-chiara-evangelista\/' send='true' layout='button_count' show_faces='true' width='450' height='65' action='recommend' colorscheme='light' font='lucida grande'><\/fb:like><span class=\"fb_share\"><fb:like href=\"https:\/\/www.leccecronaca.it\/index.php\/2018\/11\/24\/chiara-evangelista-in-medias-res-pure-sul-palcoscenico-del-teatro-apollo-chiara-evangelista\/\" layout=\"button_count\"><\/fb:like><\/span>","protected":false},"excerpt":{"rendered":"<p>di Carlo Infante______ \u201cPer me la poesia sar\u00e0 sempre il talco sulla cenere&#8230;\u201d, cos\u00ec si racconta Chiara Evangelista (nella foto) riguardo al suo rapporto con la scrittura. 21 anni, di Lecce, studentessa di giurisprudenza in Cattolica a Milano,\u00a0e un libro di esordio alle spalle che per le sue rime si \u00e8 fatto notare dalla critica. [&hellip;]<\/p>\n","protected":false},"author":4,"featured_media":147101,"comment_status":"open","ping_status":"closed","sticky":false,"template":"","format":"standard","meta":[],"categories":[31],"tags":[],"_links":{"self":[{"href":"https:\/\/www.leccecronaca.it\/index.php\/wp-json\/wp\/v2\/posts\/147100"}],"collection":[{"href":"https:\/\/www.leccecronaca.it\/index.php\/wp-json\/wp\/v2\/posts"}],"about":[{"href":"https:\/\/www.leccecronaca.it\/index.php\/wp-json\/wp\/v2\/types\/post"}],"author":[{"embeddable":true,"href":"https:\/\/www.leccecronaca.it\/index.php\/wp-json\/wp\/v2\/users\/4"}],"replies":[{"embeddable":true,"href":"https:\/\/www.leccecronaca.it\/index.php\/wp-json\/wp\/v2\/comments?post=147100"}],"version-history":[{"count":4,"href":"https:\/\/www.leccecronaca.it\/index.php\/wp-json\/wp\/v2\/posts\/147100\/revisions"}],"predecessor-version":[{"id":147187,"href":"https:\/\/www.leccecronaca.it\/index.php\/wp-json\/wp\/v2\/posts\/147100\/revisions\/147187"}],"wp:featuredmedia":[{"embeddable":true,"href":"https:\/\/www.leccecronaca.it\/index.php\/wp-json\/wp\/v2\/media\/147101"}],"wp:attachment":[{"href":"https:\/\/www.leccecronaca.it\/index.php\/wp-json\/wp\/v2\/media?parent=147100"}],"wp:term":[{"taxonomy":"category","embeddable":true,"href":"https:\/\/www.leccecronaca.it\/index.php\/wp-json\/wp\/v2\/categories?post=147100"},{"taxonomy":"post_tag","embeddable":true,"href":"https:\/\/www.leccecronaca.it\/index.php\/wp-json\/wp\/v2\/tags?post=147100"}],"curies":[{"name":"wp","href":"https:\/\/api.w.org\/{rel}","templated":true}]}}