{"id":147155,"date":"2018-11-27T00:03:11","date_gmt":"2018-11-26T23:03:11","guid":{"rendered":"http:\/\/www.leccecronaca.it\/?p=147155"},"modified":"2018-11-26T13:58:26","modified_gmt":"2018-11-26T12:58:26","slug":"liborio-romano-nel-libro-di-umberto-rey-a-lecce-venerdi-30","status":"publish","type":"post","link":"https:\/\/www.leccecronaca.it\/index.php\/2018\/11\/27\/liborio-romano-nel-libro-di-umberto-rey-a-lecce-venerdi-30\/","title":{"rendered":"DON LIBORIO SECONDO UMBERTO REY A LECCE VENERDI&#8217; 30"},"content":{"rendered":"<p><img decoding=\"async\" loading=\"lazy\" class=\"alignleft wp-image-147156 size-full\" src=\"https:\/\/www.leccecronaca.it\/wordpress\/wp-content\/uploads\/2018\/11\/umberto-rey-jpg.jpg\" alt=\"\" width=\"397\" height=\"559\" srcset=\"https:\/\/www.leccecronaca.it\/wordpress\/wp-content\/uploads\/2018\/11\/umberto-rey-jpg.jpg 397w, https:\/\/www.leccecronaca.it\/wordpress\/wp-content\/uploads\/2018\/11\/umberto-rey-jpg-213x300.jpg 213w\" sizes=\"(max-width: 397px) 100vw, 397px\" \/>(Rdl)______Venerd\u00ec 30 novembre, alle 17.00, a Lecce, presso l&#8217;Icaro Space, in viale\u00a0Finlandia, 11, verr\u00e0 presentato il libro\u00a0<strong><em>\u201cIl testamento di Don Liborio\u201d<\/em><\/strong>\u00a0di\u00a0<strong>Umberto Rey. <\/strong><\/p>\n<p>L\u2019incontro vedr\u00e0, oltre alla presenza dell\u2019autore, anche quella del\u00a0giornalista e scrittore Annibale Gagliani\u00a0ed \u00e8 organizzato in collaborazione\u00a0con la casa editrice I Quaderni del Bardo di Stefano Donno.<\/p>\n<p>Il romanzo, edito da\u00a0Morfeo Edizioni,\u00a0spazia tra il genere storico e quello del mistero, con lo scopo di far luce su ci\u00f2 che e&#8217; realmente accaduto in momenti precisi della storia d\u2019Italia, per chiarire una volta per tutte chi siamo, da dove veniamo e chi sono i nostri veri padri.\u00a0Il libro \u00e8 la narrazione liberamente interpretata dall&#8217;autore di alcune pagine oscure, cocenti e controverse della storia che ha determinato l&#8217;Unit\u00e0 d&#8217;Italia.<\/p>\n<p>In particolare spicca la figura del Barone Don Liborio Romano, qui definito &#8220;Padre d&#8217;Italia&#8221; che avrebbe voluto sepolto per oltre 150 anni il suo Testamento con i segreti, nascosti retroscena delle vicende accadute in Italia nel 1860 e che lo videro interprete determinante di decisioni strategiche che, nel racconto, andrebbero a stravolgere le verit\u00e0 storiche scritte come sempre dai vincitori.<\/p>\n<p>Lo sforzo indagativo dei tre protagonisti del romanzo tenta, in maniera ardua, di dare una risposta a quell\u2019 enorme enigma dell&#8217;Unita d&#8217;Italia che \u00e8 stata cosi determinante per il destino delle popolazioni meridionali, non solo dell\u2019epoca, ma anche delle generazioni successive. L\u2019autore, in particolare, si impegna a riconoscere Liborio Romano come un padre di quest&#8217;Italia, dandogli la giusta importanza.<\/p>\n<p>Si vuol far emergere, inoltre, attraverso la narrazione, che l\u2019unica leva che muove i comportamenti degli uomini che contano \u00e8 il potere, economico o politico, che in politica non esiste lealt\u00e0, e che coerenza, fedelt\u00e0 e sincerit\u00e0 non sono affatto sue prerogative.<\/p>\n<p>Secondo Umberto Rey, la conoscenza \u00e8 doverosa e necessaria affinch\u00e9 un popolo possa edificare una coscienza collettiva e possa sviluppare la consapevolezza d&#8217;esser uno Stato anche quando, oramai, non si ha pi\u00f9 la possibilit\u00e0 di cambiare il decorso della Storia.<\/p>\n<p><img decoding=\"async\" loading=\"lazy\" class=\"alignleft wp-image-147157 size-full\" src=\"https:\/\/www.leccecronaca.it\/wordpress\/wp-content\/uploads\/2018\/11\/copertina.jpg\" alt=\"\" width=\"336\" height=\"509\" srcset=\"https:\/\/www.leccecronaca.it\/wordpress\/wp-content\/uploads\/2018\/11\/copertina.jpg 336w, https:\/\/www.leccecronaca.it\/wordpress\/wp-content\/uploads\/2018\/11\/copertina-198x300.jpg 198w\" sizes=\"(max-width: 336px) 100vw, 336px\" \/><\/p>\n<p>&nbsp;<\/p>\n<p>&nbsp;<\/p>\n<fb:like href='https:\/\/www.leccecronaca.it\/index.php\/2018\/11\/27\/liborio-romano-nel-libro-di-umberto-rey-a-lecce-venerdi-30\/' send='true' layout='button_count' show_faces='true' width='450' height='65' action='recommend' colorscheme='light' font='lucida grande'><\/fb:like><span class=\"fb_share\"><fb:like href=\"https:\/\/www.leccecronaca.it\/index.php\/2018\/11\/27\/liborio-romano-nel-libro-di-umberto-rey-a-lecce-venerdi-30\/\" layout=\"button_count\"><\/fb:like><\/span>","protected":false},"excerpt":{"rendered":"<p>(Rdl)______Venerd\u00ec 30 novembre, alle 17.00, a Lecce, presso l&#8217;Icaro Space, in viale\u00a0Finlandia, 11, verr\u00e0 presentato il libro\u00a0\u201cIl testamento di Don Liborio\u201d\u00a0di\u00a0Umberto Rey. L\u2019incontro vedr\u00e0, oltre alla presenza dell\u2019autore, anche quella del\u00a0giornalista e scrittore Annibale Gagliani\u00a0ed \u00e8 organizzato in collaborazione\u00a0con la casa editrice I Quaderni del Bardo di Stefano Donno. Il romanzo, edito da\u00a0Morfeo Edizioni,\u00a0spazia tra [&hellip;]<\/p>\n","protected":false},"author":4,"featured_media":0,"comment_status":"open","ping_status":"closed","sticky":false,"template":"","format":"standard","meta":[],"categories":[31,75,57],"tags":[],"_links":{"self":[{"href":"https:\/\/www.leccecronaca.it\/index.php\/wp-json\/wp\/v2\/posts\/147155"}],"collection":[{"href":"https:\/\/www.leccecronaca.it\/index.php\/wp-json\/wp\/v2\/posts"}],"about":[{"href":"https:\/\/www.leccecronaca.it\/index.php\/wp-json\/wp\/v2\/types\/post"}],"author":[{"embeddable":true,"href":"https:\/\/www.leccecronaca.it\/index.php\/wp-json\/wp\/v2\/users\/4"}],"replies":[{"embeddable":true,"href":"https:\/\/www.leccecronaca.it\/index.php\/wp-json\/wp\/v2\/comments?post=147155"}],"version-history":[{"count":2,"href":"https:\/\/www.leccecronaca.it\/index.php\/wp-json\/wp\/v2\/posts\/147155\/revisions"}],"predecessor-version":[{"id":147159,"href":"https:\/\/www.leccecronaca.it\/index.php\/wp-json\/wp\/v2\/posts\/147155\/revisions\/147159"}],"wp:attachment":[{"href":"https:\/\/www.leccecronaca.it\/index.php\/wp-json\/wp\/v2\/media?parent=147155"}],"wp:term":[{"taxonomy":"category","embeddable":true,"href":"https:\/\/www.leccecronaca.it\/index.php\/wp-json\/wp\/v2\/categories?post=147155"},{"taxonomy":"post_tag","embeddable":true,"href":"https:\/\/www.leccecronaca.it\/index.php\/wp-json\/wp\/v2\/tags?post=147155"}],"curies":[{"name":"wp","href":"https:\/\/api.w.org\/{rel}","templated":true}]}}