{"id":147194,"date":"2018-11-24T12:50:25","date_gmt":"2018-11-24T11:50:25","guid":{"rendered":"http:\/\/www.leccecronaca.it\/?p=147194"},"modified":"2018-11-24T16:44:35","modified_gmt":"2018-11-24T15:44:35","slug":"pane-piu-salato-a-lecce","status":"publish","type":"post","link":"https:\/\/www.leccecronaca.it\/index.php\/2018\/11\/24\/pane-piu-salato-a-lecce\/","title":{"rendered":"DA DICEMBRE PANE PIU&#8217; SALATO A LECCE"},"content":{"rendered":"<p><img decoding=\"async\" loading=\"lazy\" class=\"alignleft wp-image-147195 size-full\" src=\"https:\/\/www.leccecronaca.it\/wordpress\/wp-content\/uploads\/2018\/11\/1480881230588.jpg-il_mistero_del_prezzo_del_pane__da_due_a_cinque_euro_al_chilo.jpg\" alt=\"\" width=\"610\" height=\"374\" srcset=\"https:\/\/www.leccecronaca.it\/wordpress\/wp-content\/uploads\/2018\/11\/1480881230588.jpg-il_mistero_del_prezzo_del_pane__da_due_a_cinque_euro_al_chilo.jpg 610w, https:\/\/www.leccecronaca.it\/wordpress\/wp-content\/uploads\/2018\/11\/1480881230588.jpg-il_mistero_del_prezzo_del_pane__da_due_a_cinque_euro_al_chilo-300x184.jpg 300w\" sizes=\"(max-width: 610px) 100vw, 610px\" \/>(Rdl)______Adesso in citt\u00e0 costa poco meno, o poco pi\u00f9 di 2 euro al kg, a volte anche 2.50, dipende dal tipo e dal rivenditore. Fra pochi giorni, coster\u00e0 mediamente 3 euro. Di sicuro, il pane a Lecce aumenter\u00e0 di 70 centesimi dal primo dicembre. Lo ha deciso l&#8217; associazione di categoria provinciale. Il presidente Francesco Muci l&#8217;ha spiegata cos\u00ec: <em>&#8220;E&#8217; una decisione che arriva a dodici anni dall&#8217;ultimo ritocco. Nel resto d&#8217;Italia lo hanno gi\u00e0 fatto. L&#8217; aumento si \u00e8 reso necessario perch\u00e9 \u00e8 aumentato tutto, dall&#8217;energia al gas, dai contratti di lavoro alla farina&#8221;.<\/em><\/p>\n<fb:like href='https:\/\/www.leccecronaca.it\/index.php\/2018\/11\/24\/pane-piu-salato-a-lecce\/' send='true' layout='button_count' show_faces='true' width='450' height='65' action='recommend' colorscheme='light' font='lucida grande'><\/fb:like><span class=\"fb_share\"><fb:like href=\"https:\/\/www.leccecronaca.it\/index.php\/2018\/11\/24\/pane-piu-salato-a-lecce\/\" layout=\"button_count\"><\/fb:like><\/span>","protected":false},"excerpt":{"rendered":"<p>(Rdl)______Adesso in citt\u00e0 costa poco meno, o poco pi\u00f9 di 2 euro al kg, a volte anche 2.50, dipende dal tipo e dal rivenditore. Fra pochi giorni, coster\u00e0 mediamente 3 euro. Di sicuro, il pane a Lecce aumenter\u00e0 di 70 centesimi dal primo dicembre. Lo ha deciso l&#8217; associazione di categoria provinciale. Il presidente Francesco [&hellip;]<\/p>\n","protected":false},"author":4,"featured_media":147195,"comment_status":"open","ping_status":"closed","sticky":false,"template":"","format":"standard","meta":[],"categories":[69],"tags":[],"_links":{"self":[{"href":"https:\/\/www.leccecronaca.it\/index.php\/wp-json\/wp\/v2\/posts\/147194"}],"collection":[{"href":"https:\/\/www.leccecronaca.it\/index.php\/wp-json\/wp\/v2\/posts"}],"about":[{"href":"https:\/\/www.leccecronaca.it\/index.php\/wp-json\/wp\/v2\/types\/post"}],"author":[{"embeddable":true,"href":"https:\/\/www.leccecronaca.it\/index.php\/wp-json\/wp\/v2\/users\/4"}],"replies":[{"embeddable":true,"href":"https:\/\/www.leccecronaca.it\/index.php\/wp-json\/wp\/v2\/comments?post=147194"}],"version-history":[{"count":2,"href":"https:\/\/www.leccecronaca.it\/index.php\/wp-json\/wp\/v2\/posts\/147194\/revisions"}],"predecessor-version":[{"id":147197,"href":"https:\/\/www.leccecronaca.it\/index.php\/wp-json\/wp\/v2\/posts\/147194\/revisions\/147197"}],"wp:featuredmedia":[{"embeddable":true,"href":"https:\/\/www.leccecronaca.it\/index.php\/wp-json\/wp\/v2\/media\/147195"}],"wp:attachment":[{"href":"https:\/\/www.leccecronaca.it\/index.php\/wp-json\/wp\/v2\/media?parent=147194"}],"wp:term":[{"taxonomy":"category","embeddable":true,"href":"https:\/\/www.leccecronaca.it\/index.php\/wp-json\/wp\/v2\/categories?post=147194"},{"taxonomy":"post_tag","embeddable":true,"href":"https:\/\/www.leccecronaca.it\/index.php\/wp-json\/wp\/v2\/tags?post=147194"}],"curies":[{"name":"wp","href":"https:\/\/api.w.org\/{rel}","templated":true}]}}