{"id":147410,"date":"2018-11-29T11:55:40","date_gmt":"2018-11-29T10:55:40","guid":{"rendered":"http:\/\/www.leccecronaca.it\/?p=147410"},"modified":"2018-11-29T11:55:40","modified_gmt":"2018-11-29T10:55:40","slug":"beatrice-montenegro-a-veglie-venerdi-30","status":"publish","type":"post","link":"https:\/\/www.leccecronaca.it\/index.php\/2018\/11\/29\/beatrice-montenegro-a-veglie-venerdi-30\/","title":{"rendered":"BEATRICE MONTENEGRO A VEGLIE VENERDI&#8217; 30"},"content":{"rendered":"<p><img decoding=\"async\" loading=\"lazy\" class=\"alignleft wp-image-147411 size-full\" src=\"https:\/\/www.leccecronaca.it\/wordpress\/wp-content\/uploads\/2018\/11\/b-m-1.jpg\" alt=\"\" width=\"960\" height=\"960\" srcset=\"https:\/\/www.leccecronaca.it\/wordpress\/wp-content\/uploads\/2018\/11\/b-m-1.jpg 960w, https:\/\/www.leccecronaca.it\/wordpress\/wp-content\/uploads\/2018\/11\/b-m-1-300x300.jpg 300w, https:\/\/www.leccecronaca.it\/wordpress\/wp-content\/uploads\/2018\/11\/b-m-1-150x150.jpg 150w, https:\/\/www.leccecronaca.it\/wordpress\/wp-content\/uploads\/2018\/11\/b-m-1-768x768.jpg 768w, https:\/\/www.leccecronaca.it\/wordpress\/wp-content\/uploads\/2018\/11\/b-m-1-60x60.jpg 60w\" sizes=\"(max-width: 960px) 100vw, 960px\" \/>(Rdl)______Venerd\u00ec 30 novembre, alle 17.30, a Veglie, presso la Sede del G.A.L. Terra d\u2019Arneo, in via Mameli 9, ci sar\u00e0 una nuova presentazione del romanzo di <strong>Beatrice Montenegro<\/strong> (nella foto)\u00a0 <em><strong>\u201cPioggia d\u2019Ottobre\u201d<\/strong><\/em>, pubblicato da Edizioni Esperidi.<\/p>\n<p>Dialogher\u00e0 con l\u2019autrice Cosimo Durante, presidente del Gal Terra d\u2019Arneo, interverr\u00e0 l\u2019editore Claudio Martino.<\/p>\n<p>L\u2019attore Giovanni Nestola curer\u00e0 la lettura di alcuni brani.<\/p>\n<p>Il libro<\/p>\n<p>Fine 1800. Dal cuore bianco e freddo delle Dolomiti, il giovane carabiniere Luigi Mayer giunge nel caldo e assolato Salento. Qui incontra Barbara e tra i due nasce un amore profondo che, scavalcate le difficolt\u00e0 e le differenze sociali, culmina nel matrimonio. La gioia di una vita finalmente insieme, coronata dall\u2019arrivo dei figli, sar\u00e0 per\u00f2 oscurata da qualcosa di torbido e imprevedibile. Baster\u00e0 l\u2019amore?<\/p>\n<p>L\u2019autore<\/p>\n<p>Beatrice Montenegro nasce a Leverano nel 1955. Dottore in Lettere classiche, ha insegnato Lettere in alcune scuole della provincia di Lecce. Da sempre appassionata di lettura, sia in prosa sia in versi, realizza con questo libro la sua prima pubblicazione.<\/p>\n<p><img decoding=\"async\" loading=\"lazy\" class=\"alignleft wp-image-147412 size-full\" src=\"https:\/\/www.leccecronaca.it\/wordpress\/wp-content\/uploads\/2018\/11\/PioggiadOttobre_CopertinaISBN_EdizioniEsperidi-1.jpg\" alt=\"\" width=\"500\" height=\"735\" srcset=\"https:\/\/www.leccecronaca.it\/wordpress\/wp-content\/uploads\/2018\/11\/PioggiadOttobre_CopertinaISBN_EdizioniEsperidi-1.jpg 500w, https:\/\/www.leccecronaca.it\/wordpress\/wp-content\/uploads\/2018\/11\/PioggiadOttobre_CopertinaISBN_EdizioniEsperidi-1-204x300.jpg 204w\" sizes=\"(max-width: 500px) 100vw, 500px\" \/><\/p>\n<p>&nbsp;<\/p>\n<fb:like href='https:\/\/www.leccecronaca.it\/index.php\/2018\/11\/29\/beatrice-montenegro-a-veglie-venerdi-30\/' send='true' layout='button_count' show_faces='true' width='450' height='65' action='recommend' colorscheme='light' font='lucida grande'><\/fb:like><span class=\"fb_share\"><fb:like href=\"https:\/\/www.leccecronaca.it\/index.php\/2018\/11\/29\/beatrice-montenegro-a-veglie-venerdi-30\/\" layout=\"button_count\"><\/fb:like><\/span>","protected":false},"excerpt":{"rendered":"<p>(Rdl)______Venerd\u00ec 30 novembre, alle 17.30, a Veglie, presso la Sede del G.A.L. Terra d\u2019Arneo, in via Mameli 9, ci sar\u00e0 una nuova presentazione del romanzo di Beatrice Montenegro (nella foto)\u00a0 \u201cPioggia d\u2019Ottobre\u201d, pubblicato da Edizioni Esperidi. Dialogher\u00e0 con l\u2019autrice Cosimo Durante, presidente del Gal Terra d\u2019Arneo, interverr\u00e0 l\u2019editore Claudio Martino. L\u2019attore Giovanni Nestola curer\u00e0 la [&hellip;]<\/p>\n","protected":false},"author":4,"featured_media":147411,"comment_status":"open","ping_status":"closed","sticky":false,"template":"","format":"standard","meta":[],"categories":[31,75,57],"tags":[],"_links":{"self":[{"href":"https:\/\/www.leccecronaca.it\/index.php\/wp-json\/wp\/v2\/posts\/147410"}],"collection":[{"href":"https:\/\/www.leccecronaca.it\/index.php\/wp-json\/wp\/v2\/posts"}],"about":[{"href":"https:\/\/www.leccecronaca.it\/index.php\/wp-json\/wp\/v2\/types\/post"}],"author":[{"embeddable":true,"href":"https:\/\/www.leccecronaca.it\/index.php\/wp-json\/wp\/v2\/users\/4"}],"replies":[{"embeddable":true,"href":"https:\/\/www.leccecronaca.it\/index.php\/wp-json\/wp\/v2\/comments?post=147410"}],"version-history":[{"count":1,"href":"https:\/\/www.leccecronaca.it\/index.php\/wp-json\/wp\/v2\/posts\/147410\/revisions"}],"predecessor-version":[{"id":147413,"href":"https:\/\/www.leccecronaca.it\/index.php\/wp-json\/wp\/v2\/posts\/147410\/revisions\/147413"}],"wp:featuredmedia":[{"embeddable":true,"href":"https:\/\/www.leccecronaca.it\/index.php\/wp-json\/wp\/v2\/media\/147411"}],"wp:attachment":[{"href":"https:\/\/www.leccecronaca.it\/index.php\/wp-json\/wp\/v2\/media?parent=147410"}],"wp:term":[{"taxonomy":"category","embeddable":true,"href":"https:\/\/www.leccecronaca.it\/index.php\/wp-json\/wp\/v2\/categories?post=147410"},{"taxonomy":"post_tag","embeddable":true,"href":"https:\/\/www.leccecronaca.it\/index.php\/wp-json\/wp\/v2\/tags?post=147410"}],"curies":[{"name":"wp","href":"https:\/\/api.w.org\/{rel}","templated":true}]}}