{"id":147655,"date":"2018-12-05T14:52:31","date_gmt":"2018-12-05T13:52:31","guid":{"rendered":"http:\/\/www.leccecronaca.it\/?p=147655"},"modified":"2018-12-05T14:52:46","modified_gmt":"2018-12-05T13:52:46","slug":"larcivescovo-solidale-con-l-forze-dellordine","status":"publish","type":"post","link":"https:\/\/www.leccecronaca.it\/index.php\/2018\/12\/05\/larcivescovo-solidale-con-l-forze-dellordine\/","title":{"rendered":"L&#8217;ARCIVESCOVO SOLIDALE CON LE FORZE DELL&#8217;ORDINE"},"content":{"rendered":"<p><img decoding=\"async\" loading=\"lazy\" class=\"alignleft size-medium wp-image-147656\" src=\"https:\/\/www.leccecronaca.it\/wordpress\/wp-content\/uploads\/2018\/12\/4-300x225.jpeg\" alt=\"\" width=\"300\" height=\"225\" srcset=\"https:\/\/www.leccecronaca.it\/wordpress\/wp-content\/uploads\/2018\/12\/4-300x225.jpeg 300w, https:\/\/www.leccecronaca.it\/wordpress\/wp-content\/uploads\/2018\/12\/4-1024x768.jpeg 1024w, https:\/\/www.leccecronaca.it\/wordpress\/wp-content\/uploads\/2018\/12\/4-768x576.jpeg 768w, https:\/\/www.leccecronaca.it\/wordpress\/wp-content\/uploads\/2018\/12\/4-1536x1152.jpeg 1536w, https:\/\/www.leccecronaca.it\/wordpress\/wp-content\/uploads\/2018\/12\/4-400x300.jpeg 400w, https:\/\/www.leccecronaca.it\/wordpress\/wp-content\/uploads\/2018\/12\/4.jpeg 1600w\" sizes=\"(max-width: 300px) 100vw, 300px\" \/>Riceviamo e volentieri pubblichiamo. La Curia di Lecce ci manda il seguente comunicato______<\/p>\n<p>Due grandi scritte nere sulla recinzione del presepe che sar\u00e0 inaugurato sabato 8 dicembre in Piazza Duomo<br \/>\nOFFESE E MINACCE ALLE FORZE DELL\u2019ORDINE\u00a0SUL RECINTO DEL CANTIERE DEL PRESEPE\u00a0DURA CONDANNA DELL\u2019ARCIVESCOVO SECCIA<br \/>\nDue grandi scritte nere attribuibili probabilmente a gruppi anarchici sul recinto metallico del cantiere del\u00a0presepe in costruzione in piazza Duomo. \u201cPi\u00f9 sbirri morti\u201d e \u201cAcab\u201d (All Cops Are Bastards. In italiano:\u00a0tutti i poliziotti sono bastardi) le frasi comparse, entrambe seguite dalla A cerchiata, il simbolo pi\u00f9 noto\u00a0del movimento anarchico.<br \/>\nDura la condanna dell\u2019arcivescovo Michele Seccia che si \u00e8 accorto del misfatto gi\u00e0 alle prime ore dell\u2019alba\u00a0mentre si recava a celebrare l\u2019eucaristia in una comunit\u00e0 di suore.<br \/>\n\u201cUn gesto vandalico e incivile che non ha bisogno di troppi commenti &#8211; ha dichiarato Seccia &#8211; e che infonde\u00a0preoccupazione anche in vista dell\u2019apertura del presepe che tra qualche giorno (inaugurazione l\u20198\u00a0dicenbre alle ore 20 ndr) arricchir\u00e0 con la rappresentazione pi\u00f9 simbolica e pi\u00f9 tradizionale del Natale\u00a0cristiano questo \u2018salotto\u2019 barocco\u201d.<br \/>\n\u201cGiunga tutta la mia solidariet\u00e0 &#8211; ha proseguito l\u2019arcivescovo avvicinandosi dopo la messa al luogo del\u00a0misfatto dove gi\u00e0 i carabinieri facevano i rilievi di rito prima di affidare agli operai della ditta che sta realizzando\u00a0il presepe il compito della rimozione delle scritte nere &#8211; a tutte le forze dell\u2019ordine troppo spesso\u00a0sotto attacco da parte di gruppi che non conoscono il vivere civile e che fanno di tutto per mettere a rischio\u00a0la quiete e la sicurezza della citt\u00e0\u201d.<br \/>\n\u201cApprofitto di questa infelice occasione &#8211; ha concluso Seccia &#8211; per manifestare la mia pi\u00f9 profonda stima\u00a0e il mio personale e doveroso ringraziamento alle autorit\u00e0 preposte all\u2019ordine pubblico e a tutte le forze\u00a0di polizia che a tutte le ore lavorano per garantire serenit\u00e0 e sicurezza alla comunit\u00e0, spesso nel silenzio e\u00a0purtroppo, come in questo caso, anche tra le offese e le minacce di gruppi criminali. Spero che questo episodio\u00a0sia l\u2019ultimo. So bene che gi\u00e0 in passato Piazza Duomo e la Cattedrale sono state nel mirino di scritte\u00a0e danneggiamenti che ne hanno deturpato l\u2019arte e la bellezza: il rispetto delle idee, della cultura, della fede\u00a0ma anche delle cose altrui, a maggior ragione se fanno parte del patrimonio comune, \u00e8 il fondamento e\u00a0l\u2019espressione primaria di ogni libert\u00e0&#8221;.<\/p>\n<fb:like href='https:\/\/www.leccecronaca.it\/index.php\/2018\/12\/05\/larcivescovo-solidale-con-l-forze-dellordine\/' send='true' layout='button_count' show_faces='true' width='450' height='65' action='recommend' colorscheme='light' font='lucida grande'><\/fb:like><span class=\"fb_share\"><fb:like href=\"https:\/\/www.leccecronaca.it\/index.php\/2018\/12\/05\/larcivescovo-solidale-con-l-forze-dellordine\/\" layout=\"button_count\"><\/fb:like><\/span>","protected":false},"excerpt":{"rendered":"<p>Riceviamo e volentieri pubblichiamo. La Curia di Lecce ci manda il seguente comunicato______ Due grandi scritte nere sulla recinzione del presepe che sar\u00e0 inaugurato sabato 8 dicembre in Piazza Duomo OFFESE E MINACCE ALLE FORZE DELL\u2019ORDINE\u00a0SUL RECINTO DEL CANTIERE DEL PRESEPE\u00a0DURA CONDANNA DELL\u2019ARCIVESCOVO SECCIA Due grandi scritte nere attribuibili probabilmente a gruppi anarchici sul recinto [&hellip;]<\/p>\n","protected":false},"author":4,"featured_media":0,"comment_status":"open","ping_status":"closed","sticky":false,"template":"","format":"standard","meta":[],"categories":[69,36],"tags":[],"_links":{"self":[{"href":"https:\/\/www.leccecronaca.it\/index.php\/wp-json\/wp\/v2\/posts\/147655"}],"collection":[{"href":"https:\/\/www.leccecronaca.it\/index.php\/wp-json\/wp\/v2\/posts"}],"about":[{"href":"https:\/\/www.leccecronaca.it\/index.php\/wp-json\/wp\/v2\/types\/post"}],"author":[{"embeddable":true,"href":"https:\/\/www.leccecronaca.it\/index.php\/wp-json\/wp\/v2\/users\/4"}],"replies":[{"embeddable":true,"href":"https:\/\/www.leccecronaca.it\/index.php\/wp-json\/wp\/v2\/comments?post=147655"}],"version-history":[{"count":2,"href":"https:\/\/www.leccecronaca.it\/index.php\/wp-json\/wp\/v2\/posts\/147655\/revisions"}],"predecessor-version":[{"id":147658,"href":"https:\/\/www.leccecronaca.it\/index.php\/wp-json\/wp\/v2\/posts\/147655\/revisions\/147658"}],"wp:attachment":[{"href":"https:\/\/www.leccecronaca.it\/index.php\/wp-json\/wp\/v2\/media?parent=147655"}],"wp:term":[{"taxonomy":"category","embeddable":true,"href":"https:\/\/www.leccecronaca.it\/index.php\/wp-json\/wp\/v2\/categories?post=147655"},{"taxonomy":"post_tag","embeddable":true,"href":"https:\/\/www.leccecronaca.it\/index.php\/wp-json\/wp\/v2\/tags?post=147655"}],"curies":[{"name":"wp","href":"https:\/\/api.w.org\/{rel}","templated":true}]}}