{"id":147678,"date":"2018-12-06T13:05:43","date_gmt":"2018-12-06T12:05:43","guid":{"rendered":"http:\/\/www.leccecronaca.it\/?p=147678"},"modified":"2018-12-06T13:07:30","modified_gmt":"2018-12-06T12:07:30","slug":"tap-non-e-opera-strategica","status":"publish","type":"post","link":"https:\/\/www.leccecronaca.it\/index.php\/2018\/12\/06\/tap-non-e-opera-strategica\/","title":{"rendered":"&#8216;TAP NON E&#8217; OPERA STRATEGICA&#8217;"},"content":{"rendered":"<p><img decoding=\"async\" loading=\"lazy\" class=\"alignleft wp-image-147680 size-full\" src=\"https:\/\/www.leccecronaca.it\/wordpress\/wp-content\/uploads\/2018\/12\/no-tap.jpg\" alt=\"\" width=\"960\" height=\"720\" srcset=\"https:\/\/www.leccecronaca.it\/wordpress\/wp-content\/uploads\/2018\/12\/no-tap.jpg 960w, https:\/\/www.leccecronaca.it\/wordpress\/wp-content\/uploads\/2018\/12\/no-tap-300x225.jpg 300w, https:\/\/www.leccecronaca.it\/wordpress\/wp-content\/uploads\/2018\/12\/no-tap-768x576.jpg 768w, https:\/\/www.leccecronaca.it\/wordpress\/wp-content\/uploads\/2018\/12\/no-tap-400x300.jpg 400w\" sizes=\"(max-width: 960px) 100vw, 960px\" \/>(Rdl)______In vista della grande manifestazione di sabato mattina a Melendugno, il Comitato No Tap ha diffuso ieri un lungo comunicato contenente alcune importanti questioni. Ne riportiamo qui di seguito i passaggi pi\u00f9 significativi (nella foto, un flash mob dei mesi scorsi)______<\/p>\n<p>In questi giorni, 60 associazioni e decine di liberi cittadini hanno sottoscritto l\u2019ennesima diffida al Governo italiano , dove si pongono particolari accenti sulla NON STRATEGICITA\u2019 E SULL\u2019INUTILITA\u2019 di Tap, anche alla luce delle urgenti preoccupazioni per un cambiamento climatico in atto.<br \/>\nLa diffida delle associazioni, unita alle ultime due risposte provenienti dal Ministero dell\u2019Ambiente, dimostra la totale ASSENZA di valutazione dell&#8217;utilit\u00e0 climatica dell&#8217;opera TAP.<\/p>\n<p>Il Governo italiano si \u00e8 limitato alla mera valutazione di impatto ambientale del singolo progetto TAP, mentre invece la perizia tecnica consegnata al GIP del Tribunale di Lecce lo scorso novembre ha sottolineato l&#8217;assenza di una &#8220;valutazione unitaria&#8221; dei due progetti Tap e Snam&#8230;<\/p>\n<p>Ma non solo questo.<br \/>\nDal referto dei periti consegnato al GIP e dalle risposte alle nostre richieste di accesso agli atti, noi ora sappiamo per certo che n\u00e8 la &#8220;valutazione unitaria&#8221;, tra allaccio SNAM e progetto TAP, \u00e8 stata mai fatta, n\u00e8 \u00e8 stata fatta alcuna valutazione della &#8220;utilit\u00e0 climatica&#8221; del progetto TAP rispetto agli obiettivi climatici strategici dell&#8217;Europa.<br \/>\nOra, per\u00f2, la UE sta rivedendo la propria strategia climatica al 2050 in modo ancora pi\u00f9 rigoroso rispetto al 2013 (emissioni &#8220;zero&#8221; al 2050), perch\u00e9 i cambiamenti climatici stanno precipitando, tant&#8217;\u00e8 che persino il Commissario UE su energia e clima parla di &#8220;inutilit\u00e0&#8221; di nuovi gasdotti, altrimenti destinati a decadere&#8230;<\/p>\n<p>Come si fa dunque a continuare a definire TAP un&#8217;opera &#8220;strategica&#8221;?<br \/>\nCome si fa ad avallare un&#8217;opera privata destinata alla inutilit\u00e0 e al danno climatico, quando la Costituzione italiana riconosce la libera iniziativa economica privata \u201cse funzionale alla utilit\u00e0 sociale&#8221; e \u201cse non lede la dignit\u00e0 e la sicurezza dei cittadini\u201d?<br \/>\nQuali utilit\u00e0, dignit\u00e0 e sicurezza pu\u00f2 offrire un&#8217;opera che aggiunger\u00e0 CO2 in un contesto considerato il peggiore d&#8217;Italia per vulnerabilit\u00e0 ambientale e della salute e sul quale persino l&#8217;IPRES della Regione Puglia, nel suo Report, dichiara di non disporre di dati sulla situazione climatica?<br \/>\nCome ci si pu\u00f2 illudere che le &#8220;compensazioni&#8221; o &#8220;attenzioni&#8221; verso il territorio possano ristorare la presenza di un&#8217;opera destinata a permanere per decenni come &#8220;Started Asset&#8221; dannoso al clima?<\/p>\n<p>In tali casi, il principio di precauzione imporrebbe, perch\u00e9 direttamente previsto dal Trattato della Unione europea, che ci si FERMI e che l&#8217;opera NON SI FACCIA!<br \/>\nIl Governo italiano sostiene invece il contrario&#8230;<br \/>\nIl silenzio della politica e della imprenditoria locale su questi interrogativi, si traduce inoltre in colposa complicit\u00e0 nel concorrere alla produzione dei danni climatici e nel ledere le garanzie della Costituzione italiana, a tutela delle presenti e future generazioni.<\/p>\n<fb:like href='https:\/\/www.leccecronaca.it\/index.php\/2018\/12\/06\/tap-non-e-opera-strategica\/' send='true' layout='button_count' show_faces='true' width='450' height='65' action='recommend' colorscheme='light' font='lucida grande'><\/fb:like><span class=\"fb_share\"><fb:like href=\"https:\/\/www.leccecronaca.it\/index.php\/2018\/12\/06\/tap-non-e-opera-strategica\/\" layout=\"button_count\"><\/fb:like><\/span>","protected":false},"excerpt":{"rendered":"<p>(Rdl)______In vista della grande manifestazione di sabato mattina a Melendugno, il Comitato No Tap ha diffuso ieri un lungo comunicato contenente alcune importanti questioni. Ne riportiamo qui di seguito i passaggi pi\u00f9 significativi (nella foto, un flash mob dei mesi scorsi)______ In questi giorni, 60 associazioni e decine di liberi cittadini hanno sottoscritto l\u2019ennesima diffida [&hellip;]<\/p>\n","protected":false},"author":4,"featured_media":147680,"comment_status":"open","ping_status":"closed","sticky":false,"template":"","format":"standard","meta":[],"categories":[69,76],"tags":[],"_links":{"self":[{"href":"https:\/\/www.leccecronaca.it\/index.php\/wp-json\/wp\/v2\/posts\/147678"}],"collection":[{"href":"https:\/\/www.leccecronaca.it\/index.php\/wp-json\/wp\/v2\/posts"}],"about":[{"href":"https:\/\/www.leccecronaca.it\/index.php\/wp-json\/wp\/v2\/types\/post"}],"author":[{"embeddable":true,"href":"https:\/\/www.leccecronaca.it\/index.php\/wp-json\/wp\/v2\/users\/4"}],"replies":[{"embeddable":true,"href":"https:\/\/www.leccecronaca.it\/index.php\/wp-json\/wp\/v2\/comments?post=147678"}],"version-history":[{"count":3,"href":"https:\/\/www.leccecronaca.it\/index.php\/wp-json\/wp\/v2\/posts\/147678\/revisions"}],"predecessor-version":[{"id":147682,"href":"https:\/\/www.leccecronaca.it\/index.php\/wp-json\/wp\/v2\/posts\/147678\/revisions\/147682"}],"wp:featuredmedia":[{"embeddable":true,"href":"https:\/\/www.leccecronaca.it\/index.php\/wp-json\/wp\/v2\/media\/147680"}],"wp:attachment":[{"href":"https:\/\/www.leccecronaca.it\/index.php\/wp-json\/wp\/v2\/media?parent=147678"}],"wp:term":[{"taxonomy":"category","embeddable":true,"href":"https:\/\/www.leccecronaca.it\/index.php\/wp-json\/wp\/v2\/categories?post=147678"},{"taxonomy":"post_tag","embeddable":true,"href":"https:\/\/www.leccecronaca.it\/index.php\/wp-json\/wp\/v2\/tags?post=147678"}],"curies":[{"name":"wp","href":"https:\/\/api.w.org\/{rel}","templated":true}]}}