{"id":147713,"date":"2018-12-06T19:24:29","date_gmt":"2018-12-06T18:24:29","guid":{"rendered":"http:\/\/www.leccecronaca.it\/?p=147713"},"modified":"2018-12-07T19:28:25","modified_gmt":"2018-12-07T18:28:25","slug":"parole-stupefacenti-e-scandalose-lasl-di-lecce-nella-bufera-giudiziaria-e-michele-emiliano-si-arrampica-sugli-specchi","status":"publish","type":"post","link":"https:\/\/www.leccecronaca.it\/index.php\/2018\/12\/06\/parole-stupefacenti-e-scandalose-lasl-di-lecce-nella-bufera-giudiziaria-e-michele-emiliano-si-arrampica-sugli-specchi\/","title":{"rendered":"PAROLE SCANDALOSE, DA SPIEGARE AI PAZIENTI PUGLIESI \/ L&#8217;ASL DI LECCE FINISCE NELLA BUFERA GIUDIZIARIA, E MICHELE EMILIANO SI ARRAMPICA SUGLI SPECCHI"},"content":{"rendered":"<p><img decoding=\"async\" loading=\"lazy\" class=\"alignleft wp-image-147714 size-full\" src=\"https:\/\/www.leccecronaca.it\/wordpress\/wp-content\/uploads\/2018\/12\/me-buna.jpg\" alt=\"\" width=\"950\" height=\"580\" srcset=\"https:\/\/www.leccecronaca.it\/wordpress\/wp-content\/uploads\/2018\/12\/me-buna.jpg 950w, https:\/\/www.leccecronaca.it\/wordpress\/wp-content\/uploads\/2018\/12\/me-buna-300x183.jpg 300w, https:\/\/www.leccecronaca.it\/wordpress\/wp-content\/uploads\/2018\/12\/me-buna-768x469.jpg 768w\" sizes=\"(max-width: 950px) 100vw, 950px\" \/>di <strong>Giuseppe Puppo______<\/strong><\/p>\n<p>L&#8217; agenzia di stampa della famiglia Emiliano Press Regione ha diffuso nel pomeriggio una dichiarazione del presidente relativa alla bufera giudiziaria calata in mattinata sull&#8217; Asl di Lecce, di rimbalzo all&#8217; arresto del magistrato della\u00a0 Procura della Repubblica di Lecce.<\/p>\n<p>Dell&#8217; intera vicenda in tutte le sue articolazioni leccecronaca.it ha puntualmente riferito sempre in mattinata, nei link qui sotto i nostri articoli.<\/p>\n<p>Riportiamo, adesso, in serata, le parole di commento alla vicenda del presidente della Regione Puglia, nonch\u00e9 al tempo stesso sempre egli stesso assessore regionale alla Sanit\u00e0.<\/p>\n<p><em>&#8220;Ho preso atto dell&#8217;ordinanza. Vorrei specificare che nessuno dei capi di imputazione ha a che fare con l&#8217;attivit\u00e0 della ASL di Lecce. Sono relazioni personali, per quello che ho capito ovviamente ammesso che siano poi provate dagli uffici giudiziari, tra singole persone effettivamente dipendenti della ASL, con un singolo magistrato, quindi nessuna delle imputazioni ha a che fare con l&#8217; attivit\u00e0 della ASL di Lecce e meno che mai della Regione Puglia. Si tratta di fatti privati che la magistratura esaminer\u00e0 e giudicher\u00e0 ma che, ripeto, non hanno nulla a che vedere con la nostra attivit\u00e0. Ora ovviamente dovr\u00f2 nominare un commissario che sostituisca il Direttore Generale, in questo momento agli arresti domiciliari&#8221;.<\/em><\/p>\n<p>Ecco, certo, siamo tutti garantisti, la presunzione di innocenza vale sempre, dobbiamo fra l&#8217; altro esserlo per legge: in Italia qualunque imputato non \u00e8 colpevole fino a che non lo dichiari tale una sentenza definitiva in terzo grado di giudizio.<\/p>\n<p>Detto ci\u00f2, in attesa che la giustizia compia i suoi percorsi, con i suoi tempi ed i suoi modi, la dichiarazione di Michele Emiliano \u00e8 stupefacente quanto scandalosa.<\/p>\n<p>Per tanti motivi, che prover\u00f2 qui di seguito, sia pur in estrema sintesi, per i principali, ad illustrare.<\/p>\n<p>Ho letto le parole del capo della Procura della Repubblica di Potenza Francesco Curcio, e le ho lette con la dovuta attenzione.<\/p>\n<p>Nella sua ricostruzione degli avvenimenti che han fatto scattare gli arresti, mettendo qui da parte i favori sessuali, che sono un capitolo a parte, in questo libro nero svelato oggi, viene espressamente indicato che l&#8217;accusa nel procedimento giudiziario per cui il pm Emilio Arnesano si sarebbe adoperato per favorire l&#8217;imputato Ottavio Narracci, ex dirigente Asl e attuale direttore generale dell&#8217;azienda sanitaria, conclusosi poi con l&#8217;assoluzione, era di peculato.<\/p>\n<p>Ora, viene definito peculato &#8220;l&#8217; appropriazione indebita, o distrazione a profitto proprio o altrui, di denaro o altro bene mobile appartenente ad altri, commessa da un pubblico ufficiale che ne abbia il possesso in ragione del suo ufficio&#8221;.<\/p>\n<p>Come fa a dire quindi Emiliano che &#8220;nessuno dei capi di imputazione ha a che fare con l&#8217;attivit\u00e0 della ASL di Lecce&#8221;?<\/p>\n<p>Sono relazioni personali? Ma vah, e poi il personale \u00e8 politico, caro presidente assessore&#8230;<\/p>\n<p>&nbsp;<\/p>\n<p>Ancora, sempre nelle parole del capo della Procura della Repubblica di Potenza Francesco Curcio viene illustrato un vero e proprio giro di relazioni fra dirigenti e primari nei guai con la giustizia esistente all&#8217; Asl di Lecce, che, secondo le sue accuse, aveva trovato nel pm Emilio Arnesano il modo, mi si perdoni l&#8217;espressione disinvolta, giusto tanto per capire, di &#8216;aggiustare i processi&#8217;.<\/p>\n<p>Bene, cio\u00e8 male.<\/p>\n<p>Il direttore generale, al di l\u00e0 degli artifici burocratici, il direttore sanitario e amministrativo delle aziende sanitarie della Regione Puglia, sono nei fatti di nomina politica. Cio\u00e8 li nomina la Giunta. Cio\u00e8 li nomina Michele Emiliano. E poi essi, una volta nominati, nominano altri dirigenti e i primari&#8230;e insomma, \u00e8 un bel giro virtuoso&#8230;<\/p>\n<p>Ora, \u00e8 stupefacente che nel commento di Michele Emiliano non ci sia la minima autocritica. Dico, un minimo, mica tanto&#8230;Un accenno almeno a quel principio di responsabilit\u00e0 politica che dovrebbe sovrintendere a ogni scelta di un politico. Caro Emiliano, se la responsabilit\u00e0 penale \u00e8 personale, per un politico esiste anche appunto la responsabilit\u00e0 politica delle scelte che ha fatto, in relazione agli esiti di queste scelte.<\/p>\n<p>Ma da povero, umile giornalista quale sono, mi sono stancato di dover spiegare le elementari della politica, e pure della giustizia, al politico-magistrato Michele Emiliano sempre insieme nella stessa persona, nonostante i pronunciamenti finali della Consulta, ma questa \u00e8 un&#8217;altra storia.<\/p>\n<p>Del resto il politico Michele Emiliano, presidente e assessore nella stessa persona, si sarebbe dovuto dimettere da tempo, per altre vicende legate alla sanit\u00e0 pugliese, se avesse un minimo di dignit\u00e0.<\/p>\n<p>Oggi, siamo arrivati per\u00f2 ad un punto massimo. Nemmeno per la vicenda in s\u00e9, proprio per le sue parole seguenti di commento.<\/p>\n<p>C&#8217;\u00e8 infatti di peggio.<\/p>\n<p>Sempre stando alle fonti dirette e autorevoli di verifica, le gi\u00e0 citate parole del capo della Procura della Repubblica di Potenza Francesco Curcio, all&#8217; Asl di Lecce garantivano, fra le altre cose, al pm Emilio Arnesano e a chi di altri, famigliari e amici, egli volesse, prestazioni sanitarie gratuite ed immediate.<\/p>\n<p>Ecco, lasciamo perdere il capitolo a parte delle prestazioni sessuali, lasciamo perdere i processi giudiziari, lasciamo perdere tutto&#8230;<\/p>\n<p>Ma come fa Michele Emiliano a dire che si tratta di fatti privati, questi ultimi?<\/p>\n<p>Che a capo dell&#8217; Asl di Lecce c&#8217;era una specie di sodalizio, voglio definirlo cos\u00ec, da lui direttamente o indirettamente nominato, che faceva cose di questo genere, sarebbe un fatto privato?<\/p>\n<p>Ecco, il peggio.<\/p>\n<p>Li vada a spiegare, Michele Emiliano, questi &#8220;fatti privati&#8221; ai tanti pugliesi che non si curano nemmeno pi\u00f9 perch\u00e9 non ne hanno le possibilit\u00e0 economiche; ai pazienti che aspettano pazientemente, a volte per\u00f2 con conseguenze disastrose, mesi se non anni, per ottenere visite, interventi o esami, per di pi\u00f9 pagando ticket salati; oppure, per averli in tempi ragionevoli, sono costretti a pagarli per intero e profumatamente ai privati della sanit\u00e0; e a quelli che pagano i ticket sui farmaci, o li devono pagare per intero, e magari per questo mangiano pasta al sugo e basta, ch\u00e9 cos\u00ec con due euro si aggancia il pranzo alla cena; oppure lasciano perdere se non possono permetterselo, e aspettano che il loro destino si compia.<\/p>\n<p>Michele Emiliano in politichese ha detto di aver &#8220;preso atto&#8221; della ordinanza giudiziaria. Non ne ha tratto per\u00f2 le conseguenze, con una strafottenza inaudita.______<\/p>\n<p>LA RICERCA in una delle tre domande di leccecronaca.it che aspettano risposta da due anni, e nei nostri due articoli di questa mattina<\/p>\n<blockquote class=\"wp-embedded-content\" data-secret=\"bewsIZ2S3H\"><p><a href=\"https:\/\/www.leccecronaca.it\/index.php\/2018\/12\/06\/giro-di-favori-arresti-eccellenti-in-manette-un-pubblico-ministero-della-procura-della-repubblica-di-lecce-e-il-direttore-generale-dell-asl-di-lecce\/\">GIRO DI FAVORI, ARRESTI ECCELLENTI, IN MANETTE UN PUBBLICO MINISTERO DELLA PROCURA DELLA REPUBBLICA DI LECCE E IL DIRETTORE GENERALE DELL&#8217; ASL DI LECCE<\/a><\/p><\/blockquote>\n<p><iframe class=\"wp-embedded-content\" sandbox=\"allow-scripts\" security=\"restricted\" style=\"position: absolute; clip: rect(1px, 1px, 1px, 1px);\" src=\"https:\/\/www.leccecronaca.it\/index.php\/2018\/12\/06\/giro-di-favori-arresti-eccellenti-in-manette-un-pubblico-ministero-della-procura-della-repubblica-di-lecce-e-il-direttore-generale-dell-asl-di-lecce\/embed\/#?secret=bewsIZ2S3H\" data-secret=\"bewsIZ2S3H\" width=\"500\" height=\"282\" title=\"&#8220;GIRO DI FAVORI, ARRESTI ECCELLENTI, IN MANETTE UN PUBBLICO MINISTERO DELLA PROCURA DELLA REPUBBLICA DI LECCE E IL DIRETTORE GENERALE DELL&#8217; ASL DI LECCE&#8221; &#8212; LecceCronaca.it\" frameborder=\"0\" marginwidth=\"0\" marginheight=\"0\" scrolling=\"no\"><\/iframe><\/p>\n<blockquote class=\"wp-embedded-content\" data-secret=\"wkENeKfZ9l\"><p><a href=\"https:\/\/www.leccecronaca.it\/index.php\/2018\/12\/06\/prestazioni-sessuali-una-barca-soldi-e-altri-favori-cosi-il-pm-arrestato-secondo-le-accuse-svendeva-la-giustizia-ecco-tutti-gli-episodi-contestatigli\/\">PRESTAZIONI SESSUALI, UNA BARCA, SOLDI E ALTRI FAVORI, COSI&#8217; IL PM ARRESTATO, SECONDO LE ACCUSE, SVENDEVA LA GIUSTIZIA. ECCO TUTTI GLI EPISODI CONTESTATIGLI<\/a><\/p><\/blockquote>\n<p><iframe class=\"wp-embedded-content\" sandbox=\"allow-scripts\" security=\"restricted\" style=\"position: absolute; clip: rect(1px, 1px, 1px, 1px);\" src=\"https:\/\/www.leccecronaca.it\/index.php\/2018\/12\/06\/prestazioni-sessuali-una-barca-soldi-e-altri-favori-cosi-il-pm-arrestato-secondo-le-accuse-svendeva-la-giustizia-ecco-tutti-gli-episodi-contestatigli\/embed\/#?secret=wkENeKfZ9l\" data-secret=\"wkENeKfZ9l\" width=\"500\" height=\"282\" title=\"&#8220;PRESTAZIONI SESSUALI, UNA BARCA, SOLDI E ALTRI FAVORI, COSI&#8217; IL PM ARRESTATO, SECONDO LE ACCUSE, SVENDEVA LA GIUSTIZIA. ECCO TUTTI GLI EPISODI CONTESTATIGLI&#8221; &#8212; LecceCronaca.it\" frameborder=\"0\" marginwidth=\"0\" marginheight=\"0\" scrolling=\"no\"><\/iframe><\/p>\n<blockquote class=\"wp-embedded-content\" data-secret=\"VBGZceBMvI\"><p><a href=\"https:\/\/www.leccecronaca.it\/index.php\/2016\/11\/10\/una-seconda-domanda-per-michele-emiliano-presidente-ma-come-e-perche-lei-fa-pure-l-assessore-alla-sanita-ci-faccia-capire-per-favore\/\">UNA SECONDA DOMANDA PER MICHELE EMILIANO: \u201cPresidente, ma come e perch\u00e8 lei fa pure l&#8217; assessore alla sanit\u00e0?\u201d. CI FACCIA CAPIRE, PER FAVORE<\/a><\/p><\/blockquote>\n<p><iframe class=\"wp-embedded-content\" sandbox=\"allow-scripts\" security=\"restricted\" style=\"position: absolute; clip: rect(1px, 1px, 1px, 1px);\" src=\"https:\/\/www.leccecronaca.it\/index.php\/2016\/11\/10\/una-seconda-domanda-per-michele-emiliano-presidente-ma-come-e-perche-lei-fa-pure-l-assessore-alla-sanita-ci-faccia-capire-per-favore\/embed\/#?secret=VBGZceBMvI\" data-secret=\"VBGZceBMvI\" width=\"500\" height=\"282\" title=\"&#8220;UNA SECONDA DOMANDA PER MICHELE EMILIANO: \u201cPresidente, ma come e perch\u00e8 lei fa pure l&#8217; assessore alla sanit\u00e0?\u201d. CI FACCIA CAPIRE, PER FAVORE&#8221; &#8212; LecceCronaca.it\" frameborder=\"0\" marginwidth=\"0\" marginheight=\"0\" scrolling=\"no\"><\/iframe><\/p>\n<p>&nbsp;<\/p>\n<p>&nbsp;<\/p>\n<p>&nbsp;<\/p>\n<p>&nbsp;<\/p>\n<fb:like href='https:\/\/www.leccecronaca.it\/index.php\/2018\/12\/06\/parole-stupefacenti-e-scandalose-lasl-di-lecce-nella-bufera-giudiziaria-e-michele-emiliano-si-arrampica-sugli-specchi\/' send='true' layout='button_count' show_faces='true' width='450' height='65' action='recommend' colorscheme='light' font='lucida grande'><\/fb:like><span class=\"fb_share\"><fb:like href=\"https:\/\/www.leccecronaca.it\/index.php\/2018\/12\/06\/parole-stupefacenti-e-scandalose-lasl-di-lecce-nella-bufera-giudiziaria-e-michele-emiliano-si-arrampica-sugli-specchi\/\" layout=\"button_count\"><\/fb:like><\/span>","protected":false},"excerpt":{"rendered":"<p>di Giuseppe Puppo______ L&#8217; agenzia di stampa della famiglia Emiliano Press Regione ha diffuso nel pomeriggio una dichiarazione del presidente relativa alla bufera giudiziaria calata in mattinata sull&#8217; Asl di Lecce, di rimbalzo all&#8217; arresto del magistrato della\u00a0 Procura della Repubblica di Lecce. Dell&#8217; intera vicenda in tutte le sue articolazioni leccecronaca.it ha puntualmente riferito [&hellip;]<\/p>\n","protected":false},"author":4,"featured_media":147714,"comment_status":"open","ping_status":"closed","sticky":false,"template":"","format":"standard","meta":[],"categories":[69,76],"tags":[],"_links":{"self":[{"href":"https:\/\/www.leccecronaca.it\/index.php\/wp-json\/wp\/v2\/posts\/147713"}],"collection":[{"href":"https:\/\/www.leccecronaca.it\/index.php\/wp-json\/wp\/v2\/posts"}],"about":[{"href":"https:\/\/www.leccecronaca.it\/index.php\/wp-json\/wp\/v2\/types\/post"}],"author":[{"embeddable":true,"href":"https:\/\/www.leccecronaca.it\/index.php\/wp-json\/wp\/v2\/users\/4"}],"replies":[{"embeddable":true,"href":"https:\/\/www.leccecronaca.it\/index.php\/wp-json\/wp\/v2\/comments?post=147713"}],"version-history":[{"count":9,"href":"https:\/\/www.leccecronaca.it\/index.php\/wp-json\/wp\/v2\/posts\/147713\/revisions"}],"predecessor-version":[{"id":147753,"href":"https:\/\/www.leccecronaca.it\/index.php\/wp-json\/wp\/v2\/posts\/147713\/revisions\/147753"}],"wp:featuredmedia":[{"embeddable":true,"href":"https:\/\/www.leccecronaca.it\/index.php\/wp-json\/wp\/v2\/media\/147714"}],"wp:attachment":[{"href":"https:\/\/www.leccecronaca.it\/index.php\/wp-json\/wp\/v2\/media?parent=147713"}],"wp:term":[{"taxonomy":"category","embeddable":true,"href":"https:\/\/www.leccecronaca.it\/index.php\/wp-json\/wp\/v2\/categories?post=147713"},{"taxonomy":"post_tag","embeddable":true,"href":"https:\/\/www.leccecronaca.it\/index.php\/wp-json\/wp\/v2\/tags?post=147713"}],"curies":[{"name":"wp","href":"https:\/\/api.w.org\/{rel}","templated":true}]}}