{"id":147887,"date":"2018-12-14T00:04:42","date_gmt":"2018-12-13T23:04:42","guid":{"rendered":"http:\/\/www.leccecronaca.it\/?p=147887"},"modified":"2019-04-27T17:44:37","modified_gmt":"2019-04-27T15:44:37","slug":"lecce-vista-dagli-scrittori-contemporanei-36-trentacinque-posson-bastare","status":"publish","type":"post","link":"https:\/\/www.leccecronaca.it\/index.php\/2018\/12\/14\/lecce-vista-dagli-scrittori-contemporanei-36-trentacinque-posson-bastare\/","title":{"rendered":"LECCE VISTA DAGLI SCRITTORI CONTEMPORANEI \/ 36 &#8211; TRENTACINQUE POSSON BASTARE"},"content":{"rendered":"<p><img decoding=\"async\" loading=\"lazy\" class=\"alignleft wp-image-147888 size-full\" src=\"https:\/\/www.leccecronaca.it\/wordpress\/wp-content\/uploads\/2018\/12\/BUNMO.jpeg\" alt=\"\" width=\"1024\" height=\"744\" srcset=\"https:\/\/www.leccecronaca.it\/wordpress\/wp-content\/uploads\/2018\/12\/BUNMO.jpeg 1024w, https:\/\/www.leccecronaca.it\/wordpress\/wp-content\/uploads\/2018\/12\/BUNMO-300x218.jpeg 300w, https:\/\/www.leccecronaca.it\/wordpress\/wp-content\/uploads\/2018\/12\/BUNMO-768x558.jpeg 768w\" sizes=\"(max-width: 1024px) 100vw, 1024px\" \/>di <strong>Raffaele Polo______<\/strong><\/p>\n<p>Termina oggi la nostra rassegna: sono solo trentacinque i poeti, gli scrittori salentini che si sono occupati della nostra realt\u00e0 e che hanno costruito quella speciale cultura che la realt\u00e0 in cui viviamo troppo spesso ignora.<\/p>\n<p>Trentacinque per un affresco fatto cos\u00ec, in grande leggerezza, quasi a voler dire a s\u00e9 stessi, pi\u00f9 che ad altri, &#8216;hai visto che non \u00e8 vero che il Salento non ha nessun autore di cui vantarsi?&#8217;<\/p>\n<p>&nbsp;<\/p>\n<p>Trentacinque ma sono certamente molti di pi\u00f9: ci siamo limitati ad una piccola rassegna di chi non \u00e8 pi\u00f9 fra noi.<\/p>\n<p>I contemporanei, i viventi, sono molti di pi\u00f9.<\/p>\n<p>&nbsp;<\/p>\n<p>Ma questi trentacinque sono la base, secondo il nostro modestissimo parere, da cui partire per conoscere meglio l&#8217;eredit\u00e0 culturale che ci \u00e8 stata lasciata.<\/p>\n<p>Qualcuno, \u00e8 ovvio, manca nell&#8217;elenco: e chiediamo scusa, a priori, per questo che non \u00e8 certamente un definitivo ed esaustivo novero di autori da collocare sul piedistallo.<\/p>\n<p>Al contrario, proprio da questi nomi bisogna partire, per conoscere e studiare, finalmente, la &#8216;storia della letteratura salentina&#8217; che c&#8217;\u00e8, ha spessore e dignit\u00e0, ha un valore incommensurabile proprio perch\u00e8 nata tra l&#8217;indifferenza e (spesso) l&#8217;ignoranza di noi abitanti della terra meravigliosa che ci ospita, della quale ci vantiamo, ma che conosciamo molto poco&#8230;<\/p>\n<p>&nbsp;<\/p>\n<p>Volevo, proprio perch\u00e9 siamo a Natale, aggiungere un altro paio di nomi, quello di due &#8216;artigiani&#8217; della letteratura, indispensabili per\u00f2 per la diffusione e il sostegno al nostro dialetto: Gino Totaro e Roberto Monaco che, con le loro riviste (La Fera e Lu Puparu) hanno perpetuato, con tenacia ed umilt\u00e0, il piacere di essere leccesi, fin nel profondo dell&#8217;anima.<\/p>\n<p>Di loro conservo un ricordo vivissimo, amichevole e pieno di nostalgia. A loro si deve se il Natale, a Lecce e dintorni, \u00e8 fatto anche di memorie, poesie e ricordi legati alle tradizioni. Li considero, perci\u00f2, indispensabili animatori della nostra cultura.<\/p>\n<p>&nbsp;<\/p>\n<p>Adesso, per\u00f2, basta. Magari riprenderemo sporadicamente il discorso su dialetto, poesia e scritti salentini quando il momento lo determiner\u00e0. Perch\u00e9 dobbiamo viverlo questo luogo magico in cui siamo capitati&#8230;.Con le sue storie, i suoi costumi, le sue debolezze. E, attraverso il filtro della sensibilit\u00e0 dei nostri Poeti, sar\u00e0 ancora pi\u00f9 intrigante perderci nei vicoletti dei nostri centri storici&#8230;______<\/p>\n<p>36 \u2013 Fine______<\/p>\n<p>LA RICERCA nei nostri precedenti articoli della rassegna (stanno nel nostro archivio, accessibile dalla home page, digitando anche semplicemente\u00a0 nome e cognome che interessa nel riquadro \u2018CERCA\u2019 a destra sotto la testata)<\/p>\n<p>1 \u2013\u00a0ERNESTO ALVINO, 13 aprile<\/p>\n<p>2 \u2013\u00a0ENRICO BOZZI, 20 aprile<\/p>\n<p>3 \u2013\u00a0RINA DURANTE, 27 aprile<\/p>\n<p>4 \u2013\u00a0SALVATORE BRUNO, 4 maggio<\/p>\n<p>5 \u2013 CLAUDIA RUGGERI, 11 maggio<\/p>\n<p>6 \u2013 ANTONIO VERRI, 18 maggio<\/p>\n<p>7 \u2013 SALVATORE TOMA, 25 maggio<\/p>\n<p>8 \u2013 RAFFALE PROTOPAPA, 1 giugno<\/p>\n<p>9 \u2013 GIOVANNI POLO, 8 giugno<\/p>\n<p>10 \u2013 FRANCESCANTONIO D\u2019AMELIO, 15 giugno<\/p>\n<p>11 \u2013 GIUSEPPE DE DOMINICIS, 22 giugno<\/p>\n<p>12 \u2013 ROCCO CATALDI, 29 giugno<\/p>\n<p>13 \u2013 VITTORIO PAGANO, 6 luglio<\/p>\n<p>14 \u2013 GIULIO CESARE VIOLA, 13 luglio<\/p>\n<p>15 \u2013 VITO DOMENICO PALUMBO, 20 luglio<\/p>\n<p>16 \u2013 NICOLA G. DE DONNO, 27 luglio<\/p>\n<p>17 \u2013 CESARE MONTE, 3 agosto<\/p>\n<p>18 \u2013 VITTORIO BODINI, 10 agosto<\/p>\n<p>19 \u2013 CARMELO BENE, 17 agosto<\/p>\n<p>20 \u2013 IACOPO ANTONIO FERRARI e ANTONIO DE FERRARIIS, 24 agosto<\/p>\n<p>21 \u2013 GIROLAMO COMI, 31 agosto<\/p>\n<p>22 \u2013 SALVATORE PAOLO, 7 settembre<\/p>\n<p>23 \u2013 MICHELE SAPONARO, 14 settembre<\/p>\n<p>24 \u2013 ERCOLE UGO D\u2019ANDREA, 21 settembre<\/p>\n<p>25 \u2013 FRANCO CORLIANO\u2019, 28 settembre<\/p>\n<p>26 \u2013 DONTO VALLI, 5 ottobre<\/p>\n<p>27 \u2013 ERMINIO GIULIO CAPUTO, 12 ottobre<\/p>\n<p>28 \u2013 GINO DE SANTIS, 19 ottobre<\/p>\n<p>29 \u2013 ENNIO BONEA, 26 ottobre<\/p>\n<p>30 \u2013 OBERDAN LEONE, 2 novembre<\/p>\n<p>31 \u2013 COSIMO DE GIORGI, 9 novembre<\/p>\n<p>32 \u2013 MADDALENA SANTORO, 16 novembre<\/p>\n<p>33 \u2013 MARIO MARTI, 23 novembre<\/p>\n<p>34 \u2013 RAOUL PIGLA, 30 novembre<\/p>\n<p>35 &#8211; ARTURO LEVA, 7 dicembre<\/p>\n<fb:like href='https:\/\/www.leccecronaca.it\/index.php\/2018\/12\/14\/lecce-vista-dagli-scrittori-contemporanei-36-trentacinque-posson-bastare\/' send='true' layout='button_count' show_faces='true' width='450' height='65' action='recommend' colorscheme='light' font='lucida grande'><\/fb:like><span class=\"fb_share\"><fb:like href=\"https:\/\/www.leccecronaca.it\/index.php\/2018\/12\/14\/lecce-vista-dagli-scrittori-contemporanei-36-trentacinque-posson-bastare\/\" layout=\"button_count\"><\/fb:like><\/span>","protected":false},"excerpt":{"rendered":"<p>di Raffaele Polo______ Termina oggi la nostra rassegna: sono solo trentacinque i poeti, gli scrittori salentini che si sono occupati della nostra realt\u00e0 e che hanno costruito quella speciale cultura che la realt\u00e0 in cui viviamo troppo spesso ignora. Trentacinque per un affresco fatto cos\u00ec, in grande leggerezza, quasi a voler dire a s\u00e9 stessi, [&hellip;]<\/p>\n","protected":false},"author":4,"featured_media":147888,"comment_status":"open","ping_status":"closed","sticky":false,"template":"","format":"standard","meta":[],"categories":[31],"tags":[],"_links":{"self":[{"href":"https:\/\/www.leccecronaca.it\/index.php\/wp-json\/wp\/v2\/posts\/147887"}],"collection":[{"href":"https:\/\/www.leccecronaca.it\/index.php\/wp-json\/wp\/v2\/posts"}],"about":[{"href":"https:\/\/www.leccecronaca.it\/index.php\/wp-json\/wp\/v2\/types\/post"}],"author":[{"embeddable":true,"href":"https:\/\/www.leccecronaca.it\/index.php\/wp-json\/wp\/v2\/users\/4"}],"replies":[{"embeddable":true,"href":"https:\/\/www.leccecronaca.it\/index.php\/wp-json\/wp\/v2\/comments?post=147887"}],"version-history":[{"count":1,"href":"https:\/\/www.leccecronaca.it\/index.php\/wp-json\/wp\/v2\/posts\/147887\/revisions"}],"predecessor-version":[{"id":147889,"href":"https:\/\/www.leccecronaca.it\/index.php\/wp-json\/wp\/v2\/posts\/147887\/revisions\/147889"}],"wp:featuredmedia":[{"embeddable":true,"href":"https:\/\/www.leccecronaca.it\/index.php\/wp-json\/wp\/v2\/media\/147888"}],"wp:attachment":[{"href":"https:\/\/www.leccecronaca.it\/index.php\/wp-json\/wp\/v2\/media?parent=147887"}],"wp:term":[{"taxonomy":"category","embeddable":true,"href":"https:\/\/www.leccecronaca.it\/index.php\/wp-json\/wp\/v2\/categories?post=147887"},{"taxonomy":"post_tag","embeddable":true,"href":"https:\/\/www.leccecronaca.it\/index.php\/wp-json\/wp\/v2\/tags?post=147887"}],"curies":[{"name":"wp","href":"https:\/\/api.w.org\/{rel}","templated":true}]}}