{"id":147993,"date":"2018-12-17T00:02:49","date_gmt":"2018-12-16T23:02:49","guid":{"rendered":"http:\/\/www.leccecronaca.it\/?p=147993"},"modified":"2018-12-17T09:37:44","modified_gmt":"2018-12-17T08:37:44","slug":"note-darte-asta-microcollezionismo-a-lecce-martedi18","status":"publish","type":"post","link":"https:\/\/www.leccecronaca.it\/index.php\/2018\/12\/17\/note-darte-asta-microcollezionismo-a-lecce-martedi18\/","title":{"rendered":"NOTE D&#8217;ARTE \/ &#8216;MICROCOLLEZIONISMO&#8217; A LECCE MARTEDI&#8217;18"},"content":{"rendered":"<p><img decoding=\"async\" loading=\"lazy\" class=\"alignleft wp-image-147994 size-large\" src=\"https:\/\/www.leccecronaca.it\/wordpress\/wp-content\/uploads\/2018\/12\/Schermata-06-2456831-alle-08.23.33-1024x521.png\" alt=\"\" width=\"1024\" height=\"521\" srcset=\"https:\/\/www.leccecronaca.it\/wordpress\/wp-content\/uploads\/2018\/12\/Schermata-06-2456831-alle-08.23.33-1024x521.png 1024w, https:\/\/www.leccecronaca.it\/wordpress\/wp-content\/uploads\/2018\/12\/Schermata-06-2456831-alle-08.23.33-300x153.png 300w, https:\/\/www.leccecronaca.it\/wordpress\/wp-content\/uploads\/2018\/12\/Schermata-06-2456831-alle-08.23.33-768x391.png 768w, https:\/\/www.leccecronaca.it\/wordpress\/wp-content\/uploads\/2018\/12\/Schermata-06-2456831-alle-08.23.33.png 1222w\" sizes=\"(max-width: 1024px) 100vw, 1024px\" \/>di <strong>Raffaele Polo<\/strong>______<\/p>\n<p>Simile ad un&#8217;asta e con tutto il fascinoso corredo di informazioni e sollecitazioni, si svolge marted\u00ec 18 dicembre 2018 alle ore 19.00, ShopOpera, a cura di Laura Lerario e organizzata da Kunstschau_Contemporary Place, la mostra-evento rivolta allo sviluppo del \u201cmicro-collezionismo\u201d, presso il Fondo Verri (nella foto), spazio teatrale\/espositivo in via Santa Maria del Paradiso 8, nel centro storico di Lecce.<\/p>\n<p>Opere di piccolo e medio formato di Dario Agrimi, Pierluca Cetera, Raffaele Fiorella, Alberto Fiorin, Gianmaria Giannetti, Simona Anna Gentile, Sandro Greco, Ignazio Fabio Mazzola, Mariantonietta Clotilde Palasciano, Giorgia Prontera, Davide Russo, e Francesco Zavattari, unitamente ai recenti lavori degli artisti del collettivo Kunstschau \u2013 Violetta Barba, Grazia Amelia Bellitta, Chiara Bevilacqua, Roberto Ciardo, Anna Dormio, Giancarlo Nunziato, Lucia Flora Reho, Giulio Ribezzo, Francesco Strabone e Salvatore Vantaggiato \u2013 potranno entrare nelle case di giovani collezionisti o diventare un regalo originale, acquisito a prezzi ben inferiori al valore di mercato. La serata sar\u00e0 condotta dal Dott. Vincenzo Sparviero.<\/p>\n<p>ShopOpera vuole essere un momento d\u2019incontro e un\u2019opportunit\u00e0 per accostarsi a ricerche innovative, in cui le opere dialogano con il visitatore attraverso i loro differenti stili e linguaggi. Una sperimentazione poliedrica e diversificata che vede un continuo alternarsi di opere pittoriche, incisioni, disegni, oggetti d\u2019arte, immagini fotografiche, il tutto scandito dal suono di una campanella e dalla voce di un battitore d\u2019asta.<\/p>\n<p>Attraverso una timing-exhibition in cui ogni opera verr\u00e0 esposta solo per pochi minuti consentendo una modalit\u00e0 di acquisizione get or leave, il pubblico della serata, potr\u00e0 acquisire opere di piccolo e medio formato a basso costo, sostenendo in tal modo sia giovani artisti che l\u2019intero collettivo.<\/p>\n<p>La finalit\u00e0 dell\u2019evento \u00e8 quella di sostenere le attivit\u00e0 di Kunstschau del 2019 e di incentivare la buona pratica del collezionismo. Pratica che alimenta il piacere estetico e culturale, sostenendo una intensa conoscenza e passione per l\u2019arte contemporanea.<\/p>\n<p>&nbsp;<\/p>\n<p>&nbsp;<\/p>\n<p>&nbsp;<\/p>\n<p>&nbsp;<\/p>\n<fb:like href='https:\/\/www.leccecronaca.it\/index.php\/2018\/12\/17\/note-darte-asta-microcollezionismo-a-lecce-martedi18\/' send='true' layout='button_count' show_faces='true' width='450' height='65' action='recommend' colorscheme='light' font='lucida grande'><\/fb:like><span class=\"fb_share\"><fb:like href=\"https:\/\/www.leccecronaca.it\/index.php\/2018\/12\/17\/note-darte-asta-microcollezionismo-a-lecce-martedi18\/\" layout=\"button_count\"><\/fb:like><\/span>","protected":false},"excerpt":{"rendered":"<p>di Raffaele Polo______ Simile ad un&#8217;asta e con tutto il fascinoso corredo di informazioni e sollecitazioni, si svolge marted\u00ec 18 dicembre 2018 alle ore 19.00, ShopOpera, a cura di Laura Lerario e organizzata da Kunstschau_Contemporary Place, la mostra-evento rivolta allo sviluppo del \u201cmicro-collezionismo\u201d, presso il Fondo Verri (nella foto), spazio teatrale\/espositivo in via Santa Maria [&hellip;]<\/p>\n","protected":false},"author":4,"featured_media":147994,"comment_status":"open","ping_status":"closed","sticky":false,"template":"","format":"standard","meta":[],"categories":[31,75],"tags":[],"_links":{"self":[{"href":"https:\/\/www.leccecronaca.it\/index.php\/wp-json\/wp\/v2\/posts\/147993"}],"collection":[{"href":"https:\/\/www.leccecronaca.it\/index.php\/wp-json\/wp\/v2\/posts"}],"about":[{"href":"https:\/\/www.leccecronaca.it\/index.php\/wp-json\/wp\/v2\/types\/post"}],"author":[{"embeddable":true,"href":"https:\/\/www.leccecronaca.it\/index.php\/wp-json\/wp\/v2\/users\/4"}],"replies":[{"embeddable":true,"href":"https:\/\/www.leccecronaca.it\/index.php\/wp-json\/wp\/v2\/comments?post=147993"}],"version-history":[{"count":2,"href":"https:\/\/www.leccecronaca.it\/index.php\/wp-json\/wp\/v2\/posts\/147993\/revisions"}],"predecessor-version":[{"id":148163,"href":"https:\/\/www.leccecronaca.it\/index.php\/wp-json\/wp\/v2\/posts\/147993\/revisions\/148163"}],"wp:featuredmedia":[{"embeddable":true,"href":"https:\/\/www.leccecronaca.it\/index.php\/wp-json\/wp\/v2\/media\/147994"}],"wp:attachment":[{"href":"https:\/\/www.leccecronaca.it\/index.php\/wp-json\/wp\/v2\/media?parent=147993"}],"wp:term":[{"taxonomy":"category","embeddable":true,"href":"https:\/\/www.leccecronaca.it\/index.php\/wp-json\/wp\/v2\/categories?post=147993"},{"taxonomy":"post_tag","embeddable":true,"href":"https:\/\/www.leccecronaca.it\/index.php\/wp-json\/wp\/v2\/tags?post=147993"}],"curies":[{"name":"wp","href":"https:\/\/api.w.org\/{rel}","templated":true}]}}