{"id":148190,"date":"2018-12-17T22:47:09","date_gmt":"2018-12-17T21:47:09","guid":{"rendered":"http:\/\/www.leccecronaca.it\/?p=148190"},"modified":"2018-12-18T11:56:22","modified_gmt":"2018-12-18T10:56:22","slug":"nandu-popu-superstar","status":"publish","type":"post","link":"https:\/\/www.leccecronaca.it\/index.php\/2018\/12\/17\/nandu-popu-superstar\/","title":{"rendered":"NANDU POPU SUPERSTAR"},"content":{"rendered":"<p><img decoding=\"async\" loading=\"lazy\" class=\"alignleft size-full wp-image-148194\" src=\"https:\/\/www.leccecronaca.it\/wordpress\/wp-content\/uploads\/2018\/12\/fb-cover.jpg\" alt=\"\" width=\"960\" height=\"960\" srcset=\"https:\/\/www.leccecronaca.it\/wordpress\/wp-content\/uploads\/2018\/12\/fb-cover.jpg 960w, https:\/\/www.leccecronaca.it\/wordpress\/wp-content\/uploads\/2018\/12\/fb-cover-300x300.jpg 300w, https:\/\/www.leccecronaca.it\/wordpress\/wp-content\/uploads\/2018\/12\/fb-cover-150x150.jpg 150w, https:\/\/www.leccecronaca.it\/wordpress\/wp-content\/uploads\/2018\/12\/fb-cover-768x768.jpg 768w, https:\/\/www.leccecronaca.it\/wordpress\/wp-content\/uploads\/2018\/12\/fb-cover-60x60.jpg 60w\" sizes=\"(max-width: 960px) 100vw, 960px\" \/>(g.p.)______E&#8217; appena ritornato da una lunga tourn\u00e9e all&#8217;estero, scandita da una dozzina di concerti di successo con i suoi Sud Sound System.<\/p>\n<p>Ma intanto ha gi\u00e0 fatto un live a Martano, senza offesa per Parigi, Malaga e Bruxelles, e domenica prossima sar\u00e0 di nuovo sul palco, a Lecce, questa volta quello teatrale che si contamina con la musica.<\/p>\n<p>&nbsp;<\/p>\n<p>Questo \u00e8 Fernando Blasi, in arte Nandu Popu, sempre pi\u00f9 che mai sulla cresta dell&#8217;onda, cos\u00ec come sempre attivamente impegnato sui fronti della difesa dell&#8217; ambiente e del territorio.<\/p>\n<p>&nbsp;<\/p>\n<p>Un Nandu Popu maturo, consapevole, lucido, determinato, che rivendica con orgoglio il suo passato di esploratore sui campi di battaglia europei delle tendenze musicali, le sue scelte di vita, le esperienze fatte, il suo impegno &#8216;politico&#8217;, che guarda ora per\u00f2 con disillusione pi\u00f9 che con disincanto al sistema di adesso, prefabbricato e deciso dai talent, dalle televisioni (<em>&#8220;la musica sta morendo&#8221;<\/em>), ma sempre aperto per s\u00e9 stesso e per gli altri &#8211; i settecento spettatori del Teatro Apollo il 4 dicembre scorso erano tutti incantati e commossi per il suo brano inedito che ha dedicato a Carlotta, per lo spettacolo teatrale &#8220;La Dea Trans&#8221; &#8211; ad altre esperienze artistiche, che spaziano dalla letteratura, al teatro, oltre che alle note.<\/p>\n<p><img decoding=\"async\" loading=\"lazy\" class=\"alignleft size-full wp-image-148193\" src=\"https:\/\/www.leccecronaca.it\/wordpress\/wp-content\/uploads\/2018\/12\/confb.jpg\" alt=\"\" width=\"960\" height=\"715\" srcset=\"https:\/\/www.leccecronaca.it\/wordpress\/wp-content\/uploads\/2018\/12\/confb.jpg 960w, https:\/\/www.leccecronaca.it\/wordpress\/wp-content\/uploads\/2018\/12\/confb-300x223.jpg 300w, https:\/\/www.leccecronaca.it\/wordpress\/wp-content\/uploads\/2018\/12\/confb-768x572.jpg 768w\" sizes=\"(max-width: 960px) 100vw, 960px\" \/><\/p>\n<p>&nbsp;<\/p>\n<p>Di ritorno dai palcoscenici dei concerti europei di pochi giorni fa, ha affidato al suo diario di Facebook una riflessione &#8216;forte&#8217;: &#8220;<em>In questi giorni ho riflettuto sull\u2019evidente legame tra la crescita dei nostri concerti all&#8217;estero e l&#8217;assurda emorragia di giovani italiani, soprattutto dal Sud Italia: ne ho ricavato che suoniamo molto spesso all&#8217;estero proprio perch\u00e9 i nostri giovani non sono pi\u00f9 in Italia.\u00a0<\/em><br \/>\n<em>Ormai i giovani italiani sono tutti all&#8217;estero.\u00a0<\/em><br \/>\n<em>Neppure il Nord riesce a trattenerli, anzi, i giovani del Nord stanno scappando via come accadeva al sud nei decenni scorsi.<\/em><br \/>\n<em>Ci\u00f2 che rimane dell&#8217;Italia \u00e8 una nazione di vecchi salviniani vittime di turbe e psicosi sorte soprattutto a causa del riuscitissimo rincoglionimento televisivo berlusconiano e dal rifiuto di far crescere la cultura individuale e sociale.<\/em><br \/>\n<em>Ignoranti e criminali&#8221;.<\/em><\/p>\n<p><img decoding=\"async\" loading=\"lazy\" class=\"alignleft size-full wp-image-148191\" src=\"https:\/\/www.leccecronaca.it\/wordpress\/wp-content\/uploads\/2018\/12\/nptea.jpg\" alt=\"\" width=\"960\" height=\"504\" srcset=\"https:\/\/www.leccecronaca.it\/wordpress\/wp-content\/uploads\/2018\/12\/nptea.jpg 960w, https:\/\/www.leccecronaca.it\/wordpress\/wp-content\/uploads\/2018\/12\/nptea-300x158.jpg 300w, https:\/\/www.leccecronaca.it\/wordpress\/wp-content\/uploads\/2018\/12\/nptea-768x403.jpg 768w\" sizes=\"(max-width: 960px) 100vw, 960px\" \/><\/p>\n<p>&nbsp;<\/p>\n<p>Domenica prossima riporta in scena il suo spettacolo teatrale:<\/p>\n<p>&#8220;<em>Il 23 Dicembre vi aspettiamo alla Nuova Ferramente Arci.<\/em><\/p>\n<p><em>Salento Fuoco e Fumo, il libro diventa un monologo<\/em><br \/>\n<em>Pubblicato da Laterza Editori nel Luglio del 2012 continua a riscuotere successo e interesse perche\u0301 narra le vicende di un giovane salentino amante della sua Terra e attivo nella lotta contro le ecomafie che speculano sul territorio cancellando il futuro e la salute dei suoi abitanti.<\/em><br \/>\n<em>Mattia, la voce narrante del racconto, non esitera\u0300 a mettersi contro i suoi genitori<span class=\"text_exposed_show\">\u00a0pur di portare avanti la sua battaglia, supportato dall\u2019esperienza e i consigli di Zio Maurizio, un giornalista che tenta in ogni modo di ristabilire il diritto in una terra dominata dalle ecomafie. Le vicende e le esperienze di Mattia rappresentano la sintesi delle battaglie ambientaliste salentine, che ancora oggi si tengono nel Salento, soprattutto a Taranto e Brindisi, due citta\u0300 strette nel ricatto occupazionale da una nazione strana che ha condannato il Sud Italia al triste ruolo di colonia interna al Paese.<br \/>\nDi grande attualita\u0300 le prime due pagine del capitolo IV, dedicato agli ulivi di Otranto, che negli ultimi due anni e\u0300 diventato l\u2019inno della resistenza contadina contro la mafia-xylella, ostacolata grazie anche all\u2019impegno dell\u2019artista.<br \/>\nSalento Fuoco e Fumo oggi e\u0300 diventato un monologo che ha una durata di circa 90-100 minuti in cui emergono le tematice salienti del libro e cioe\u0300: salute pubblica, ambiente, natura, enogastronomia e sport (mountain biking). Questo spettacolo offre l\u2019opportunita\u0300 di conoscere meglio una Terra che negli ultimi anni e\u0300 diventata meta\u0300 ambita del turismo internazionale, lugohi stupendi che rischiano di essere irrimediabilmente rovinati dalle ecomafie, dall\u2019incuria di molti am- ministratori e da modelli produttivi ormai vetusti e abominevoli.<br \/>\nLo spettacolo prevede l\u2019esecuzione di sei brani estratti dalla playlist del libro (Casa Mia, La ballata del precario, Lontano, Radici ca tieni, Come un gabbiano e Filu de Ientu) accompagnati dai KUMPALOCA&#8221;.<\/span><\/em><\/p>\n<p>Poi, ha sempre il nuovo romanzo da finire, in cui lo ritroveremo presto alle prese con la narrativa.<\/p>\n<p>E poi, ancora non lo so, ma sta gi\u00e0 pensando a nuove avventure professionali e artistiche.<\/p>\n<fb:like href='https:\/\/www.leccecronaca.it\/index.php\/2018\/12\/17\/nandu-popu-superstar\/' send='true' layout='button_count' show_faces='true' width='450' height='65' action='recommend' colorscheme='light' font='lucida grande'><\/fb:like><span class=\"fb_share\"><fb:like href=\"https:\/\/www.leccecronaca.it\/index.php\/2018\/12\/17\/nandu-popu-superstar\/\" layout=\"button_count\"><\/fb:like><\/span>","protected":false},"excerpt":{"rendered":"<p>(g.p.)______E&#8217; appena ritornato da una lunga tourn\u00e9e all&#8217;estero, scandita da una dozzina di concerti di successo con i suoi Sud Sound System. Ma intanto ha gi\u00e0 fatto un live a Martano, senza offesa per Parigi, Malaga e Bruxelles, e domenica prossima sar\u00e0 di nuovo sul palco, a Lecce, questa volta quello teatrale che si contamina [&hellip;]<\/p>\n","protected":false},"author":4,"featured_media":148194,"comment_status":"open","ping_status":"closed","sticky":false,"template":"","format":"standard","meta":[],"categories":[69,31,75],"tags":[],"_links":{"self":[{"href":"https:\/\/www.leccecronaca.it\/index.php\/wp-json\/wp\/v2\/posts\/148190"}],"collection":[{"href":"https:\/\/www.leccecronaca.it\/index.php\/wp-json\/wp\/v2\/posts"}],"about":[{"href":"https:\/\/www.leccecronaca.it\/index.php\/wp-json\/wp\/v2\/types\/post"}],"author":[{"embeddable":true,"href":"https:\/\/www.leccecronaca.it\/index.php\/wp-json\/wp\/v2\/users\/4"}],"replies":[{"embeddable":true,"href":"https:\/\/www.leccecronaca.it\/index.php\/wp-json\/wp\/v2\/comments?post=148190"}],"version-history":[{"count":5,"href":"https:\/\/www.leccecronaca.it\/index.php\/wp-json\/wp\/v2\/posts\/148190\/revisions"}],"predecessor-version":[{"id":148204,"href":"https:\/\/www.leccecronaca.it\/index.php\/wp-json\/wp\/v2\/posts\/148190\/revisions\/148204"}],"wp:featuredmedia":[{"embeddable":true,"href":"https:\/\/www.leccecronaca.it\/index.php\/wp-json\/wp\/v2\/media\/148194"}],"wp:attachment":[{"href":"https:\/\/www.leccecronaca.it\/index.php\/wp-json\/wp\/v2\/media?parent=148190"}],"wp:term":[{"taxonomy":"category","embeddable":true,"href":"https:\/\/www.leccecronaca.it\/index.php\/wp-json\/wp\/v2\/categories?post=148190"},{"taxonomy":"post_tag","embeddable":true,"href":"https:\/\/www.leccecronaca.it\/index.php\/wp-json\/wp\/v2\/tags?post=148190"}],"curies":[{"name":"wp","href":"https:\/\/api.w.org\/{rel}","templated":true}]}}