{"id":148245,"date":"2018-12-19T11:07:19","date_gmt":"2018-12-19T10:07:19","guid":{"rendered":"http:\/\/www.leccecronaca.it\/?p=148245"},"modified":"2018-12-19T11:07:19","modified_gmt":"2018-12-19T10:07:19","slug":"concerto-di-natale-a-lecce-domenica-23","status":"publish","type":"post","link":"https:\/\/www.leccecronaca.it\/index.php\/2018\/12\/19\/concerto-di-natale-a-lecce-domenica-23\/","title":{"rendered":"CONCERTO DI NATALE A LECCE DOMENICA 23"},"content":{"rendered":"<p><img decoding=\"async\" loading=\"lazy\" class=\"alignleft size-full wp-image-148247\" src=\"https:\/\/www.leccecronaca.it\/wordpress\/wp-content\/uploads\/2018\/12\/37008573_628189264229683_9210005540283875328_n.jpg\" alt=\"\" width=\"949\" height=\"960\" srcset=\"https:\/\/www.leccecronaca.it\/wordpress\/wp-content\/uploads\/2018\/12\/37008573_628189264229683_9210005540283875328_n.jpg 949w, https:\/\/www.leccecronaca.it\/wordpress\/wp-content\/uploads\/2018\/12\/37008573_628189264229683_9210005540283875328_n-297x300.jpg 297w, https:\/\/www.leccecronaca.it\/wordpress\/wp-content\/uploads\/2018\/12\/37008573_628189264229683_9210005540283875328_n-768x777.jpg 768w, https:\/\/www.leccecronaca.it\/wordpress\/wp-content\/uploads\/2018\/12\/37008573_628189264229683_9210005540283875328_n-60x60.jpg 60w\" sizes=\"(max-width: 949px) 100vw, 949px\" \/>Riceviamo e volentieri pubblichiamo. L&#8217;associazione Nova LiberArs ci manda il seguente comunicato______<\/p>\n<p>\u201cSacre Armonie\u201d: a Lecce, un concerto di Natale per raccogliere fondi da devolvere alla Caritas Diocesana<\/p>\n<p>Il Concerto di Natale per soli, coro, organo e orchestra promosso ed organizzato dall\u2019Associazione Culturale \u201cOrchestra da Camera di Lecce e del Salento\u201d in collaborazione con il Conservatorio \u201cTito Schipa\u201d di Lecce e l\u2019Associazione di Promozione Sociale \u201cNova LiberArs<\/p>\n<p>Duomo di Lecce, domenica 23 dicembre 2018 ore 19.15<\/p>\n<p>Domenica 23 dicembre 2018, alle ore 19.15, appuntamento con la musica sacra, nella Chiesa Cattedrale di Lecce, in piazza Duomo, per il tradizionale\u00a0Concerto di Natale, alla presenza dell\u2019Arcivescovo di Lecce,\u00a0Mons. Michele Seccia\u00a0e di numerose autorit\u00e0 civili, religiose e militari, in preparazione alla celebrazione del Natale.<\/p>\n<p>L\u2019evento \u00e8 organizzato dall\u2019 Associazione Culturale\u00a0\u201cOrchestra da Camera di Lecce e del Salento\u201d &#8211;\u00a0fondata nel 2016 e\u00a0presieduta da\u00a0Luigi Mazzotta\u00a0-, in collaborazione con il\u00a0Conservatorio di Musica \u201cTito Schipa\u201d\u00a0 di Lecce e dell\u2019Associazione di Promozione Sociale\u00a0\u201cNova LiberArs\u201d\u00a0di Novoli.<\/p>\n<p>&nbsp;<\/p>\n<p>\u201cSacre armonie\u201d:\u00a0non solo un concerto, ma una serata d\u2019eccellenza, all\u2019insegna della buona musica che riscalda i cuori e trasporta nella magica atmosfera natalizia, accompagnati dalla voce della giovane talentuosa il soprano\u00a0Ilaria Gusella\u00a0e dalle trombe di\u00a0Emilio Mazzotta\u00a0e\u00a0Valerio Vantaggio\u00a0e dall\u2019organo di\u00a0Francesco Scarcella.<\/p>\n<p>Ampio e variegato anche il repertorio eseguito dal\u00a0Coro Polifonico\u00a0e\u00a0dall\u2019Orchestra da Camera di Lecce e del Salento\u00a0diretti da\u00a0Luigi Mazzotta: Vivaldi, Mozart, Hendel, Bach\u2026\u00a0brani sacri pi\u00f9 e meno noti pervasi, per\u00f2, di tanta spiritualit\u00e0.<\/p>\n<p>Il concerto gode del Patrocinio dell\u2019Arcidiocesi di Lecce, della Regione Puglia, della Provincia di Lecce\u00a0e\u00a0del Comune di Lecce.<\/p>\n<p>Il ricavato offerto e raccolto nel corso della serata sar\u00e0 devoluto alla Caritas Diocesana\u00a0affinch\u00e9 il Natale sia vissuto non solo come una festa esteriore ma come occasione propizia per promuovere una solidariet\u00e0 fraterna e gioiosa capace di sovvenire ai bisogni dei meno fortunati e sostenga la loro speranza!<\/p>\n<p>Ingresso gratuito<\/p>\n<p><img decoding=\"async\" loading=\"lazy\" class=\"alignleft size-full wp-image-148246\" src=\"https:\/\/www.leccecronaca.it\/wordpress\/wp-content\/uploads\/2018\/12\/Locandina-Evento-23-dicembre-2018-Duomo-di-Lecce-1.jpeg\" alt=\"\" width=\"800\" height=\"1163\" srcset=\"https:\/\/www.leccecronaca.it\/wordpress\/wp-content\/uploads\/2018\/12\/Locandina-Evento-23-dicembre-2018-Duomo-di-Lecce-1.jpeg 800w, https:\/\/www.leccecronaca.it\/wordpress\/wp-content\/uploads\/2018\/12\/Locandina-Evento-23-dicembre-2018-Duomo-di-Lecce-1-206x300.jpeg 206w, https:\/\/www.leccecronaca.it\/wordpress\/wp-content\/uploads\/2018\/12\/Locandina-Evento-23-dicembre-2018-Duomo-di-Lecce-1-704x1024.jpeg 704w, https:\/\/www.leccecronaca.it\/wordpress\/wp-content\/uploads\/2018\/12\/Locandina-Evento-23-dicembre-2018-Duomo-di-Lecce-1-768x1116.jpeg 768w\" sizes=\"(max-width: 800px) 100vw, 800px\" \/><\/p>\n<p>&nbsp;<\/p>\n<p>&nbsp;<\/p>\n<p>&nbsp;<\/p>\n<p>&nbsp;<\/p>\n<fb:like href='https:\/\/www.leccecronaca.it\/index.php\/2018\/12\/19\/concerto-di-natale-a-lecce-domenica-23\/' send='true' layout='button_count' show_faces='true' width='450' height='65' action='recommend' colorscheme='light' font='lucida grande'><\/fb:like><span class=\"fb_share\"><fb:like href=\"https:\/\/www.leccecronaca.it\/index.php\/2018\/12\/19\/concerto-di-natale-a-lecce-domenica-23\/\" layout=\"button_count\"><\/fb:like><\/span>","protected":false},"excerpt":{"rendered":"<p>Riceviamo e volentieri pubblichiamo. L&#8217;associazione Nova LiberArs ci manda il seguente comunicato______ \u201cSacre Armonie\u201d: a Lecce, un concerto di Natale per raccogliere fondi da devolvere alla Caritas Diocesana Il Concerto di Natale per soli, coro, organo e orchestra promosso ed organizzato dall\u2019Associazione Culturale \u201cOrchestra da Camera di Lecce e del Salento\u201d in collaborazione con il [&hellip;]<\/p>\n","protected":false},"author":4,"featured_media":148247,"comment_status":"open","ping_status":"closed","sticky":false,"template":"","format":"standard","meta":[],"categories":[69,31,75],"tags":[],"_links":{"self":[{"href":"https:\/\/www.leccecronaca.it\/index.php\/wp-json\/wp\/v2\/posts\/148245"}],"collection":[{"href":"https:\/\/www.leccecronaca.it\/index.php\/wp-json\/wp\/v2\/posts"}],"about":[{"href":"https:\/\/www.leccecronaca.it\/index.php\/wp-json\/wp\/v2\/types\/post"}],"author":[{"embeddable":true,"href":"https:\/\/www.leccecronaca.it\/index.php\/wp-json\/wp\/v2\/users\/4"}],"replies":[{"embeddable":true,"href":"https:\/\/www.leccecronaca.it\/index.php\/wp-json\/wp\/v2\/comments?post=148245"}],"version-history":[{"count":1,"href":"https:\/\/www.leccecronaca.it\/index.php\/wp-json\/wp\/v2\/posts\/148245\/revisions"}],"predecessor-version":[{"id":148248,"href":"https:\/\/www.leccecronaca.it\/index.php\/wp-json\/wp\/v2\/posts\/148245\/revisions\/148248"}],"wp:featuredmedia":[{"embeddable":true,"href":"https:\/\/www.leccecronaca.it\/index.php\/wp-json\/wp\/v2\/media\/148247"}],"wp:attachment":[{"href":"https:\/\/www.leccecronaca.it\/index.php\/wp-json\/wp\/v2\/media?parent=148245"}],"wp:term":[{"taxonomy":"category","embeddable":true,"href":"https:\/\/www.leccecronaca.it\/index.php\/wp-json\/wp\/v2\/categories?post=148245"},{"taxonomy":"post_tag","embeddable":true,"href":"https:\/\/www.leccecronaca.it\/index.php\/wp-json\/wp\/v2\/tags?post=148245"}],"curies":[{"name":"wp","href":"https:\/\/api.w.org\/{rel}","templated":true}]}}