{"id":148261,"date":"2018-12-19T15:23:23","date_gmt":"2018-12-19T14:23:23","guid":{"rendered":"http:\/\/www.leccecronaca.it\/?p=148261"},"modified":"2018-12-19T15:27:48","modified_gmt":"2018-12-19T14:27:48","slug":"ultimora-niente-sanzioni-all-italia-ma-il-governo-accetta-il-diktat-dell-unione-europea-cosa-sara-adesso-del-reddito-di-cittadinanza-e-della-riforma-del-sistema-pensionistico","status":"publish","type":"post","link":"https:\/\/www.leccecronaca.it\/index.php\/2018\/12\/19\/ultimora-niente-sanzioni-all-italia-ma-il-governo-accetta-il-diktat-dell-unione-europea-cosa-sara-adesso-del-reddito-di-cittadinanza-e-della-riforma-del-sistema-pensionistico\/","title":{"rendered":"ULTIM&#8217;ORA \/ ACCORDO CHIUSO. NIENTE SANZIONI ALL&#8217; ITALIA, MA IL GOVERNO ACCETTA IL DIKTAT DELL&#8217; UNIONE EUROPEA. COSA SARA&#8217; ADESSO DEL REDDITO DI CITTADINANZA E DELLA RIFORMA DELLA LEGGE FORNERO?"},"content":{"rendered":"<p><img decoding=\"async\" loading=\"lazy\" class=\"alignleft size-full wp-image-148262\" src=\"https:\/\/www.leccecronaca.it\/wordpress\/wp-content\/uploads\/2018\/12\/CONTE_SEN_0.jpg\" alt=\"\" width=\"860\" height=\"600\" srcset=\"https:\/\/www.leccecronaca.it\/wordpress\/wp-content\/uploads\/2018\/12\/CONTE_SEN_0.jpg 860w, https:\/\/www.leccecronaca.it\/wordpress\/wp-content\/uploads\/2018\/12\/CONTE_SEN_0-300x209.jpg 300w, https:\/\/www.leccecronaca.it\/wordpress\/wp-content\/uploads\/2018\/12\/CONTE_SEN_0-768x536.jpg 768w\" sizes=\"(max-width: 860px) 100vw, 860px\" \/>di <strong>Giuseppe Puppo<\/strong>______Con una conferenza stampa del\u00a0vice presidente Valdis Dombrovskis\u00a0 e del\u00a0commissario agli Affari economici Pierre Moscovici questa mattina, a mezzogiorno, l&#8217; Unione Europea ha annunciato di aver raggiunto un accordo sull&#8217; Italia sulla\u00a0manovra economica dell&#8217; esecutivo italiano; e di desistere pertanto dalla preannunciata procedura di infrazione nel suoi confronti:\u00a0<em>&#8220;La soluzione sul tavolo non \u00e8 quella ideale. Non offre una soluzione a lungo termine ai problemi economici dell\u2019Italia. Ma in questo momento ci permette di evitare una procedura per deficit eccessivo\u201d.<\/em><\/p>\n<p>E&#8217; confermato quanto era emerso nei giorni scorsi:\u00a0l\u2019Italia ha ridotto il deficit nominale 2019 al 2,04% del Pil, dal 2,4% che aveva previsto originariamente, e ha anche tagliato all\u20191% dall\u20191,5% le previsioni di crescita per il prossimo anno.<\/p>\n<p>Il disavanzo strutturale, di cui era stata chiesta una riduzione dell&#8217; 0.6 %, rester\u00e0 immutato.<\/p>\n<p>E&#8217; stato comunicato inoltre che l&#8217; Unione Europea monitorer\u00e0 l\u2019applicazione delle misure concordate, e che in caso di non osservAnza riproporr\u00e0 l\u2019azione disciplinare.<\/p>\n<p>&nbsp;<\/p>\n<p>Dal canto suo, il presidente del consiglio italiano Giuseppe Conte (che poco dopo ha riferito in Senato, nella foto, sull&#8217; esito della trattativa, ha ribadito, sempre senza spiegare come ci\u00f2 sia possibile, che le minori disponibilit\u00e0 derivanti dall abbassamento del deficit di bilancio al 2,04 % in luogo del 2,4 originariamente\u00a0\u00a0previsto, non comporta rinvii per l\u2019entrata in vigore di reddito di cittadinanza e l&#8217;introduzione della cos\u00ec detta quota 100 per la Legge Fornero: accordo con l&#8217; Unione Eurpea <em>&#8220;senza modificare contenuti, platea destinatari e tempi di attuazione degli interventi pi\u00f9 importanti\u201d.<\/em><\/p>\n<p>Ha parlato solo genericamente di una web tax e di una stretta fiscale sui giochi d\u2019azzardo:\u00a0\u201c<em>Abbiamo previsto un\u2019imposta sui servizi digitali gravante sui soggetti che nell\u2019esercizio dell\u2019attivit\u00e0 di impresa prestino servizi digitali e superino determinate soglie di ricavi\u201d.<\/em><\/p>\n<p>Ed ha cos\u00ec concluso:<em> \u201cAll\u2019esito di una trattativa serrata condotta con tenacia e determinazione, abbiamo raggiunto un punto di equilibrio sostenibile, attestandoci su di uno scostamento che rimarca un valore comunque superiore a quello che la Commissione riteneva idoneo&#8230;<\/em><\/p>\n<p><em>L\u2019azione di Governo pu\u00f2 adesso proseguire a ritmo pieno, senza gli effetti pregiudizievoli che una procedura di infrazione avrebbe comportato per l\u2019esercizio delle prerogative di politica economica che legittimamente spettano a un Governo che voglia realizzare un significativo cambiamento nell\u2019ambito della vita politica, economica e sociale del Paese.<\/em><\/p>\n<p><em>Non abbiamo tradito la fiducia che i cittadini hanno riposto in noi. E mai lo faremo sino a quando continueremo a esercitare la responsabilit\u00e0 di governo&#8221;.<\/em><\/p>\n<p>&nbsp;<\/p>\n<p>Niente sanzioni, quindi.<\/p>\n<p>E figuraccia del governo intero, che si piega ai diktat dei banchieri e dei burocrati.<\/p>\n<p>Ora si tratta di capire come faranno a fare quanto avevano promesso su reddito di cittadinanza e su riforma della cos\u00ec detta legge Fornero che introdusse pesanti limiti al diritto maturatoalla pensione dei lavoratori.<\/p>\n<p>.A dirla tutta, a dire sempre la verit\u00e0 oggettiva, Matteo Salvini aveva detto che la legge Fornero sarebbe stata abolita, tout court, alla prima riunione del nuovo esecutivo. Sono passati sei mesi, non \u00e8 stato fatto niente, ancora non si sa, non si capisce, non c&#8217;\u00e8 uno straccio di testo scritto, che cosa vogliano fare: sar\u00e0 un contentino?<\/p>\n<p>A dirla tutta, a dire sempre la verit\u00e0 oggettiva, Luigi Di Maio aveva detto che c&#8217;erano gi\u00e0 le coperture finanziarie per l&#8217;introduzione di un sussidio di assistenza ai senza lavoro e ai poveri di circa 760 euro generalizzati.<\/p>\n<p>Sono passati sei mesi, non \u00e8 stato fatto niente, ancora non si sa, non si capisce, non c&#8217;\u00e8 uno straccio di testo scritto, che cosa vogliano fare: sar\u00e0 un contentino?<\/p>\n<p>Qui i due leader si giocano la credibilit\u00e0 loro, dei loro partiti e dell&#8217;intero governo, gi\u00e0 abbondantemente compromessa da tutto quello han fatto e non han fatto finora.<\/p>\n<p>Di sicuro, la &#8220;notte storica&#8221; del 28 settembre scorso, in cui veniva annunciata al popolo &#8220;la fine della povert\u00e0&#8221; e la &#8220;felicit\u00e0&#8221; appare gi\u00e0 uno sbiadito ricordo, un sogno infranto, il sogno di una notte magica che rischia di trasformarsi in un incubo._______<\/p>\n<p>L&#8217; APPROFONDIMENTO nei nostri articoli del 28 settembre e del 12 dicembre scorsi<\/p>\n<blockquote class=\"wp-embedded-content\" data-secret=\"F7Tm7r9kqh\"><p><a href=\"https:\/\/www.leccecronaca.it\/index.php\/2018\/12\/12\/tarallucci-e-vino-conte-e-juncker-trovano-lintesa\/\">TARALLUCCI E VINO, CONTE E JUNCKER TROVANO L&#8217;INTESA<\/a><\/p><\/blockquote>\n<p><iframe class=\"wp-embedded-content\" sandbox=\"allow-scripts\" security=\"restricted\" style=\"position: absolute; clip: rect(1px, 1px, 1px, 1px);\" src=\"https:\/\/www.leccecronaca.it\/index.php\/2018\/12\/12\/tarallucci-e-vino-conte-e-juncker-trovano-lintesa\/embed\/#?secret=F7Tm7r9kqh\" data-secret=\"F7Tm7r9kqh\" width=\"500\" height=\"282\" title=\"&#8220;TARALLUCCI E VINO, CONTE E JUNCKER TROVANO L&#8217;INTESA&#8221; &#8212; LecceCronaca.it\" frameborder=\"0\" marginwidth=\"0\" marginheight=\"0\" scrolling=\"no\"><\/iframe><\/p>\n<blockquote class=\"wp-embedded-content\" data-secret=\"OClwIubKsy\"><p><a href=\"https:\/\/www.leccecronaca.it\/index.php\/2018\/09\/28\/dove-la-vittoria\/\">DOV&#8217;E&#8217; LA VITTORIA?<\/a><\/p><\/blockquote>\n<p><iframe class=\"wp-embedded-content\" sandbox=\"allow-scripts\" security=\"restricted\" style=\"position: absolute; clip: rect(1px, 1px, 1px, 1px);\" src=\"https:\/\/www.leccecronaca.it\/index.php\/2018\/09\/28\/dove-la-vittoria\/embed\/#?secret=OClwIubKsy\" data-secret=\"OClwIubKsy\" width=\"500\" height=\"282\" title=\"&#8220;DOV&#8217;E&#8217; LA VITTORIA?&#8221; &#8212; LecceCronaca.it\" frameborder=\"0\" marginwidth=\"0\" marginheight=\"0\" scrolling=\"no\"><\/iframe><\/p>\n<p>&nbsp;<\/p>\n<p>&nbsp;<\/p>\n<fb:like href='https:\/\/www.leccecronaca.it\/index.php\/2018\/12\/19\/ultimora-niente-sanzioni-all-italia-ma-il-governo-accetta-il-diktat-dell-unione-europea-cosa-sara-adesso-del-reddito-di-cittadinanza-e-della-riforma-del-sistema-pensionistico\/' send='true' layout='button_count' show_faces='true' width='450' height='65' action='recommend' colorscheme='light' font='lucida grande'><\/fb:like><span class=\"fb_share\"><fb:like href=\"https:\/\/www.leccecronaca.it\/index.php\/2018\/12\/19\/ultimora-niente-sanzioni-all-italia-ma-il-governo-accetta-il-diktat-dell-unione-europea-cosa-sara-adesso-del-reddito-di-cittadinanza-e-della-riforma-del-sistema-pensionistico\/\" layout=\"button_count\"><\/fb:like><\/span>","protected":false},"excerpt":{"rendered":"<p>di Giuseppe Puppo______Con una conferenza stampa del\u00a0vice presidente Valdis Dombrovskis\u00a0 e del\u00a0commissario agli Affari economici Pierre Moscovici questa mattina, a mezzogiorno, l&#8217; Unione Europea ha annunciato di aver raggiunto un accordo sull&#8217; Italia sulla\u00a0manovra economica dell&#8217; esecutivo italiano; e di desistere pertanto dalla preannunciata procedura di infrazione nel suoi confronti:\u00a0&#8220;La soluzione sul tavolo non \u00e8 [&hellip;]<\/p>\n","protected":false},"author":4,"featured_media":148262,"comment_status":"open","ping_status":"closed","sticky":false,"template":"","format":"standard","meta":[],"categories":[69,76],"tags":[],"_links":{"self":[{"href":"https:\/\/www.leccecronaca.it\/index.php\/wp-json\/wp\/v2\/posts\/148261"}],"collection":[{"href":"https:\/\/www.leccecronaca.it\/index.php\/wp-json\/wp\/v2\/posts"}],"about":[{"href":"https:\/\/www.leccecronaca.it\/index.php\/wp-json\/wp\/v2\/types\/post"}],"author":[{"embeddable":true,"href":"https:\/\/www.leccecronaca.it\/index.php\/wp-json\/wp\/v2\/users\/4"}],"replies":[{"embeddable":true,"href":"https:\/\/www.leccecronaca.it\/index.php\/wp-json\/wp\/v2\/comments?post=148261"}],"version-history":[{"count":6,"href":"https:\/\/www.leccecronaca.it\/index.php\/wp-json\/wp\/v2\/posts\/148261\/revisions"}],"predecessor-version":[{"id":148268,"href":"https:\/\/www.leccecronaca.it\/index.php\/wp-json\/wp\/v2\/posts\/148261\/revisions\/148268"}],"wp:featuredmedia":[{"embeddable":true,"href":"https:\/\/www.leccecronaca.it\/index.php\/wp-json\/wp\/v2\/media\/148262"}],"wp:attachment":[{"href":"https:\/\/www.leccecronaca.it\/index.php\/wp-json\/wp\/v2\/media?parent=148261"}],"wp:term":[{"taxonomy":"category","embeddable":true,"href":"https:\/\/www.leccecronaca.it\/index.php\/wp-json\/wp\/v2\/categories?post=148261"},{"taxonomy":"post_tag","embeddable":true,"href":"https:\/\/www.leccecronaca.it\/index.php\/wp-json\/wp\/v2\/tags?post=148261"}],"curies":[{"name":"wp","href":"https:\/\/api.w.org\/{rel}","templated":true}]}}