{"id":148274,"date":"2018-12-21T00:02:32","date_gmt":"2018-12-20T23:02:32","guid":{"rendered":"http:\/\/www.leccecronaca.it\/?p=148274"},"modified":"2018-12-19T18:30:48","modified_gmt":"2018-12-19T17:30:48","slug":"148274","status":"publish","type":"post","link":"https:\/\/www.leccecronaca.it\/index.php\/2018\/12\/21\/148274\/","title":{"rendered":"LE DATE DI PABLO PERON &#8211; DUE SEDIE &#8211; 2"},"content":{"rendered":"<p>foto di <strong>Pablo Peron______<\/strong><\/p>\n<p>Paolo Perrone in arte Pablo Peron \u00e8 nato a Lecce il 12 luglio 1967.<br \/>\nHa ereditato la passione per la fotografia dal nonno Antonio, che in adolescenza gli regal\u00f2 una Zeiss<br \/>\nIKON IKonta.<\/p>\n<p>Autodidatta, particolarmente affascinato dalla ritrattistica femminile, come ha scritto Giovanna Lacedra, <em>&#8220;sa restituire allo\u00a0spettatore una lettura, lucida e poetica della realt\u00e0,enfatizzata da audaci contrasti.\u00a0Nel ritratto, egli ne evidenzia le virt\u00f9 e le spigolosit\u00e0, mette a fuoco la personalit\u00e0, come anche le pi\u00f9 intime\u00a0frastagliature&#8221;.<\/em><\/p>\n<p>Ha iniziato a fotografare a 14 anni sino ai 21 dopo ha lasciato la fotografia per seguire il lavoro del<br \/>\npadre, nel 2011 decide tornare a fotografare e nel 2013 apre il suo studio fotografico Pablo Peron<br \/>\nPhotostudio , ha affinato la sua tecnica come ritrattista, fotografo di eventi e cataloghi per aziende, ha\u00a0partecipato a numerose mostre fotografiche e progetti con vari artisti, performer, registi teatrali e\u00a0gallerie.<\/p>\n<p>Mostre fotografiche :<br \/>\n&#8211; Collettiva presso Antica Saliera di Gina Affinito 19 maggio \u2013 Lecce<br \/>\n&#8211; Progetto Cloaca Maxima realizzato con Massimiliano Manieri Visionary art Show 14- 28<br \/>\nmaggio 2017 Palazzo Vernazza Lecce<br \/>\n&#8211; Shingle22j V edizione Biennale di Arte Conteporanea di Anzio e Nettuno 9- 31 maggio<br \/>\n2015<br \/>\n&#8211; Personale &#8220;Profili&#8221; Fondazione Palmieri 4 &#8211; 12 aprile 2015<br \/>\n&#8211; &#8220;Profili&#8221;, Biennale del Salento 2014 Palazzo Vernazza Lecce 15 luglio 15 settembre 2014<br \/>\n&#8211; \u201cMezze verit\u00e0\u201d e \u201cDate\u201d Galleria Art for Interior Milano novembre 2013<br \/>\n&#8211; C\u2019est Moi &#8211; Performance \u201cIo sottraggo\u201d di Giovanna Lacedra \u2013 Lecce Palazzo Turrisi<br \/>\nMarzo 2013<br \/>\n&#8211; C\u2019est Moi Mediterraneo foto festival \u2013 Lecce (gennaio 2013)<br \/>\n&#8211; \u201cPortait\u201d Biennale del Salento &#8211; Lecce (giugno \u2013 luglio 2012)<\/p>\n<p>e mail pabloperonphotostudio@gmail.com<br \/>\ntel 328 1961409<\/p>\n<p>Citazione preferita<br \/>\n<em>\u201cChiunque pu\u00f2 diventare un fotografo con l\u2019acquisto di una macchina fotografica, cos\u00ec come<\/em><br \/>\n<em>chiunque pu\u00f2 diventare uno scrittore con l\u2019acquisto di una penna, ma essere un buon<\/em><br \/>\n<em>fotografo richiede pi\u00f9 che la semplice perizia tecnica. Tuttavia, tutte le tecniche del mondo non<\/em><br \/>\n<em>possono compensare l\u2019impossibilit\u00e0 di notare le cose\u201d.\u00a0<\/em>Elliott Erwitt<\/p>\n<p>***<\/p>\n<p>Su leccecronaca.it Pablo Peron presenta cinque foto, a seguire, del suo progetto DATE, in italiano, plurale di &#8216;data&#8217;. E cos\u00ec lo spiega: <em>&#8220;Il\u00a0progetto &#8220;Date&#8221; \u00e8 nato nel 2013,\u00a0si chiama &#8220;Date&#8221; perch\u00e9 ogni foto con questa sedia ha una data ben precisa, che non \u00e8 il giorno in qui \u00e8 stata scattata ma una ricorrenza di un fatto accaduto a me caro o doloroso.\u00a0\u00a0<\/em><\/p>\n<p><em>La tiratura sar\u00e0 x ogni foto massimo 5 copie 50&#215;50 e 30&#215;30&#8243;.<\/em><\/p>\n<p><img decoding=\"async\" loading=\"lazy\" class=\"alignleft wp-image-148275 size-full\" src=\"https:\/\/www.leccecronaca.it\/wordpress\/wp-content\/uploads\/2018\/12\/DSC8591_due-sedie-2-1.jpg\" alt=\"\" width=\"1200\" height=\"1200\" srcset=\"https:\/\/www.leccecronaca.it\/wordpress\/wp-content\/uploads\/2018\/12\/DSC8591_due-sedie-2-1.jpg 1200w, https:\/\/www.leccecronaca.it\/wordpress\/wp-content\/uploads\/2018\/12\/DSC8591_due-sedie-2-1-300x300.jpg 300w, https:\/\/www.leccecronaca.it\/wordpress\/wp-content\/uploads\/2018\/12\/DSC8591_due-sedie-2-1-1024x1024.jpg 1024w, https:\/\/www.leccecronaca.it\/wordpress\/wp-content\/uploads\/2018\/12\/DSC8591_due-sedie-2-1-150x150.jpg 150w, https:\/\/www.leccecronaca.it\/wordpress\/wp-content\/uploads\/2018\/12\/DSC8591_due-sedie-2-1-768x768.jpg 768w, https:\/\/www.leccecronaca.it\/wordpress\/wp-content\/uploads\/2018\/12\/DSC8591_due-sedie-2-1-60x60.jpg 60w\" sizes=\"(max-width: 1200px) 100vw, 1200px\" \/><\/p>\n<p>&nbsp;<\/p>\n<p>&nbsp;<\/p>\n<fb:like href='https:\/\/www.leccecronaca.it\/index.php\/2018\/12\/21\/148274\/' send='true' layout='button_count' show_faces='true' width='450' height='65' action='recommend' colorscheme='light' font='lucida grande'><\/fb:like><span class=\"fb_share\"><fb:like href=\"https:\/\/www.leccecronaca.it\/index.php\/2018\/12\/21\/148274\/\" layout=\"button_count\"><\/fb:like><\/span>","protected":false},"excerpt":{"rendered":"<p>foto di Pablo Peron______ Paolo Perrone in arte Pablo Peron \u00e8 nato a Lecce il 12 luglio 1967. Ha ereditato la passione per la fotografia dal nonno Antonio, che in adolescenza gli regal\u00f2 una Zeiss IKON IKonta. Autodidatta, particolarmente affascinato dalla ritrattistica femminile, come ha scritto Giovanna Lacedra, &#8220;sa restituire allo\u00a0spettatore una lettura, lucida e [&hellip;]<\/p>\n","protected":false},"author":4,"featured_media":148275,"comment_status":"open","ping_status":"closed","sticky":false,"template":"","format":"standard","meta":[],"categories":[31],"tags":[],"_links":{"self":[{"href":"https:\/\/www.leccecronaca.it\/index.php\/wp-json\/wp\/v2\/posts\/148274"}],"collection":[{"href":"https:\/\/www.leccecronaca.it\/index.php\/wp-json\/wp\/v2\/posts"}],"about":[{"href":"https:\/\/www.leccecronaca.it\/index.php\/wp-json\/wp\/v2\/types\/post"}],"author":[{"embeddable":true,"href":"https:\/\/www.leccecronaca.it\/index.php\/wp-json\/wp\/v2\/users\/4"}],"replies":[{"embeddable":true,"href":"https:\/\/www.leccecronaca.it\/index.php\/wp-json\/wp\/v2\/comments?post=148274"}],"version-history":[{"count":2,"href":"https:\/\/www.leccecronaca.it\/index.php\/wp-json\/wp\/v2\/posts\/148274\/revisions"}],"predecessor-version":[{"id":148286,"href":"https:\/\/www.leccecronaca.it\/index.php\/wp-json\/wp\/v2\/posts\/148274\/revisions\/148286"}],"wp:featuredmedia":[{"embeddable":true,"href":"https:\/\/www.leccecronaca.it\/index.php\/wp-json\/wp\/v2\/media\/148275"}],"wp:attachment":[{"href":"https:\/\/www.leccecronaca.it\/index.php\/wp-json\/wp\/v2\/media?parent=148274"}],"wp:term":[{"taxonomy":"category","embeddable":true,"href":"https:\/\/www.leccecronaca.it\/index.php\/wp-json\/wp\/v2\/categories?post=148274"},{"taxonomy":"post_tag","embeddable":true,"href":"https:\/\/www.leccecronaca.it\/index.php\/wp-json\/wp\/v2\/tags?post=148274"}],"curies":[{"name":"wp","href":"https:\/\/api.w.org\/{rel}","templated":true}]}}