{"id":148594,"date":"2018-12-29T17:48:58","date_gmt":"2018-12-29T16:48:58","guid":{"rendered":"http:\/\/www.leccecronaca.it\/?p=148594"},"modified":"2018-12-29T18:10:45","modified_gmt":"2018-12-29T17:10:45","slug":"lanno-che-verra-portera-una-trasformazione-che-molti-stanno-gia-aspettando-gli-spettacoli-dei-circhi-saranno-senza-piu-animali-parola-del-presidente-dellassociazione-anialista-che-piu","status":"publish","type":"post","link":"https:\/\/www.leccecronaca.it\/index.php\/2018\/12\/29\/lanno-che-verra-portera-una-trasformazione-che-molti-stanno-gia-aspettando-gli-spettacoli-dei-circhi-saranno-senza-piu-animali-parola-del-presidente-dellassociazione-anialista-che-piu\/","title":{"rendered":"L&#8217;ANNO CHE VERRA&#8217; PORTERA&#8217; UNA TRASFORMAZIONE CHE MOLTI STANNO GIA&#8217; ASPETTANDO: GLI SPETTACOLI DEI CIRCHI SARANNO SENZA PIU&#8217; ANIMALI. PAROLA DI GIANLUCA FELICETTI, PRESIDENTE DELL&#8217;ASSOCIAZIONE ANIMALISTA CHE PIU&#8217; SI E&#8217; BATTUTA PER QUESTO"},"content":{"rendered":"<p><img decoding=\"async\" loading=\"lazy\" class=\"aligncenter wp-image-148595 size-full\" src=\"https:\/\/www.leccecronaca.it\/wordpress\/wp-content\/uploads\/2018\/12\/gf.jpg\" alt=\"\" width=\"544\" height=\"544\" srcset=\"https:\/\/www.leccecronaca.it\/wordpress\/wp-content\/uploads\/2018\/12\/gf.jpg 544w, https:\/\/www.leccecronaca.it\/wordpress\/wp-content\/uploads\/2018\/12\/gf-300x300.jpg 300w, https:\/\/www.leccecronaca.it\/wordpress\/wp-content\/uploads\/2018\/12\/gf-150x150.jpg 150w, https:\/\/www.leccecronaca.it\/wordpress\/wp-content\/uploads\/2018\/12\/gf-60x60.jpg 60w\" sizes=\"(max-width: 544px) 100vw, 544px\" \/><img decoding=\"async\" loading=\"lazy\" class=\"aligncenter size-full wp-image-148595\" src=\"https:\/\/www.leccecronaca.it\/wordpress\/wp-content\/uploads\/2018\/12\/gf.jpg\" alt=\"\" width=\"544\" height=\"544\" srcset=\"https:\/\/www.leccecronaca.it\/wordpress\/wp-content\/uploads\/2018\/12\/gf.jpg 544w, https:\/\/www.leccecronaca.it\/wordpress\/wp-content\/uploads\/2018\/12\/gf-300x300.jpg 300w, https:\/\/www.leccecronaca.it\/wordpress\/wp-content\/uploads\/2018\/12\/gf-150x150.jpg 150w, https:\/\/www.leccecronaca.it\/wordpress\/wp-content\/uploads\/2018\/12\/gf-60x60.jpg 60w\" sizes=\"(max-width: 544px) 100vw, 544px\" \/><\/p>\n<p><img decoding=\"async\" loading=\"lazy\" class=\"aligncenter size-full wp-image-148603\" src=\"https:\/\/www.leccecronaca.it\/wordpress\/wp-content\/uploads\/2018\/12\/gf-1.jpg\" alt=\"\" width=\"544\" height=\"544\" srcset=\"https:\/\/www.leccecronaca.it\/wordpress\/wp-content\/uploads\/2018\/12\/gf-1.jpg 544w, https:\/\/www.leccecronaca.it\/wordpress\/wp-content\/uploads\/2018\/12\/gf-1-300x300.jpg 300w, https:\/\/www.leccecronaca.it\/wordpress\/wp-content\/uploads\/2018\/12\/gf-1-150x150.jpg 150w, https:\/\/www.leccecronaca.it\/wordpress\/wp-content\/uploads\/2018\/12\/gf-1-60x60.jpg 60w\" sizes=\"(max-width: 544px) 100vw, 544px\" \/>(Rdl)______Il presidente della Lav, Lega Anti Vivisezione, Gianluca Felicetti (nella foto) ha rilasciato oggi all&#8217; agenzia Agi una lunga intervista, a proposito della legge 175\/2017, che prevede la progressiva dismissione dei circhi con animali.<\/p>\n<p>Ecco una sintesi delle sue dichiarazioni pi\u00f9 significative______<\/p>\n<p>&#8220;<em>&#8230;Mancano i decreti attuativi che la rendano efficace. Il ministro Bonisoli<\/em>\u00a0(Alberto Bonisoli, ministro dei Beni e delle Attivit\u00e0 Culturali del governo Conte, ndr) ha<em> assicurato che arriveranno a inizio 2019. L\u2019Italia ha deciso con una votazione a stragrande maggioranza di andare verso il superamento dell\u2019utilizzo degli animali nei circhi. \u00c8 un dato di fatto sul quale anche l\u2019ambito scientifico sar\u00e0 impegnato, ritengo, nel dirci come e in quali tempi procedere per attuare questa graduale dismissione. Il governo attuale si trova a dover attuare un principio di un criterio di una legge delega&#8230;<\/em><\/p>\n<p><em>&#8230;Governi di diverso colore hanno voluto e riaffermato questo cambiamento, ed \u00e8 un cambiamento per il quale io da quarant\u2019anni manifesto davanti ai circhi. A noi se esistono basi scientifiche o meno non ci cambia\u201d.<\/em><\/p>\n<p><em>\u00a0<\/em><br \/>\n<em>Il presidente dell\u2019Ente Nazionale Circhi\u00a0ha detto\u00a0che nel caso dovesse passare la legge non verr\u00e0 consegnato nemmeno un ratto&#8230;Siccome sono animali di propriet\u00e0 privata \u00e8 evidente che saranno i proprietari a poter e dover disporre di questi animali in tutto e per tutto. Gli animali non sono di propriet\u00e0 dello Stato, la legge non imporr\u00e0 alcunch\u00e9. Noi possiamo esprimere la speranza che questi animali possano avere una giusta pensione, una giusta e onorata pensione senza dover continuare a esibirsi nei circhi. <\/em><\/p>\n<p><em>\u00a0&#8230;Se il ministro Bonisoli manterr\u00e0 la sua parola, a gennaio ci sar\u00e0 la svolta e forse il prossimo Natale non vedremo pi\u00f9 leoni saltare nel cerchio di fuoco e elefanti fare l\u2019inchino. La legge sar\u00e0 applicata fino in fondo. Giustizia sar\u00e0 fatta?<\/em><\/p>\n<p><em>\u00a0&#8230;La Lav si augura che la legge possa addirittura provare a rilanciare l\u2019attivit\u00e0 circense senza animali. Noi @LAVonlus ogni giorno controlleremo che la promessa diventi, finalmente, realt\u00e0\u201d.\u00a0<\/em><\/p>\n<p>&nbsp;<\/p>\n<p>&nbsp;<\/p>\n<p>&nbsp;<\/p>\n<fb:like href='https:\/\/www.leccecronaca.it\/index.php\/2018\/12\/29\/lanno-che-verra-portera-una-trasformazione-che-molti-stanno-gia-aspettando-gli-spettacoli-dei-circhi-saranno-senza-piu-animali-parola-del-presidente-dellassociazione-anialista-che-piu\/' send='true' layout='button_count' show_faces='true' width='450' height='65' action='recommend' colorscheme='light' font='lucida grande'><\/fb:like><span class=\"fb_share\"><fb:like href=\"https:\/\/www.leccecronaca.it\/index.php\/2018\/12\/29\/lanno-che-verra-portera-una-trasformazione-che-molti-stanno-gia-aspettando-gli-spettacoli-dei-circhi-saranno-senza-piu-animali-parola-del-presidente-dellassociazione-anialista-che-piu\/\" layout=\"button_count\"><\/fb:like><\/span>","protected":false},"excerpt":{"rendered":"<p>(Rdl)______Il presidente della Lav, Lega Anti Vivisezione, Gianluca Felicetti (nella foto) ha rilasciato oggi all&#8217; agenzia Agi una lunga intervista, a proposito della legge 175\/2017, che prevede la progressiva dismissione dei circhi con animali. Ecco una sintesi delle sue dichiarazioni pi\u00f9 significative______ &#8220;&#8230;Mancano i decreti attuativi che la rendano efficace. Il ministro Bonisoli\u00a0(Alberto Bonisoli, ministro [&hellip;]<\/p>\n","protected":false},"author":4,"featured_media":148595,"comment_status":"open","ping_status":"closed","sticky":false,"template":"","format":"standard","meta":[],"categories":[1,69,76],"tags":[],"_links":{"self":[{"href":"https:\/\/www.leccecronaca.it\/index.php\/wp-json\/wp\/v2\/posts\/148594"}],"collection":[{"href":"https:\/\/www.leccecronaca.it\/index.php\/wp-json\/wp\/v2\/posts"}],"about":[{"href":"https:\/\/www.leccecronaca.it\/index.php\/wp-json\/wp\/v2\/types\/post"}],"author":[{"embeddable":true,"href":"https:\/\/www.leccecronaca.it\/index.php\/wp-json\/wp\/v2\/users\/4"}],"replies":[{"embeddable":true,"href":"https:\/\/www.leccecronaca.it\/index.php\/wp-json\/wp\/v2\/comments?post=148594"}],"version-history":[{"count":8,"href":"https:\/\/www.leccecronaca.it\/index.php\/wp-json\/wp\/v2\/posts\/148594\/revisions"}],"predecessor-version":[{"id":148604,"href":"https:\/\/www.leccecronaca.it\/index.php\/wp-json\/wp\/v2\/posts\/148594\/revisions\/148604"}],"wp:featuredmedia":[{"embeddable":true,"href":"https:\/\/www.leccecronaca.it\/index.php\/wp-json\/wp\/v2\/media\/148595"}],"wp:attachment":[{"href":"https:\/\/www.leccecronaca.it\/index.php\/wp-json\/wp\/v2\/media?parent=148594"}],"wp:term":[{"taxonomy":"category","embeddable":true,"href":"https:\/\/www.leccecronaca.it\/index.php\/wp-json\/wp\/v2\/categories?post=148594"},{"taxonomy":"post_tag","embeddable":true,"href":"https:\/\/www.leccecronaca.it\/index.php\/wp-json\/wp\/v2\/tags?post=148594"}],"curies":[{"name":"wp","href":"https:\/\/api.w.org\/{rel}","templated":true}]}}