{"id":148796,"date":"2019-01-03T18:02:32","date_gmt":"2019-01-03T17:02:32","guid":{"rendered":"http:\/\/www.leccecronaca.it\/?p=148796"},"modified":"2019-01-03T18:02:56","modified_gmt":"2019-01-03T17:02:56","slug":"la-stangata","status":"publish","type":"post","link":"https:\/\/www.leccecronaca.it\/index.php\/2019\/01\/03\/la-stangata\/","title":{"rendered":"BRUTTE NOTIZIE PER I LECCESI \/ LA STANGATA"},"content":{"rendered":"<p><img decoding=\"async\" loading=\"lazy\" class=\"aligncenter size-full wp-image-148797\" src=\"https:\/\/www.leccecronaca.it\/wordpress\/wp-content\/uploads\/2019\/01\/Manovra-di-riequilibrio_1.jpg\" alt=\"\" width=\"1024\" height=\"683\" srcset=\"https:\/\/www.leccecronaca.it\/wordpress\/wp-content\/uploads\/2019\/01\/Manovra-di-riequilibrio_1.jpg 1024w, https:\/\/www.leccecronaca.it\/wordpress\/wp-content\/uploads\/2019\/01\/Manovra-di-riequilibrio_1-300x200.jpg 300w, https:\/\/www.leccecronaca.it\/wordpress\/wp-content\/uploads\/2019\/01\/Manovra-di-riequilibrio_1-768x512.jpg 768w\" sizes=\"(max-width: 1024px) 100vw, 1024px\" \/>(Rdl)______L&#8217; amministrazione del sindaco Carlo Salvemini, d&#8217;intesa con il vice sindaco Alessandro Delli Noci (nella foto, durante l&#8217;odierna conferenza stampa di presentazione della manovra finanziaria) aumenta le tasse ai Leccesi. Lo si rileva dai dati diffusi per illustrare la sua &#8220;manovra di riequilibrio plurienalle 2018 2033&#8221; con cui si fa fronte al deficit di bilancio.<\/p>\n<p>In particolare, gli aumenti delle tasse riguardano l&#8217; aumento dello 0,1% dell&#8217;addizionale IRPEF ( che porter\u00e0 1.000.000 di euro l&#8217;anno in pi\u00f9 dal 2019); e l&#8217; aumento &#8220;Tosap temporanea&#8221; (che frutter\u00e0 250 mila euro l&#8217;anno).<\/p>\n<p>Vengono poi tassati i passi carrabili, provvedimento che il sindaco definisce &#8220;corretta applicazione del regolamento sui Passi carrabili&#8221;, per un aumento di entrate per le casse comunali di 200.000 euro l&#8217;anno.<\/p>\n<p>Annunciata inoltre un&#8217; azione di &#8220;contrasto all&#8217; evasione fiscale&#8221; per quanto riguarda Tares\/Tari, Imu\/Tasi e imposta di soggiorno.<\/p>\n<p>&nbsp;<\/p>\n<fb:like href='https:\/\/www.leccecronaca.it\/index.php\/2019\/01\/03\/la-stangata\/' send='true' layout='button_count' show_faces='true' width='450' height='65' action='recommend' colorscheme='light' font='lucida grande'><\/fb:like><span class=\"fb_share\"><fb:like href=\"https:\/\/www.leccecronaca.it\/index.php\/2019\/01\/03\/la-stangata\/\" layout=\"button_count\"><\/fb:like><\/span>","protected":false},"excerpt":{"rendered":"<p>(Rdl)______L&#8217; amministrazione del sindaco Carlo Salvemini, d&#8217;intesa con il vice sindaco Alessandro Delli Noci (nella foto, durante l&#8217;odierna conferenza stampa di presentazione della manovra finanziaria) aumenta le tasse ai Leccesi. Lo si rileva dai dati diffusi per illustrare la sua &#8220;manovra di riequilibrio plurienalle 2018 2033&#8221; con cui si fa fronte al deficit di bilancio. [&hellip;]<\/p>\n","protected":false},"author":4,"featured_media":148797,"comment_status":"open","ping_status":"closed","sticky":false,"template":"","format":"standard","meta":[],"categories":[69,76],"tags":[],"_links":{"self":[{"href":"https:\/\/www.leccecronaca.it\/index.php\/wp-json\/wp\/v2\/posts\/148796"}],"collection":[{"href":"https:\/\/www.leccecronaca.it\/index.php\/wp-json\/wp\/v2\/posts"}],"about":[{"href":"https:\/\/www.leccecronaca.it\/index.php\/wp-json\/wp\/v2\/types\/post"}],"author":[{"embeddable":true,"href":"https:\/\/www.leccecronaca.it\/index.php\/wp-json\/wp\/v2\/users\/4"}],"replies":[{"embeddable":true,"href":"https:\/\/www.leccecronaca.it\/index.php\/wp-json\/wp\/v2\/comments?post=148796"}],"version-history":[{"count":2,"href":"https:\/\/www.leccecronaca.it\/index.php\/wp-json\/wp\/v2\/posts\/148796\/revisions"}],"predecessor-version":[{"id":148799,"href":"https:\/\/www.leccecronaca.it\/index.php\/wp-json\/wp\/v2\/posts\/148796\/revisions\/148799"}],"wp:featuredmedia":[{"embeddable":true,"href":"https:\/\/www.leccecronaca.it\/index.php\/wp-json\/wp\/v2\/media\/148797"}],"wp:attachment":[{"href":"https:\/\/www.leccecronaca.it\/index.php\/wp-json\/wp\/v2\/media?parent=148796"}],"wp:term":[{"taxonomy":"category","embeddable":true,"href":"https:\/\/www.leccecronaca.it\/index.php\/wp-json\/wp\/v2\/categories?post=148796"},{"taxonomy":"post_tag","embeddable":true,"href":"https:\/\/www.leccecronaca.it\/index.php\/wp-json\/wp\/v2\/tags?post=148796"}],"curies":[{"name":"wp","href":"https:\/\/api.w.org\/{rel}","templated":true}]}}