{"id":148853,"date":"2019-01-04T14:43:26","date_gmt":"2019-01-04T13:43:26","guid":{"rendered":"http:\/\/www.leccecronaca.it\/?p=148853"},"modified":"2019-01-04T14:43:26","modified_gmt":"2019-01-04T13:43:26","slug":"artigiane-del-ricamo-e-del-cucito-immigrate-a-lecce","status":"publish","type":"post","link":"https:\/\/www.leccecronaca.it\/index.php\/2019\/01\/04\/artigiane-del-ricamo-e-del-cucito-immigrate-a-lecce\/","title":{"rendered":"ARTIGIANE DEL RICAMO E DEL CUCITO IMMIGRATE A LECCE"},"content":{"rendered":"<p><img decoding=\"async\" loading=\"lazy\" class=\"aligncenter size-full wp-image-148854\" src=\"https:\/\/www.leccecronaca.it\/wordpress\/wp-content\/uploads\/2019\/01\/Le-modelle-con-gli-assessori-Silvia-Miglietta-e-Rita-Miglietta-e-Yasmina-Antonia-Filali-ultima-a-destra.jpg\" alt=\"\" width=\"1600\" height=\"1200\" srcset=\"https:\/\/www.leccecronaca.it\/wordpress\/wp-content\/uploads\/2019\/01\/Le-modelle-con-gli-assessori-Silvia-Miglietta-e-Rita-Miglietta-e-Yasmina-Antonia-Filali-ultima-a-destra.jpg 1600w, https:\/\/www.leccecronaca.it\/wordpress\/wp-content\/uploads\/2019\/01\/Le-modelle-con-gli-assessori-Silvia-Miglietta-e-Rita-Miglietta-e-Yasmina-Antonia-Filali-ultima-a-destra-300x225.jpg 300w, https:\/\/www.leccecronaca.it\/wordpress\/wp-content\/uploads\/2019\/01\/Le-modelle-con-gli-assessori-Silvia-Miglietta-e-Rita-Miglietta-e-Yasmina-Antonia-Filali-ultima-a-destra-1024x768.jpg 1024w, https:\/\/www.leccecronaca.it\/wordpress\/wp-content\/uploads\/2019\/01\/Le-modelle-con-gli-assessori-Silvia-Miglietta-e-Rita-Miglietta-e-Yasmina-Antonia-Filali-ultima-a-destra-768x576.jpg 768w, https:\/\/www.leccecronaca.it\/wordpress\/wp-content\/uploads\/2019\/01\/Le-modelle-con-gli-assessori-Silvia-Miglietta-e-Rita-Miglietta-e-Yasmina-Antonia-Filali-ultima-a-destra-1536x1152.jpg 1536w, https:\/\/www.leccecronaca.it\/wordpress\/wp-content\/uploads\/2019\/01\/Le-modelle-con-gli-assessori-Silvia-Miglietta-e-Rita-Miglietta-e-Yasmina-Antonia-Filali-ultima-a-destra-400x300.jpg 400w\" sizes=\"(max-width: 1600px) 100vw, 1600px\" \/>Riceviamo e volentieri pubblichiamo. Gli organizzatori del progetto con Regione Puglia, Comune di Lecce e Arci ci mandano il seguente comunicato, con relativa foto______<\/p>\n<p>MIGRANTS DU MONDE, DONNE E CULTURE DIVERSE INSIEME<\/p>\n<p>PER PRESERVARE LE TRADIZIONI E ABBATTERE LE BARRIERE<\/p>\n<p>Presentato ieri sera a Lecce il progetto della Fondation Orient\/Occident per la formazione di nuove artigiane del ricamo e del cucito<\/p>\n<p>L\u2019integrazione tra culture differenti comincia dalle donne, in tutte le societ\u00e0 deputate a preservare la tradizione e a costruire \u201cponti\u201d con l\u2019altro. Presentato ieri sera a Palazzo Turrisi Palumbo alla presenza del sindaco Carlo Salvemini, con una sfilata di giovanissime modelle di diversi Paesi, \u201cMigrants du Monde\u201d, progetto finanziato dalla Regione e ideato dalla Cooperativa Sociale Oriente-Occidente Onlus grazie ad un accordo con il Comune di Lecce.<\/p>\n<p>&nbsp;<\/p>\n<p>\u201cMigrants du Monde\u201d, emanazione della Fondation Orient-Occident, prevede infatti la realizzazione di un laboratorio di durata annuale, insediato al primo piano di Palazzo Turrisi-Palumbo, che metter\u00e0 insieme sei donne lavoratrici \u2013 tre migranti e tre residenti nel comune di Lecce \u2013 in un progetto di valorizzazione di attivit\u00e0 tradizionali che accomunano le culture locali: il ricamo e il cucito.<\/p>\n<p>La donne migranti, selezionate in partenariato con ARCI e provenienti da Iraq, Afghanistan e Mali, verranno formate per sei mesi \u2013 a totale carico di ARCI &#8211; per poi essere impiegate in una seconda fase di produzione di ricami e sartoria in collaborazione con tre salentine con esperienza di settore, per reperire le quali \u00e8 stato pubblicato un bando nel mese di agosto; il prossimo 28 gennaio si insedier\u00e0 la commissione che le selezioner\u00e0, composta, oltre che dalla presidente della Cooperativa Yasmina Antonia Filali, anche dall\u2019assessore alle Pari opportunit\u00e0 e ai Diritti civili Silvia Miglietta e dalla direttrice artistica dell\u2019atelier, la stilista designer Bruna Pizzichini. Entro il mese di gennaio l\u2019avvio del laboratorio.<\/p>\n<p>Migrants du Monde ha dunque come obiettivo l\u2019attivazione di un business innovativo ad alto impatto sociale, capace di coniugare la valorizzazione del patrimonio artigianale e artistico del ricamo e del cucito sia salentino che di altre culture del mondo, favorendo l\u2019integrazione sociale tra donne migranti e ricamatrici locali, che collaboreranno alla realizzazione di capi culturalmente e stilisticamente unici; una buona pratica che trae origine dall\u2019esperienza maturata in Marocco dalla Fondation Orient-Occident con l\u2019avvio della sartoria sociale \u201cMigrants du Monde\u201d, quale risultato di un lungo processo di capitalizzazione delle sperimentazioni acquisite in vari ambiti di competenza: advocacy e tutela dei diritti umani, formazione, inserimento socio-professionale, intercultura e valorizzazione delle tradizioni artigiane e culturali.<\/p>\n<p>&nbsp;<\/p>\n<p>Fondata nel 1994 da Yasmina Antonia Filali, attuale presidente e CEO, la Fondation Orient- Occident e\u0300 ONG marocchina riconosciuta di utilit\u00e0 pubblica. Concepita come ponte tra le due sponde del Mediterraneo, la sua missione e\u0300 quella di affrontare le difficolta\u0300 dei giovani provenienti da quartieri svantaggiati, creando strutture di formazione socio-educative e professionali in tutto il Marocco. Oggi presente a Rabat, Oujda, Casablanca, Larache, Safi, Youssoufia e Khouribga, la fondazione ha sviluppato un approccio originale Sud\/Sud alla migrazione, ed \u00e8 inoltre impegnata nella protezione della diversit\u00e0 e nella valorizzazione di tutte le culture attraverso l&#8217;organizzazione di progetti e attivit\u00e0 quali il Festival Rabat-Africa (organizzato annualmente a Rabat) e l&#8217;atelier multietnico di ricamo e cucito Migrants du Monde (sempre a Rabat).<\/p>\n<p>&nbsp;<\/p>\n<p>\u201cMi chiamo Antonia quando sono in Europa, perch\u00e9 avevo una nonna pugliese e una madre francese, ma mio padre era marocchino e per questo, quando sono Marocco, sono Yasmina\u201d, ha spiegato ieri Yasmina Antonia Filali raccontando le difficolt\u00e0 di conciliazione di due identit\u00e0 anagrafiche coesistenti e l\u2019attivit\u00e0 della sua fondazione, impegnata soprattutto nel sostegno alle donne marocchine in difficolt\u00e0, ma oggi anche in progetti di integrazione come Migrants du Monde, \u201cperch\u00e9, come diceva Antoine de Saint-Exup\u00e9ry, sono convinta che persone di culture diverse possano essere tenute assieme da un progetto comune economicamente rilevante: solo cos\u00ec si rafforza la coesione sociale\u201d. \u201cL\u2019amministrazione comunale di Lecce ha fortemente voluto sostenere questo progetto che viaggia nel mondo\u201d, il commento dell\u2019assessore all\u2019Innovazione sociale e alla Valorizzazione del patrimonio pubblico Rita Miglietta. \u201cE questo laboratorio realizzato nel centro storico di Lecce rende ancor pi\u00f9 efficace la nostra nuova visione delle nostre tradizioni\u201d.<\/p>\n<p>&nbsp;<\/p>\n<p>La Fondation Orient-Occident si \u00e8 aggiudicata premi internazionali quali:<\/p>\n<p>\u2022 2008: il Premio per i Diritti Umani da parte della Repubblica Francese;<\/p>\n<p>\u2022 2013: il Premio Euro-mediterraneo per il dialogo tra le culture;<\/p>\n<p>\u2022 2014: il Premio per la Performance Interculturale dell&#8217;Ambasciata d&#8217;Austria;<\/p>\n<p>\u2022 2016: il premio per &#8220;l&#8217;Imprenditoria Sociale dell&#8217;anno 2016&#8221;, conferito nel 2016 dalla prestigiosa Fondazione Schwab, in collaborazione con il Forum Economico Mondiale di Davos, a Yasmina Antonia FIlali:<\/p>\n<p>\u2022 2017: Yasmina Filali vince il premio Elissa-Didon nel quadro della rete Med21, in collaborazione con la Fondation Tyr e il Prix Didon d&#8217;or di Tunisia.<\/p>\n<p>&nbsp;<\/p>\n<p>Migrants du Monde, marchio del laboratorio di ricamo e di cucito istituito nel 2010 presso la Fondation Orient-Occident di Rabat, rappresenta una delle principali attivit\u00e0 della fondazione. L&#8217;atelier, attualmente sotto la supervisione della stilista parigina Isabelle Camard e di recente supportato dalla stilista-designer Italiana Bruna Pizzichini, nuovo direttore artistico del progetto, rispecchia la vocazione principale della fondazione: essere espressione tangibile del me\u0301tissage culturale, la sintesi di conoscenze ed esperienze diverse, ma soprattutto realizzare progetti sociali. Infatti, se da una parte la Fondation Orient-Occident garantisce alle donne marocchine, migranti e rifugiate l&#8217;opportunit\u00e0 di valorizzare il proprio patrimonio culturale, dall&#8217;altra le aiuta anche a diventare indipendenti e a preservare la loro dignit\u00e0, altrimenti minacciata dalla dura esperienza di dislocazione dovuta alla migrazione forzata.<\/p>\n<p>&nbsp;<\/p>\n<p>L\u2019Atelier si avvale di punti vendita in diverse altre citta\u0300 del Marocco, ma nel 2017 ne e\u0300 stato inaugurato uno nuovo in Italia: a Lecce, presso la Fiermontina Urban Resort, dove si possono acquistare capi unici ed originali, ma allo stesso tempo ispirati alla tradizione, perch\u00e9 ogni capo si fa portatore di antiche conoscenze custodite nel tempo e nelle generazioni, nonch\u00e9 di colori e motivi provenienti dai molti Paesi dell&#8217;Africa e del Medio Oriente.<\/p>\n<p>&nbsp;<\/p>\n<p>&nbsp;<\/p>\n<fb:like href='https:\/\/www.leccecronaca.it\/index.php\/2019\/01\/04\/artigiane-del-ricamo-e-del-cucito-immigrate-a-lecce\/' send='true' layout='button_count' show_faces='true' width='450' height='65' action='recommend' colorscheme='light' font='lucida grande'><\/fb:like><span class=\"fb_share\"><fb:like href=\"https:\/\/www.leccecronaca.it\/index.php\/2019\/01\/04\/artigiane-del-ricamo-e-del-cucito-immigrate-a-lecce\/\" layout=\"button_count\"><\/fb:like><\/span>","protected":false},"excerpt":{"rendered":"<p>Riceviamo e volentieri pubblichiamo. Gli organizzatori del progetto con Regione Puglia, Comune di Lecce e Arci ci mandano il seguente comunicato, con relativa foto______ MIGRANTS DU MONDE, DONNE E CULTURE DIVERSE INSIEME PER PRESERVARE LE TRADIZIONI E ABBATTERE LE BARRIERE Presentato ieri sera a Lecce il progetto della Fondation Orient\/Occident per la formazione di nuove [&hellip;]<\/p>\n","protected":false},"author":4,"featured_media":148854,"comment_status":"open","ping_status":"closed","sticky":false,"template":"","format":"standard","meta":[],"categories":[76,36],"tags":[],"_links":{"self":[{"href":"https:\/\/www.leccecronaca.it\/index.php\/wp-json\/wp\/v2\/posts\/148853"}],"collection":[{"href":"https:\/\/www.leccecronaca.it\/index.php\/wp-json\/wp\/v2\/posts"}],"about":[{"href":"https:\/\/www.leccecronaca.it\/index.php\/wp-json\/wp\/v2\/types\/post"}],"author":[{"embeddable":true,"href":"https:\/\/www.leccecronaca.it\/index.php\/wp-json\/wp\/v2\/users\/4"}],"replies":[{"embeddable":true,"href":"https:\/\/www.leccecronaca.it\/index.php\/wp-json\/wp\/v2\/comments?post=148853"}],"version-history":[{"count":1,"href":"https:\/\/www.leccecronaca.it\/index.php\/wp-json\/wp\/v2\/posts\/148853\/revisions"}],"predecessor-version":[{"id":148855,"href":"https:\/\/www.leccecronaca.it\/index.php\/wp-json\/wp\/v2\/posts\/148853\/revisions\/148855"}],"wp:featuredmedia":[{"embeddable":true,"href":"https:\/\/www.leccecronaca.it\/index.php\/wp-json\/wp\/v2\/media\/148854"}],"wp:attachment":[{"href":"https:\/\/www.leccecronaca.it\/index.php\/wp-json\/wp\/v2\/media?parent=148853"}],"wp:term":[{"taxonomy":"category","embeddable":true,"href":"https:\/\/www.leccecronaca.it\/index.php\/wp-json\/wp\/v2\/categories?post=148853"},{"taxonomy":"post_tag","embeddable":true,"href":"https:\/\/www.leccecronaca.it\/index.php\/wp-json\/wp\/v2\/tags?post=148853"}],"curies":[{"name":"wp","href":"https:\/\/api.w.org\/{rel}","templated":true}]}}