{"id":148865,"date":"2019-01-05T00:02:54","date_gmt":"2019-01-04T23:02:54","guid":{"rendered":"http:\/\/www.leccecronaca.it\/?p=148865"},"modified":"2019-01-04T20:38:52","modified_gmt":"2019-01-04T19:38:52","slug":"la-solidarieta-di-cuore-amico-su-telerama-domenica-6","status":"publish","type":"post","link":"https:\/\/www.leccecronaca.it\/index.php\/2019\/01\/05\/la-solidarieta-di-cuore-amico-su-telerama-domenica-6\/","title":{"rendered":"CUORE AMICO, LA SOLIDARIETA&#8217; SU TELERAMA DOMENICA 6"},"content":{"rendered":"<p><img decoding=\"async\" loading=\"lazy\" class=\"aligncenter size-full wp-image-148866\" src=\"https:\/\/www.leccecronaca.it\/wordpress\/wp-content\/uploads\/2019\/01\/FOTO-CUOREAMICO4.jpg\" alt=\"\" width=\"960\" height=\"720\" srcset=\"https:\/\/www.leccecronaca.it\/wordpress\/wp-content\/uploads\/2019\/01\/FOTO-CUOREAMICO4.jpg 960w, https:\/\/www.leccecronaca.it\/wordpress\/wp-content\/uploads\/2019\/01\/FOTO-CUOREAMICO4-300x225.jpg 300w, https:\/\/www.leccecronaca.it\/wordpress\/wp-content\/uploads\/2019\/01\/FOTO-CUOREAMICO4-768x576.jpg 768w, https:\/\/www.leccecronaca.it\/wordpress\/wp-content\/uploads\/2019\/01\/FOTO-CUOREAMICO4-400x300.jpg 400w\" sizes=\"(max-width: 960px) 100vw, 960px\" \/>Riceviamo e volentieri pubblichiamo. La Fondazione Cuore Amico ci manda il seguente comunicato______<\/p>\n<p>Tutto pronto: il 6 gennaio Maratona della Solidariet\u00e0 di Cuore Amico, diretta No stop su TeleRama e Tele Salento<\/p>\n<p>Tutto pronto per la grande Maratona della Solidariet\u00e0 di Cuore Amico che domenica 6 gennaio, nel giorno dell\u2019Epifania, andr\u00e0 in onda su TeleRama e Tele Salento, dalle 10 alle 13.30 e dalle 15 alle 20.30.<\/p>\n<p>L\u2019associazione onlus nata nel 2001 compie diciotto anni. Diciotto anni intensi di solidariet\u00e0 vera, emozioni, sentimenti, diciotto anni di aiuto tangibile ai tanti, tantissimi bambini speciali e alle loro famiglie: sono 587 i bambini aiutati, 149 le auto attrezzate donate e sono stati raccolti quasi 4 milioni e mezzo di euro in tutti questi anni di attivit\u00e0. Numeri importanti che domenica durante la diretta no stop cresceranno sensibilmente perch\u00e9 si conoscer\u00e0, con l\u2019apertura dei salvadanai sparsi nel Salento, lo sforzo che tutto l\u2019anno le associazioni, i semplici cittadini hanno profuso, nell\u2019organizzazione di eventi che hanno avuto come obiettivo quello di racimolare risorse da destinare ai piccoli che quest\u2019anno entrano a far parte della grande Famiglia di Cuore Amico.<\/p>\n<p>Nel corso della lunga maratona si conoscer\u00e0 quindi il raccolto collettivo in un momento di abbracci, gioia ed emozioni, e che vedr\u00e0 tra i numerosi ospiti anche il Presidente dell\u2019U.S. Lecce, l\u2019avv. Saverio Sticchi Damiani, che porter\u00e0 a nome di tutta la societ\u00e0 la testimonianza della loro vicinanza al Progetto Salento Solidariet\u00e0.<\/p>\n<p>Nella diretta sar\u00e0 impegnato tutto lo staff di Cuore Amico e anche quello di TeleRama, dal direttore Giuseppe Vernaleone a gran parte dei giornalisti che si alterneranno nella conduzione dell\u2019evento che vedr\u00e0 impegnati, inoltre, Piero Ciakky e Federica Dell\u2019Anna, Giovanni Conversano, Rosaria Ricchiuto e Manuela Sparapano.<\/p>\n<p>Parteciperanno inoltre le associazioni che hanno aderito alla raccolta fondi, gli amministratori dei Comuni, le Pro Loco, le istituzioni e gli enti privati che da sempre credono in Cuore Amico, oltre a tanti artisti che si esibiranno con la loro arte.<\/p>\n<p>Il conto alla rovescia ha avuto inizio: appuntamento quindi dalle 10.00 domenica 6 gennaio su TeleRama e Tele Salento per una diretta no stop con il cuore e per Cuore Amico.<\/p>\n<fb:like href='https:\/\/www.leccecronaca.it\/index.php\/2019\/01\/05\/la-solidarieta-di-cuore-amico-su-telerama-domenica-6\/' send='true' layout='button_count' show_faces='true' width='450' height='65' action='recommend' colorscheme='light' font='lucida grande'><\/fb:like><span class=\"fb_share\"><fb:like href=\"https:\/\/www.leccecronaca.it\/index.php\/2019\/01\/05\/la-solidarieta-di-cuore-amico-su-telerama-domenica-6\/\" layout=\"button_count\"><\/fb:like><\/span>","protected":false},"excerpt":{"rendered":"<p>Riceviamo e volentieri pubblichiamo. La Fondazione Cuore Amico ci manda il seguente comunicato______ Tutto pronto: il 6 gennaio Maratona della Solidariet\u00e0 di Cuore Amico, diretta No stop su TeleRama e Tele Salento Tutto pronto per la grande Maratona della Solidariet\u00e0 di Cuore Amico che domenica 6 gennaio, nel giorno dell\u2019Epifania, andr\u00e0 in onda su TeleRama [&hellip;]<\/p>\n","protected":false},"author":4,"featured_media":148866,"comment_status":"open","ping_status":"closed","sticky":false,"template":"","format":"standard","meta":[],"categories":[69,75,36],"tags":[],"_links":{"self":[{"href":"https:\/\/www.leccecronaca.it\/index.php\/wp-json\/wp\/v2\/posts\/148865"}],"collection":[{"href":"https:\/\/www.leccecronaca.it\/index.php\/wp-json\/wp\/v2\/posts"}],"about":[{"href":"https:\/\/www.leccecronaca.it\/index.php\/wp-json\/wp\/v2\/types\/post"}],"author":[{"embeddable":true,"href":"https:\/\/www.leccecronaca.it\/index.php\/wp-json\/wp\/v2\/users\/4"}],"replies":[{"embeddable":true,"href":"https:\/\/www.leccecronaca.it\/index.php\/wp-json\/wp\/v2\/comments?post=148865"}],"version-history":[{"count":2,"href":"https:\/\/www.leccecronaca.it\/index.php\/wp-json\/wp\/v2\/posts\/148865\/revisions"}],"predecessor-version":[{"id":148868,"href":"https:\/\/www.leccecronaca.it\/index.php\/wp-json\/wp\/v2\/posts\/148865\/revisions\/148868"}],"wp:featuredmedia":[{"embeddable":true,"href":"https:\/\/www.leccecronaca.it\/index.php\/wp-json\/wp\/v2\/media\/148866"}],"wp:attachment":[{"href":"https:\/\/www.leccecronaca.it\/index.php\/wp-json\/wp\/v2\/media?parent=148865"}],"wp:term":[{"taxonomy":"category","embeddable":true,"href":"https:\/\/www.leccecronaca.it\/index.php\/wp-json\/wp\/v2\/categories?post=148865"},{"taxonomy":"post_tag","embeddable":true,"href":"https:\/\/www.leccecronaca.it\/index.php\/wp-json\/wp\/v2\/tags?post=148865"}],"curies":[{"name":"wp","href":"https:\/\/api.w.org\/{rel}","templated":true}]}}