{"id":148992,"date":"2019-01-08T00:02:52","date_gmt":"2019-01-07T23:02:52","guid":{"rendered":"http:\/\/www.leccecronaca.it\/?p=148992"},"modified":"2019-01-08T09:13:41","modified_gmt":"2019-01-08T08:13:41","slug":"le-strade-dei-libri-di-paola-bisconti-a-nociglia-mercoledi9","status":"publish","type":"post","link":"https:\/\/www.leccecronaca.it\/index.php\/2019\/01\/08\/le-strade-dei-libri-di-paola-bisconti-a-nociglia-mercoledi9\/","title":{"rendered":"PAOLA BISCONTI A NOCIGLIA MERCOLEDI&#8217; 9"},"content":{"rendered":"<p><img decoding=\"async\" loading=\"lazy\" class=\"aligncenter size-full wp-image-148994\" src=\"https:\/\/www.leccecronaca.it\/wordpress\/wp-content\/uploads\/2019\/01\/PB.jpg\" alt=\"\" width=\"960\" height=\"720\" srcset=\"https:\/\/www.leccecronaca.it\/wordpress\/wp-content\/uploads\/2019\/01\/PB.jpg 960w, https:\/\/www.leccecronaca.it\/wordpress\/wp-content\/uploads\/2019\/01\/PB-300x225.jpg 300w, https:\/\/www.leccecronaca.it\/wordpress\/wp-content\/uploads\/2019\/01\/PB-768x576.jpg 768w, https:\/\/www.leccecronaca.it\/wordpress\/wp-content\/uploads\/2019\/01\/PB-400x300.jpg 400w\" sizes=\"(max-width: 960px) 100vw, 960px\" \/>(Rdl)______Mercoled\u00ec 9 gennaio, alle 20.00, a Mociglia, presso il Palazzo Baronale in piazza Ruggieri, si svolger\u00e0 la presentazione del libro della book blogger <strong>Paola Bisconti<\/strong> (nella foto), <strong>\u201c<em>Sulle strade dei libri. Viaggio nei mondi della lettura<\/em>\u201d<\/strong>, Edizioni Esperidi.<\/p>\n<p>L\u2019autrice dialogher\u00e0 con Brizio Montinaro, fratello di Antonio, capo della scorta del giudice Giovanni Falcone.<\/p>\n<p>Il libro. Il libro di Paola Bisconti accende i riflettori sulla situazione culturale del salento leccese, per quanto riguarda il mondo della lettura. Chi legge? E perch\u00e9? Chi compra libri? E dove? Chi vende libri?<\/p>\n<p>Tante sono le domande alle quali questo libro cerca di rispondere. L\u2019autrice ci prova, narrando con toni appassionanti le sue avventure tra le librerie indipendenti e le biblioteche scolastiche, tra una lettura in un parco vicino ad una \u201cFree little Library\u201d e in uno studio medico, o ancora in mezzo alla movida del sabato sera. Paola Bisconti crede nel potere salvifico e aggregante della lettura, ci regala le sue esperienze, ci invita a seguirla nei suoi percorsi di carta e parole, armati solo di tanta voglia di leggere!<\/p>\n<p>Scrive il giornalista Antonio Errico nella prefazione: <em>\u201cLa libreria \u00e8 il luogo del rammarico: perch\u00e9 quei libri vorresti comprarli tutti, possederli tutti. Ce ne sono alcuni intorno ai quali giri e rigiri per pi\u00f9 giorni. Risparmi su altre cose e poi li compri, con la convinzione che poche sono le cose essenziali e fra queste poche ci sono il pane e i libri. Paola Bisconti ci fa provare ancora questo rammarico, ci ricorda questa essenzialit\u00e0\u201d. Aggiunge nell\u2019introduzione Fabiana Renzo: \u201cQuesto di Paola Bisconti \u00e8 un libro fatto di sogni, sogni che hanno radici e germogliano, sfogliatene le pagine con cura, lasciatevi cullare dalle sue parole, \u00e8 un libro da gustare piano, se sar\u00e0 il caso perdetevi, perch\u00e9 sar\u00e0 dolcissimo l\u2019incanto di vedere questi sogni fiorire\u201d. Conclude Giuliana Coppola nella postfazione: \u201cPaola racconta la storia delle \u201cLittle free Library\u201d ma racconta la sua, di storia, che poi \u00e8 anche quella della sua famiglia allegra, complice, sorridente; del marito Manuele che crea e costruisce mini biblioteche, della grande famiglia di amici che accompagnano la sua energia e si muovono insieme a lei\u201d. <\/em><\/p>\n<p>In copertina: per gentile concessione di Giorgio Milani: Babele 2005, (assemblaggio di caratteri tipografici di legno cm h 67 x \u00f8 60).<\/p>\n<p>L\u2019autrice. Paola Bisconti (Lecce, 1984), blogger, opera da circa dieci anni nel settore culturale con energia, entusiasmo e creativit\u00e0 avviando una serie di progetti che mirano a portare la lettura in contesti insoliti. Aderendo al movimento delle \u201cLittle free Library\u201d ha installato nel Salento e non solo circa trenta mini biblioteche contribuendo ad avvicinare le persone ai libri. Certa del principio secondo il quale la cultura \u00e8 di tutti e per tutti, nel 2015 la Bisconti ha inventato il \u201cVagabondaggio Letterario\u201d, momenti di lettura nelle periferie dei paesi con le persone sole o emarginate, o con i ragazzi della \u201cmovida\u201d. Scrivendo versi sulle vetrine dei negozi, Paola ha dato vita al cosiddetto \u201cAssalto poetico\u201d mentre, leggendo alle donne in dolce attesa nelle sale d\u2019aspetto degli studi medici, \u00e8 nato il \u201cSottofondo Letterario\u201d. Altra appassionante iniziativa \u00e8 \u201cIl TG dei Bambini\u201d condotto dai suoi figli. Gi\u00e0 vicedirettrice di Salento in linea, ha collaborato con varie testate tra cui Articolo21, La Perfetta Letizia, L\u2019Ora del Salento. Attualmente Paola Bisconti cura un blog su Linkiesta e ha condotto una rubrica culturale settimanale sull\u2019emittente televisiva siciliana \u201cTelejato\u201d. \u00c8 coautrice, con Roberta Natalini, del libro \u201cLe rose d\u2019acciaio\u201d (Pubblicazioni Italiane) che raccoglie le testimonianze delle donne \u201cdell\u2019Ilva\u201d di Taranto. Instancabile organizzatrice di eventi culturali e artistici, attenta alle tematiche inerenti la legalit\u00e0 e l\u2019uguaglianza, ha curato la prefazione di romanzi e raccolte poetiche. La sua ultima creatura \u00e8 il blog sullestradedeilibri.it.<\/p>\n<p><img decoding=\"async\" loading=\"lazy\" class=\"aligncenter size-full wp-image-148993\" src=\"https:\/\/www.leccecronaca.it\/wordpress\/wp-content\/uploads\/2019\/01\/SullestradedeiLibri_Isbn.jpg\" alt=\"\" width=\"500\" height=\"768\" srcset=\"https:\/\/www.leccecronaca.it\/wordpress\/wp-content\/uploads\/2019\/01\/SullestradedeiLibri_Isbn.jpg 500w, https:\/\/www.leccecronaca.it\/wordpress\/wp-content\/uploads\/2019\/01\/SullestradedeiLibri_Isbn-195x300.jpg 195w\" sizes=\"(max-width: 500px) 100vw, 500px\" \/><\/p>\n<p>Paola BISCONTI, \u201cSulle strade dei libri. Viaggio nei mondi della lettura\u201d<\/p>\n<p>pp. 128, 38 immagini b\/n, ISBN 978-88-94857-05-4, \u20ac 14.00,<\/p>\n<p>Edizioni Esperidi, febbraio 2017<\/p>\n<p>EDIZIONI ESPERIDI<\/p>\n<p>Via Monte Nero 27, 73047 Monteroni di Lecce (Le)<\/p>\n<p>T 389 566 184<\/p>\n<p>www.edizioniesperidi.com<\/p>\n<fb:like href='https:\/\/www.leccecronaca.it\/index.php\/2019\/01\/08\/le-strade-dei-libri-di-paola-bisconti-a-nociglia-mercoledi9\/' send='true' layout='button_count' show_faces='true' width='450' height='65' action='recommend' colorscheme='light' font='lucida grande'><\/fb:like><span class=\"fb_share\"><fb:like href=\"https:\/\/www.leccecronaca.it\/index.php\/2019\/01\/08\/le-strade-dei-libri-di-paola-bisconti-a-nociglia-mercoledi9\/\" layout=\"button_count\"><\/fb:like><\/span>","protected":false},"excerpt":{"rendered":"<p>(Rdl)______Mercoled\u00ec 9 gennaio, alle 20.00, a Mociglia, presso il Palazzo Baronale in piazza Ruggieri, si svolger\u00e0 la presentazione del libro della book blogger Paola Bisconti (nella foto), \u201cSulle strade dei libri. Viaggio nei mondi della lettura\u201d, Edizioni Esperidi. L\u2019autrice dialogher\u00e0 con Brizio Montinaro, fratello di Antonio, capo della scorta del giudice Giovanni Falcone. Il libro. [&hellip;]<\/p>\n","protected":false},"author":4,"featured_media":148994,"comment_status":"open","ping_status":"closed","sticky":false,"template":"","format":"standard","meta":[],"categories":[31,75,57],"tags":[],"_links":{"self":[{"href":"https:\/\/www.leccecronaca.it\/index.php\/wp-json\/wp\/v2\/posts\/148992"}],"collection":[{"href":"https:\/\/www.leccecronaca.it\/index.php\/wp-json\/wp\/v2\/posts"}],"about":[{"href":"https:\/\/www.leccecronaca.it\/index.php\/wp-json\/wp\/v2\/types\/post"}],"author":[{"embeddable":true,"href":"https:\/\/www.leccecronaca.it\/index.php\/wp-json\/wp\/v2\/users\/4"}],"replies":[{"embeddable":true,"href":"https:\/\/www.leccecronaca.it\/index.php\/wp-json\/wp\/v2\/comments?post=148992"}],"version-history":[{"count":2,"href":"https:\/\/www.leccecronaca.it\/index.php\/wp-json\/wp\/v2\/posts\/148992\/revisions"}],"predecessor-version":[{"id":148999,"href":"https:\/\/www.leccecronaca.it\/index.php\/wp-json\/wp\/v2\/posts\/148992\/revisions\/148999"}],"wp:featuredmedia":[{"embeddable":true,"href":"https:\/\/www.leccecronaca.it\/index.php\/wp-json\/wp\/v2\/media\/148994"}],"wp:attachment":[{"href":"https:\/\/www.leccecronaca.it\/index.php\/wp-json\/wp\/v2\/media?parent=148992"}],"wp:term":[{"taxonomy":"category","embeddable":true,"href":"https:\/\/www.leccecronaca.it\/index.php\/wp-json\/wp\/v2\/categories?post=148992"},{"taxonomy":"post_tag","embeddable":true,"href":"https:\/\/www.leccecronaca.it\/index.php\/wp-json\/wp\/v2\/tags?post=148992"}],"curies":[{"name":"wp","href":"https:\/\/api.w.org\/{rel}","templated":true}]}}