{"id":149000,"date":"2019-01-08T09:25:48","date_gmt":"2019-01-08T08:25:48","guid":{"rendered":"http:\/\/www.leccecronaca.it\/?p=149000"},"modified":"2019-01-08T09:25:48","modified_gmt":"2019-01-08T08:25:48","slug":"e-dai-oh-metti-a-cassano","status":"publish","type":"post","link":"https:\/\/www.leccecronaca.it\/index.php\/2019\/01\/08\/e-dai-oh-metti-a-cassano\/","title":{"rendered":"&#8220;E dai oh metti a Cassano&#8230;&#8221;"},"content":{"rendered":"<p><img decoding=\"async\" loading=\"lazy\" class=\"aligncenter size-full wp-image-149001\" src=\"https:\/\/www.leccecronaca.it\/wordpress\/wp-content\/uploads\/2019\/01\/Cassano-Emiliano-696x378.jpg\" alt=\"\" width=\"696\" height=\"378\" srcset=\"https:\/\/www.leccecronaca.it\/wordpress\/wp-content\/uploads\/2019\/01\/Cassano-Emiliano-696x378.jpg 696w, https:\/\/www.leccecronaca.it\/wordpress\/wp-content\/uploads\/2019\/01\/Cassano-Emiliano-696x378-300x163.jpg 300w\" sizes=\"(max-width: 696px) 100vw, 696px\" \/>Riceviamo e volentieri pubblichiamo. Il consigliere regionale di Fratelli d&#8217;Italia Erio Congedo ci manda il seguente comunicato.______<\/p>\n<p>CASSANO ALL&#8217;ARPAL, CONGEDO: &#8220;POLTRONIFICIO EMILIANO ASSUME ANCORA&#8221;<\/p>\n<p>Ormai \u00e8 un dato: la Regione Puglia nelle mani del presidente Michele Emiliano \u00e8 un poltronificio. La nomina di Massimo Cassano, ex esponente di centrodestra, nell&#8217;ARPAL -una delle pi\u00f9 importanti agenzie regionali che si occupa di lavoro- \u00e8 solo l&#8217;ultima delle trovate elettorali del governatore pugliese che, evidentemente, conscio della sua fallimentare gestione politica, utilizza figure totalmente lontane dalla sua identit\u00e0 politica per ingrassare l&#8217;elettorato di salvataggio a cui aggrapparsi per non rischiare la deb\u00e2cle alle regionali 2020. Ma i pugliesi non hanno l&#8217;anello al naso e sapranno giudicarlo sapientemente.<\/p>\n<fb:like href='https:\/\/www.leccecronaca.it\/index.php\/2019\/01\/08\/e-dai-oh-metti-a-cassano\/' send='true' layout='button_count' show_faces='true' width='450' height='65' action='recommend' colorscheme='light' font='lucida grande'><\/fb:like><span class=\"fb_share\"><fb:like href=\"https:\/\/www.leccecronaca.it\/index.php\/2019\/01\/08\/e-dai-oh-metti-a-cassano\/\" layout=\"button_count\"><\/fb:like><\/span>","protected":false},"excerpt":{"rendered":"<p>Riceviamo e volentieri pubblichiamo. Il consigliere regionale di Fratelli d&#8217;Italia Erio Congedo ci manda il seguente comunicato.______ CASSANO ALL&#8217;ARPAL, CONGEDO: &#8220;POLTRONIFICIO EMILIANO ASSUME ANCORA&#8221; Ormai \u00e8 un dato: la Regione Puglia nelle mani del presidente Michele Emiliano \u00e8 un poltronificio. La nomina di Massimo Cassano, ex esponente di centrodestra, nell&#8217;ARPAL -una delle pi\u00f9 importanti agenzie [&hellip;]<\/p>\n","protected":false},"author":4,"featured_media":149001,"comment_status":"open","ping_status":"closed","sticky":false,"template":"","format":"standard","meta":[],"categories":[76,36],"tags":[],"_links":{"self":[{"href":"https:\/\/www.leccecronaca.it\/index.php\/wp-json\/wp\/v2\/posts\/149000"}],"collection":[{"href":"https:\/\/www.leccecronaca.it\/index.php\/wp-json\/wp\/v2\/posts"}],"about":[{"href":"https:\/\/www.leccecronaca.it\/index.php\/wp-json\/wp\/v2\/types\/post"}],"author":[{"embeddable":true,"href":"https:\/\/www.leccecronaca.it\/index.php\/wp-json\/wp\/v2\/users\/4"}],"replies":[{"embeddable":true,"href":"https:\/\/www.leccecronaca.it\/index.php\/wp-json\/wp\/v2\/comments?post=149000"}],"version-history":[{"count":1,"href":"https:\/\/www.leccecronaca.it\/index.php\/wp-json\/wp\/v2\/posts\/149000\/revisions"}],"predecessor-version":[{"id":149002,"href":"https:\/\/www.leccecronaca.it\/index.php\/wp-json\/wp\/v2\/posts\/149000\/revisions\/149002"}],"wp:featuredmedia":[{"embeddable":true,"href":"https:\/\/www.leccecronaca.it\/index.php\/wp-json\/wp\/v2\/media\/149001"}],"wp:attachment":[{"href":"https:\/\/www.leccecronaca.it\/index.php\/wp-json\/wp\/v2\/media?parent=149000"}],"wp:term":[{"taxonomy":"category","embeddable":true,"href":"https:\/\/www.leccecronaca.it\/index.php\/wp-json\/wp\/v2\/categories?post=149000"},{"taxonomy":"post_tag","embeddable":true,"href":"https:\/\/www.leccecronaca.it\/index.php\/wp-json\/wp\/v2\/tags?post=149000"}],"curies":[{"name":"wp","href":"https:\/\/api.w.org\/{rel}","templated":true}]}}