{"id":149027,"date":"2019-01-09T13:21:51","date_gmt":"2019-01-09T12:21:51","guid":{"rendered":"http:\/\/www.leccecronaca.it\/?p=149027"},"modified":"2019-01-09T13:52:21","modified_gmt":"2019-01-09T12:52:21","slug":"lesordio-poetico-di-alessio-paiano-a-lecce-giovedi-10","status":"publish","type":"post","link":"https:\/\/www.leccecronaca.it\/index.php\/2019\/01\/09\/lesordio-poetico-di-alessio-paiano-a-lecce-giovedi-10\/","title":{"rendered":"L&#8217;ESORDIO POETICO DI ALESSIO PAIANO A LECCE GIOVEDI&#8217; 10"},"content":{"rendered":"<p><img decoding=\"async\" loading=\"lazy\" class=\"aligncenter size-full wp-image-149029\" src=\"https:\/\/www.leccecronaca.it\/wordpress\/wp-content\/uploads\/2019\/01\/37830879_101201917481735_7963620986060800_n-1.jpg\" alt=\"\" width=\"960\" height=\"960\" srcset=\"https:\/\/www.leccecronaca.it\/wordpress\/wp-content\/uploads\/2019\/01\/37830879_101201917481735_7963620986060800_n-1.jpg 960w, https:\/\/www.leccecronaca.it\/wordpress\/wp-content\/uploads\/2019\/01\/37830879_101201917481735_7963620986060800_n-1-300x300.jpg 300w, https:\/\/www.leccecronaca.it\/wordpress\/wp-content\/uploads\/2019\/01\/37830879_101201917481735_7963620986060800_n-1-150x150.jpg 150w, https:\/\/www.leccecronaca.it\/wordpress\/wp-content\/uploads\/2019\/01\/37830879_101201917481735_7963620986060800_n-1-768x768.jpg 768w, https:\/\/www.leccecronaca.it\/wordpress\/wp-content\/uploads\/2019\/01\/37830879_101201917481735_7963620986060800_n-1-60x60.jpg 60w\" sizes=\"(max-width: 960px) 100vw, 960px\" \/>(Rdl)______Gioved\u00ec 10 gennaio 2019, alle 20.00, a Lecce, presso il Fondo Verri, in via Santa Maria del Paradiso 8, si terr\u00e0 la presentazione del libro <strong><em>\u201cL\u2019estate di Gaia\u201d<\/em><\/strong>, Musicaos Edizioni, di <strong>Alessio Paiano<\/strong> (nella foto), poema di esordio del giovane autore salentino.<\/p>\n<p>L\u2019autore dialogher\u00e0 con il professore Simone Giorgino, interverr\u00e0 l\u2019editore, Luciano Pagano. All\u2019attore e regista Simone Franco, e a Simone Giorgino, saranno affidate le letture di alcuni versi tratti dal poema.<\/p>\n<p>La presentazione ospiter\u00e0 i mosaici di Orod\u00e8 Deoro che sono stati di ispirazione alla realizzazione dell\u2019illustrazione contenuta nella copertina del volume.<\/p>\n<p>Ingresso libero.<\/p>\n<p>\u201cL\u2019estate di Gaia\u201d \u00e8 la prima opera in versi di Alessio Paiano. Andrea Donaera, nella postfazione al volume scrive: <em>\u201c[\u2026] riceviamo una novit\u00e0 assoluta, per questi nostri tempi: una poesia che non scivola accomodante ed emozionale, ma che costringe a cogliere il rovesciamento che \u00e8 in atto nei sistemi comunicativi, attraverso l\u2019indagine attorno alla lingua, componendola di alternative con piglio parodico, teatrale, osceno \u2013 anche nella forma editoriale data al volume. [&#8230;] quanto di pi\u00f9 lontano possibile dalla lingua \u2018corretta\u2019, dilaga nella lingua italiana e nella filosofia del linguaggio, attingendo a riferimenti autorevoli che prima di lui hanno compiuto l\u2019eroismo di slacciarsi dal \u2018normale\u2019 fare poesia.\u201d<\/em><\/p>\n<p>Da queste premesse nasce l\u2019opera dell\u2019autore secondo cui questo, lungi dall\u2019essere un poema compiuto, \u00e8 un pantano in cui l\u2019autore non pu\u00f2 che sprogettare quanto ideato. \u201cL\u2019estate di Gaia\u201d \u00e8 la distruzione in versi di un inetto digitale, Camicia Pezzata, scarto narrativo di un rapporto senza contatto, osceno, con un profilo digitale, Gaia. Non si d\u00e0 autore senza personaggio, non si d\u00e0 personaggio senza storia, non si d\u00e0 storia senza l\u2019umano, non si d\u00e0 lettore-spettatore.<\/p>\n<p>&nbsp;<\/p>\n<p>Alessio Paiano \u00e8 nato a Pavia nel 1992 e vive a Lecce, dove si \u00e8 laureato in Lettere Moderne svolgendo attivit\u00e0 di ricerca principalmente su Carmelo Bene. Suoi articoli sono apparsi su alcuni blog e riviste online; attualmente cura per Poesia del Nostro Tempo (rivista \u00abArgo\u00bb) la rubrica \u00abIl Grammofono\u00bb, concepita come laboratorio di critica letteraria sulla poesia contemporanea. Fa parte del direttivo del Centro Studi Carmelo Bene. \u00abL\u2019estate di Gaia\u00bb \u00e8 la sua prima opera in versi.<\/p>\n<p><img decoding=\"async\" loading=\"lazy\" class=\"aligncenter size-full wp-image-149030\" src=\"https:\/\/www.leccecronaca.it\/wordpress\/wp-content\/uploads\/2019\/01\/Alessio-Paiano-L-estate-di-Gaia.jpg\" alt=\"\" width=\"3000\" height=\"4800\" \/><\/p>\n<p>&nbsp;<\/p>\n<p>&nbsp;<\/p>\n<p>&nbsp;<\/p>\n<fb:like href='https:\/\/www.leccecronaca.it\/index.php\/2019\/01\/09\/lesordio-poetico-di-alessio-paiano-a-lecce-giovedi-10\/' send='true' layout='button_count' show_faces='true' width='450' height='65' action='recommend' colorscheme='light' font='lucida grande'><\/fb:like><span class=\"fb_share\"><fb:like href=\"https:\/\/www.leccecronaca.it\/index.php\/2019\/01\/09\/lesordio-poetico-di-alessio-paiano-a-lecce-giovedi-10\/\" layout=\"button_count\"><\/fb:like><\/span>","protected":false},"excerpt":{"rendered":"<p>(Rdl)______Gioved\u00ec 10 gennaio 2019, alle 20.00, a Lecce, presso il Fondo Verri, in via Santa Maria del Paradiso 8, si terr\u00e0 la presentazione del libro \u201cL\u2019estate di Gaia\u201d, Musicaos Edizioni, di Alessio Paiano (nella foto), poema di esordio del giovane autore salentino. L\u2019autore dialogher\u00e0 con il professore Simone Giorgino, interverr\u00e0 l\u2019editore, Luciano Pagano. All\u2019attore e [&hellip;]<\/p>\n","protected":false},"author":4,"featured_media":149029,"comment_status":"open","ping_status":"closed","sticky":false,"template":"","format":"standard","meta":[],"categories":[31,75,57],"tags":[],"_links":{"self":[{"href":"https:\/\/www.leccecronaca.it\/index.php\/wp-json\/wp\/v2\/posts\/149027"}],"collection":[{"href":"https:\/\/www.leccecronaca.it\/index.php\/wp-json\/wp\/v2\/posts"}],"about":[{"href":"https:\/\/www.leccecronaca.it\/index.php\/wp-json\/wp\/v2\/types\/post"}],"author":[{"embeddable":true,"href":"https:\/\/www.leccecronaca.it\/index.php\/wp-json\/wp\/v2\/users\/4"}],"replies":[{"embeddable":true,"href":"https:\/\/www.leccecronaca.it\/index.php\/wp-json\/wp\/v2\/comments?post=149027"}],"version-history":[{"count":1,"href":"https:\/\/www.leccecronaca.it\/index.php\/wp-json\/wp\/v2\/posts\/149027\/revisions"}],"predecessor-version":[{"id":149031,"href":"https:\/\/www.leccecronaca.it\/index.php\/wp-json\/wp\/v2\/posts\/149027\/revisions\/149031"}],"wp:featuredmedia":[{"embeddable":true,"href":"https:\/\/www.leccecronaca.it\/index.php\/wp-json\/wp\/v2\/media\/149029"}],"wp:attachment":[{"href":"https:\/\/www.leccecronaca.it\/index.php\/wp-json\/wp\/v2\/media?parent=149027"}],"wp:term":[{"taxonomy":"category","embeddable":true,"href":"https:\/\/www.leccecronaca.it\/index.php\/wp-json\/wp\/v2\/categories?post=149027"},{"taxonomy":"post_tag","embeddable":true,"href":"https:\/\/www.leccecronaca.it\/index.php\/wp-json\/wp\/v2\/tags?post=149027"}],"curies":[{"name":"wp","href":"https:\/\/api.w.org\/{rel}","templated":true}]}}