{"id":149304,"date":"2019-01-17T00:02:00","date_gmt":"2019-01-16T23:02:00","guid":{"rendered":"http:\/\/www.leccecronaca.it\/?p=149304"},"modified":"2019-01-17T09:02:37","modified_gmt":"2019-01-17T08:02:37","slug":"esce-una-ricerca-di-salvatore-tommasi-su-vito-domenica-palumbo-letterato-della-grecia-salentina","status":"publish","type":"post","link":"https:\/\/www.leccecronaca.it\/index.php\/2019\/01\/17\/esce-una-ricerca-di-salvatore-tommasi-su-vito-domenica-palumbo-letterato-della-grecia-salentina\/","title":{"rendered":"ESCE UNA RICERCA DI SALVATORE TOMMASI SU VITO DOMENICO PALUMBO, LETTERATO DELLA GRECIA SALENTINA"},"content":{"rendered":"<p><img decoding=\"async\" loading=\"lazy\" class=\"aligncenter wp-image-149305\" src=\"https:\/\/www.leccecronaca.it\/wordpress\/wp-content\/uploads\/2019\/01\/palumbo.png\" alt=\"\" width=\"500\" height=\"676\" \/>di <strong>Raffaele Polo______<\/strong><\/p>\n<p>Un libro particolarmente interessante, di recentissima pubblicazione con Argo (175 pagine, 15 euro), \u00e8 dedicato alla poliedrica figura di <strong><em>Vito Domenico Palumbo<\/em><\/strong> con esplicativo sottotitolo <em>&#8216;<\/em><strong><em>L<\/em>etterato della Grec\u00eca salentina&#8217;.<\/strong><\/p>\n<p>L&#8217;autore \u00e8 <strong>Salvatore Tommasi <\/strong>che, da tempo, dedica studi e ricerche all&#8217;isola culturale salentina nella quale il griko \u00e8 sempre poco supportato e rischia di scomparire, o ad essere limitato a qualche modestissima esibizione nelle sagre popolari o nei convivi danzanti quando si intona, magari con arrangiamento rock, il tradizionale Kali nifta&#8230;.<\/p>\n<p>Meritoria e necessaria l&#8217;opera degli studiosi e dei ricercatori che dedicano con orgoglio e tenacia il proprio interesse a rinverdire e inspessire la produzione letteraria in griko, nella mai sopita speranza che l&#8217;interesse e la conoscenza, soprattutto nei pi\u00f9 giovani, faccia rifiorire l&#8217;uso e la frequentazione di questo linguaggio che, con con enfasi ma commuovente constatazione, \u00e8 definita &#8216;la lingua degli Dei&#8217;.<\/p>\n<p>Tra le figure pi\u00f9 interessanti e attive, nello studio e nella divulgazione di questa particolare cultura, spicca il calimerese Vito Domenico Palumbo (nella foto), eclettica figura di studioso di cui, fino ad ora, poco o nulla si conosce, nonostante i suoi interessi e la sua produzione letteraria e poetica sia vastissima.<\/p>\n<p>E chi meglio di Salvatore Tommasi poteva presentarci il pensiero e l&#8217;opera di quest&#8217;uomo, soffermandosi anche ad esplorarne la caratterialit\u00e0 e l&#8217;indomabile vis polemica che lo ha sempre accompagnato, fino a fargli sostenere duelli, non solo giuridici o giornalistici, ma con tanto di sciabola&#8230;<\/p>\n<p>Altri tempi (siamo agli inizi del Novecento) ma quanta determinazione, quanto entusiasmo e quanta volont\u00e0 di affermare i propri ideali&#8230;<\/p>\n<p>Palumbo, tra l&#8217;altro, da erudito conoscitore di molte lingue, traduce in griko numerosi autori stranieri (Poe, ad esempio. Ma anche Goethe, Heine e i classici italiani&#8230;) e Salvatore Tommasi sottolinea argutamente quale fosse l&#8217;intento di Palumbo:<em> \u201cPerch\u00e8 tradurre in griko? Per avvicinare quegli autori ai contadini che parlavano questa lingua? Ovviamente no. Quei contadini non sapevano neppure leggere. Qual era allora il suo intento? Chi erano i destinatari di queste sue traduzioni? Eravamo noi, probabilmente. Cos\u00ec come eravamo noi i destinatari della sua ricerca nell&#8217;ambito del folklore. Ed esaltazione della lingua grika da lui intrapresa: significava riconoscere e far riconoscere le potenzialit\u00e0 espressive della nostra lingua. Come dire: guardate, il griko non \u00e8 una lingua solo di analfabeti, ma \u00e8 una lingua ricca e flessibile, in grado di competere con le lingue letterarie di ogni altro paese.\u201d<\/em><\/p>\n<p>Il libro, corredato dalla riproduzione a colori di documenti d&#8217;epoca, \u00e8 scandito da una Introduzione e poi dagli argomenti denominati &#8216;Le dicerie&#8217;, &#8216;Lo \u201cspecchio caratteristico\u201d, &#8216;Il letterato&#8217;, &#8216;Il folklorista&#8217;, &#8216;Il poeta&#8217;. Poi le Note ed i Documenti; il tutto a formare il &#8216;Profilo biografico e antologia&#8217; di questa preziosa ricerca che ha il bel ritratto di Vito Domenico Palumbo in copertina, pregevole e significativa opera di Michele Palumbo.<\/p>\n<p>Un totale consenso per questo lavoro di Salvatore Tommasi, gestito molto intelligentemente alternando notizie biografiche, fatti salienti e qualche curiosit\u00e0 con i documenti della sterminata attivit\u00e0 del Palumbo, rimasta ancora per la maggior parte sconosciuta e non pubblicata.<\/p>\n<p>Meritoria l&#8217;opera di Tommasi che, oltre alla sua vasta produzione letteraria, sta ultimando il dizionario di griko. Sarebbe oltremodo auspicabile che il mondo culturale della Grec\u00eca salentina, a partire dalle istituzioni scolastiche, non rimanesse insensibile e si adoperasse a diffondere e stimolare l&#8217;interesse per il linguaggio griko, vero patrimonio culturale del nostro Salento, da curare e tutelare in ogni modo.<\/p>\n<p><img decoding=\"async\" loading=\"lazy\" class=\"aligncenter size-full wp-image-149308\" src=\"https:\/\/www.leccecronaca.it\/wordpress\/wp-content\/uploads\/2019\/01\/palumbo-copertina-1.jpeg\" alt=\"\" width=\"1804\" height=\"2822\" \/><\/p>\n<p>______<\/p>\n<p>LA RICERCA nel nostro articolo del 28 luglio scorso<\/p>\n<blockquote class=\"wp-embedded-content\" data-secret=\"uK3AnnKomS\"><p><a href=\"https:\/\/www.leccecronaca.it\/index.php\/2018\/07\/20\/da-fare-lecce-vista-2\/\">LECCE VISTA DAGLI SCRITTORI CONTEMPORANEI \/ 15 \u2013 IL GRIKO DI VITO DOMENICO PALUMBO<\/a><\/p><\/blockquote>\n<p><iframe class=\"wp-embedded-content\" sandbox=\"allow-scripts\" security=\"restricted\" style=\"position: absolute; clip: rect(1px, 1px, 1px, 1px);\" src=\"https:\/\/www.leccecronaca.it\/index.php\/2018\/07\/20\/da-fare-lecce-vista-2\/embed\/#?secret=uK3AnnKomS\" data-secret=\"uK3AnnKomS\" width=\"500\" height=\"282\" title=\"&#8220;LECCE VISTA DAGLI SCRITTORI CONTEMPORANEI \/ 15 \u2013 IL GRIKO DI VITO DOMENICO PALUMBO&#8221; &#8212; LecceCronaca.it\" frameborder=\"0\" marginwidth=\"0\" marginheight=\"0\" scrolling=\"no\"><\/iframe><\/p>\n<p>&nbsp;<\/p>\n<fb:like href='https:\/\/www.leccecronaca.it\/index.php\/2019\/01\/17\/esce-una-ricerca-di-salvatore-tommasi-su-vito-domenica-palumbo-letterato-della-grecia-salentina\/' send='true' layout='button_count' show_faces='true' width='450' height='65' action='recommend' colorscheme='light' font='lucida grande'><\/fb:like><span class=\"fb_share\"><fb:like href=\"https:\/\/www.leccecronaca.it\/index.php\/2019\/01\/17\/esce-una-ricerca-di-salvatore-tommasi-su-vito-domenica-palumbo-letterato-della-grecia-salentina\/\" layout=\"button_count\"><\/fb:like><\/span>","protected":false},"excerpt":{"rendered":"<p>di Raffaele Polo______ Un libro particolarmente interessante, di recentissima pubblicazione con Argo (175 pagine, 15 euro), \u00e8 dedicato alla poliedrica figura di Vito Domenico Palumbo con esplicativo sottotitolo &#8216;Letterato della Grec\u00eca salentina&#8217;. L&#8217;autore \u00e8 Salvatore Tommasi che, da tempo, dedica studi e ricerche all&#8217;isola culturale salentina nella quale il griko \u00e8 sempre poco supportato e [&hellip;]<\/p>\n","protected":false},"author":4,"featured_media":0,"comment_status":"open","ping_status":"closed","sticky":false,"template":"","format":"standard","meta":[],"categories":[31,57],"tags":[],"_links":{"self":[{"href":"https:\/\/www.leccecronaca.it\/index.php\/wp-json\/wp\/v2\/posts\/149304"}],"collection":[{"href":"https:\/\/www.leccecronaca.it\/index.php\/wp-json\/wp\/v2\/posts"}],"about":[{"href":"https:\/\/www.leccecronaca.it\/index.php\/wp-json\/wp\/v2\/types\/post"}],"author":[{"embeddable":true,"href":"https:\/\/www.leccecronaca.it\/index.php\/wp-json\/wp\/v2\/users\/4"}],"replies":[{"embeddable":true,"href":"https:\/\/www.leccecronaca.it\/index.php\/wp-json\/wp\/v2\/comments?post=149304"}],"version-history":[{"count":3,"href":"https:\/\/www.leccecronaca.it\/index.php\/wp-json\/wp\/v2\/posts\/149304\/revisions"}],"predecessor-version":[{"id":149323,"href":"https:\/\/www.leccecronaca.it\/index.php\/wp-json\/wp\/v2\/posts\/149304\/revisions\/149323"}],"wp:attachment":[{"href":"https:\/\/www.leccecronaca.it\/index.php\/wp-json\/wp\/v2\/media?parent=149304"}],"wp:term":[{"taxonomy":"category","embeddable":true,"href":"https:\/\/www.leccecronaca.it\/index.php\/wp-json\/wp\/v2\/categories?post=149304"},{"taxonomy":"post_tag","embeddable":true,"href":"https:\/\/www.leccecronaca.it\/index.php\/wp-json\/wp\/v2\/tags?post=149304"}],"curies":[{"name":"wp","href":"https:\/\/api.w.org\/{rel}","templated":true}]}}