{"id":149423,"date":"2019-01-20T11:40:39","date_gmt":"2019-01-20T10:40:39","guid":{"rendered":"http:\/\/www.leccecronaca.it\/?p=149423"},"modified":"2019-01-20T14:48:34","modified_gmt":"2019-01-20T13:48:34","slug":"salvini-io-non-saro-mai-complice-dei-trafficanti-di-esseri-umani-renzi-noi-siamo-litalia-se-ce-gente-in-mare-prima-la-salviamo","status":"publish","type":"post","link":"https:\/\/www.leccecronaca.it\/index.php\/2019\/01\/20\/salvini-io-non-saro-mai-complice-dei-trafficanti-di-esseri-umani-renzi-noi-siamo-litalia-se-ce-gente-in-mare-prima-la-salviamo\/","title":{"rendered":"L&#8217;APPROFONDIMENTO \/ SALVINI: IO NON SARO&#8217; MAI COMPLICE DEI TRAFFICANTI DI ESSERI UMANI. RENZI: SIAMO L&#8217;ITALIA, SE C&#8217;E&#8217; GENTE IN MARE PRIMA LA SALVIAMO"},"content":{"rendered":"<p><img decoding=\"async\" loading=\"lazy\" class=\"alignleft size-medium wp-image-149435\" src=\"https:\/\/www.leccecronaca.it\/wordpress\/wp-content\/uploads\/2019\/01\/migranti-300x157.jpg\" alt=\"\" width=\"300\" height=\"157\" srcset=\"https:\/\/www.leccecronaca.it\/wordpress\/wp-content\/uploads\/2019\/01\/migranti-300x157.jpg 300w, https:\/\/www.leccecronaca.it\/wordpress\/wp-content\/uploads\/2019\/01\/migranti-768x402.jpg 768w, https:\/\/www.leccecronaca.it\/wordpress\/wp-content\/uploads\/2019\/01\/migranti.jpg 835w\" sizes=\"(max-width: 300px) 100vw, 300px\" \/>di <strong>Valerio Melcore<\/strong>_______<em>&#8220;Io non sono stato, non sono e non sar\u00f2 mai complice dei trafficanti di esseri umani, che con i loro guadagni investono in armi e droga, e delle Ong che non rispettano regole e ordini. Quanto a certi sindaci e governatori di Pd e sinistra anzich\u00e9 denunciare la presunta violazione dei &#8216;diritti dei clandestini, dovrebbero occuparsi del lavoro e del benessere dei loro cittadini, visto che sono gli italiani a pagare loro lo stipendio. Sbaglio?&#8221;<\/em>: cos\u00ec su Facebook il ministro dell&#8217;Interno, Matteo Salvini.<\/p>\n<p><em>&#8220;Noi siamo l&#8217;Italia<\/em> &#8211; scrive Matteo Renzi -:<em> se c&#8217;\u00e8 gente in mare, prima la salviamo. Poi si discute<\/em>&#8220;.<\/p>\n<p>Il ministro della Difesa, Elisabetta Trenta, intanto lancia un appello all&#8217;Europa che, dice, &#8220;non pu\u00f2 pi\u00f9 restare a guardare&#8221;.<\/p>\n<p>A leggerli cos\u00ec questi messaggi, sembra che tutti abbiano ragione, ma vediamo di capirci qualcosa in pi\u00f9.<\/p>\n<p>Qual \u00e8 la notizia di oggi:\u00a0<em>&#8220;Centosettanta persone morte negli ultimi giorni in un Mediterraneo che, anche in questo scorcio del 2019, si conferma cimitero dei migranti. I barconi del sogno europeo non si fermano e continuano a partire dalla Libia, in fuga da violenze e abusi, dalle torture dei centri di detenzione, come raccontano i fortunati che ce la fanno&#8221;.<\/em><\/p>\n<p>Queste sono le parole che l&#8217;Ansa utilizza per raccontare quanto accaduto in questi giorni, ma \u00e8 lo stesso racconto che le televisioni e la grande stampa fanno da mesi per non dire da anni.<\/p>\n<p>Un racconto che sino a che abbiamo avuto governi che sull&#8217;accoglienza ai migranti avevano fatto la loro fortuna, ottenendo finanziamenti dalla Comunit\u00e0 Europea, che grazie a \u00a0leggi ad hoc finanziava associazioni amiche che si occupavano di migranti e alle quali venivano elargite cifre da capogiro, poteva avere un senso, ma oggi che il governo \u00e8 cambiato ed \u00e8 cambiato anche il modo di porsi dell&#8217;Italia rispetto al fenomeno degli immigrati clandestini: oggi che si \u00e8 giunti alla conclusione \u00a0che i migranti ben lungi dall&#8217;essere una risorsa, come ci \u00e8 stato raccontato per anni, sono \u00a0un problema, e anche bello grosso, anche la musica dovrebbe cambiare. Invece il motivetto \u00e8 sempre lo stesso.<\/p>\n<p>Il primo sospetto \u00e8 che di questi poveri disgraziati non gliene freghi niente a nessuno, altrimenti non si capisce perch\u00e9 cominciamo ad interessarcene solo quando sono in acqua.<br \/>\nNon si capisce perch\u00e9 per anni televisioni e giornali ci hanno raccontato che le navi delle ONG raccoglievano i naufraghi nelle acque del canale di Sicilia. Poi abbiamo scoperto che invece le navi andavano a prelevare questi disgraziati dai barconi dei trafficanti davanti alle coste libiche.<\/p>\n<p>Quindi la prima domanda \u00e8:<br \/>\n<strong>Questa gente che si trova dall&#8217;altra parte del mediterraneo e che vuole venire in Europa, dobbiamo accoglierla oppure no?<\/strong><br \/>\nQUESTA RISPOSTA NON LA DA&#8217; NESSUNO, o meglio la danno coloro che dicono no, giustificandola con una serie di ragioni, di spazio, di convivenza, di mancanza di risorse ecc. ma diciamo che queste posizioni ci interessano poco, perch\u00e9 sono piuttosto chiare.<\/p>\n<p>Ci interessano le altre posizioni, quelle che sono accoglienti ma non si comprende bene come.<br \/>\nPerch\u00e9 se l&#8217;Europa vuole accogliere tutti coloro che scappano dal continente africano in cerca di un futuro migliore, allora si va in Libia si prendono e si portano in Europa in tutta sicurezza i milioni di persone che vogliono venire in Europa.<\/p>\n<p><strong>Se viceversa non li si vuole accogliere allora lo si dice a chiare lettere che non possono essere accolti. In questo caso nessuno rischierebbe la pelle sapendo che il giorno dopo \u00a0sarebbe rimandato indietro.<\/strong><br \/>\nFare finta che le persone \u00a0che i mafiosi libici fanno venire in Europa a bordo di gommoni che non reggono il mare, siano dei naufraghi \u00e8 sbagliato, possiamo dire che sono lo strumento con il quale la mafia africana ricatta l&#8217;Europa, possiamo utilizzare altre parole, ma certamente non sono dei naufraghi, non possono essere considerati naufraghi coloro che salgono su gommoni che terranno il mare per poche ore, sono\u00a0<strong>affondamenti annunciati<\/strong>. Non si tratta di un naufragio, di un incidente, di un imprevisto, qui \u00e8 tutto previsto e pianificato. <strong>Si tratta di vittime sacrificabili sull&#8217;altare del Dio denaro. <\/strong>Denaro che viene intascato su entrambe le sponde del Mediterraneo.<\/p>\n<p>Sino a che si fa credere alle persone che raggiunta l&#8217;Italia, saranno accolti sfamati e mantenuti, come si \u00e8 fatto in questi anni, la gente \u00e8 chiaro che si mette in mare e ovviamente saranno in tanti a morire.<br \/>\nEppure, i giornalisti che pullulano nelle redazioni dei giornali o che stazionano abitualmente negli studi televisivi, questo semplice ragionamento non lo fanno.<\/p>\n<p>&nbsp;<\/p>\n<p>&nbsp;<\/p>\n<fb:like href='https:\/\/www.leccecronaca.it\/index.php\/2019\/01\/20\/salvini-io-non-saro-mai-complice-dei-trafficanti-di-esseri-umani-renzi-noi-siamo-litalia-se-ce-gente-in-mare-prima-la-salviamo\/' send='true' layout='button_count' show_faces='true' width='450' height='65' action='recommend' colorscheme='light' font='lucida grande'><\/fb:like><span class=\"fb_share\"><fb:like href=\"https:\/\/www.leccecronaca.it\/index.php\/2019\/01\/20\/salvini-io-non-saro-mai-complice-dei-trafficanti-di-esseri-umani-renzi-noi-siamo-litalia-se-ce-gente-in-mare-prima-la-salviamo\/\" layout=\"button_count\"><\/fb:like><\/span>","protected":false},"excerpt":{"rendered":"<p>di Valerio Melcore_______&#8220;Io non sono stato, non sono e non sar\u00f2 mai complice dei trafficanti di esseri umani, che con i loro guadagni investono in armi e droga, e delle Ong che non rispettano regole e ordini. Quanto a certi sindaci e governatori di Pd e sinistra anzich\u00e9 denunciare la presunta violazione dei &#8216;diritti dei [&hellip;]<\/p>\n","protected":false},"author":4,"featured_media":0,"comment_status":"open","ping_status":"closed","sticky":false,"template":"","format":"standard","meta":[],"categories":[69,76],"tags":[],"_links":{"self":[{"href":"https:\/\/www.leccecronaca.it\/index.php\/wp-json\/wp\/v2\/posts\/149423"}],"collection":[{"href":"https:\/\/www.leccecronaca.it\/index.php\/wp-json\/wp\/v2\/posts"}],"about":[{"href":"https:\/\/www.leccecronaca.it\/index.php\/wp-json\/wp\/v2\/types\/post"}],"author":[{"embeddable":true,"href":"https:\/\/www.leccecronaca.it\/index.php\/wp-json\/wp\/v2\/users\/4"}],"replies":[{"embeddable":true,"href":"https:\/\/www.leccecronaca.it\/index.php\/wp-json\/wp\/v2\/comments?post=149423"}],"version-history":[{"count":6,"href":"https:\/\/www.leccecronaca.it\/index.php\/wp-json\/wp\/v2\/posts\/149423\/revisions"}],"predecessor-version":[{"id":149452,"href":"https:\/\/www.leccecronaca.it\/index.php\/wp-json\/wp\/v2\/posts\/149423\/revisions\/149452"}],"wp:attachment":[{"href":"https:\/\/www.leccecronaca.it\/index.php\/wp-json\/wp\/v2\/media?parent=149423"}],"wp:term":[{"taxonomy":"category","embeddable":true,"href":"https:\/\/www.leccecronaca.it\/index.php\/wp-json\/wp\/v2\/categories?post=149423"},{"taxonomy":"post_tag","embeddable":true,"href":"https:\/\/www.leccecronaca.it\/index.php\/wp-json\/wp\/v2\/tags?post=149423"}],"curies":[{"name":"wp","href":"https:\/\/api.w.org\/{rel}","templated":true}]}}