{"id":149856,"date":"2019-01-27T19:45:57","date_gmt":"2019-01-27T18:45:57","guid":{"rendered":"http:\/\/www.leccecronaca.it\/?p=149856"},"modified":"2019-01-27T19:56:13","modified_gmt":"2019-01-27T18:56:13","slug":"il-presidente-della-repubblica-cossiga-risponde-alle-domande-del-presidente-mattarella","status":"publish","type":"post","link":"https:\/\/www.leccecronaca.it\/index.php\/2019\/01\/27\/il-presidente-della-repubblica-cossiga-risponde-alle-domande-del-presidente-mattarella\/","title":{"rendered":"VIDEO: IL PRESIDENTE DELLA REPUBBLICA COSSIGA RISPONDE AI QUESITI POSTI DAL PRESIDENTE MATTARELLA"},"content":{"rendered":"<p><a href=\"https:\/\/www.iene.mediaset.it\/video\/cossiga-francesco-intervista-iene-amnistia-terroristi-partigiani_280926.shtml\"><img decoding=\"async\" loading=\"lazy\" class=\"alignleft size-medium wp-image-149870\" src=\"https:\/\/www.leccecronaca.it\/wordpress\/wp-content\/uploads\/2019\/01\/cossiga-300x167.jpg\" alt=\"\" width=\"300\" height=\"167\" srcset=\"https:\/\/www.leccecronaca.it\/wordpress\/wp-content\/uploads\/2019\/01\/cossiga-300x167.jpg 300w, https:\/\/www.leccecronaca.it\/wordpress\/wp-content\/uploads\/2019\/01\/cossiga-1024x571.jpg 1024w, https:\/\/www.leccecronaca.it\/wordpress\/wp-content\/uploads\/2019\/01\/cossiga-768x428.jpg 768w, https:\/\/www.leccecronaca.it\/wordpress\/wp-content\/uploads\/2019\/01\/cossiga.jpg 1280w\" sizes=\"(max-width: 300px) 100vw, 300px\" \/>mv_____Francesco<\/a> Cossiga, oltre ad essere stato Presidente della Repubblica, \u00e8 stato anche tra le altre cose, Ministro degli Interni durante il sequestro e l&#8217;uccisone del Presidente della Democrazia Cristiana Aldo Moro.<br \/>\nPur definendosi \u00a0di sinistra, \u00a0 la sinistra comunista, sui muri delle citt\u00e0 di tutt&#8217;Italia, sulle decine di migliaia di \u00a0manifesti che affiggeva, sui giornali che stampava, e sugli striscioni che esibiva durante i cortei, che all&#8217;epoca erano all&#8217;ordine del giorno scriveva: COSSIGA BOIA, ma non solo, lo faceva sostituendo la C iniziale \u00a0con la K e le due S centrali con il simbolo delle SS di hitleriana memoria.<\/p>\n<p>In tanti lo ricordano come il picconatore, perch\u00e9 verso la fine del suo mandato presidenziale, cominci\u00f2 a raccontare episodi su questioni importanti sulle quali sino al quel momento vi era stato un riserbo assoluto. Cominci\u00f2 a squarciare veli sui tanti segreti dell&#8217;Italia repubblicana.<\/p>\n<p>Noi abbiamo voluto proporre un&#8217;intervista che nel 2003 Cossiga rilasci\u00f2 alle Iene, perch\u00e9 lo facciamo? perch\u00e9 non \u00e8 la solita intervista ad un personaggio politico, perch\u00e9 non \u00e8 ammantata dall&#8217;ipocrisia e dalla retorica a cui i politici \u00a0e giornalisti ci hanno abituato.<\/p>\n<p>Lo facciamo anche perch\u00e9 nell&#8217;ascoltare ieri \u00a0il Presidente della Repubblica Sergio Mattarella, in occasione della commemorazione \u00a0a Guido Rossa, l&#8217;operaio ucciso dalle BR 40 anni fa, le cui parole sono state piene di umanit\u00e0, quanto meno quelle rivolte alla famiglia dell&#8217;operaio, che per\u00f2 peccano di \u00a0ingenuit\u00e0, quando ci si interroga sugli &#8220;anni di piombo&#8221; su terrorismo di quegli anni e sulle responsabilit\u00e0.<br \/>\nEcco, l&#8217;intervista di Cossiga in vece ci sembra illuminante.<\/p>\n<p>Domanda- \u00a0Come si chiama<\/p>\n<p>Risposta- \u00a0Cossiga Francesco<\/p>\n<p>D- \u00a0cosa fa oggi?<\/p>\n<p>R- \u00a0pensionato<\/p>\n<p>D- cosa faceva 25 anni fa<\/p>\n<p>R- il Ministro degli Interni<\/p>\n<p>D- come \u00e8 iniziato il suo percorso politico<\/p>\n<p>R- appena sono nato, perch\u00e9 la mia era una famiglia militante repubblicana e antifascista<\/p>\n<p>D- strage di Piazza Fontana, cosa cambi\u00f2?<\/p>\n<p>R- introdusse la teoria del doppio Stato e la convinzione che lo Stato non fosse un difensore ma un aggressore<\/p>\n<p>D- la prima azione che ricorda delle Brigate Rosse<\/p>\n<p>R- l&#8217;uccisione del mio amico il Procuratore della Repubblica Cocco e della sua scorta a Genova<\/p>\n<p>D- negli anni &#8217;70 aveva senso secondo lei la lotta armata?<\/p>\n<p>R- con grande difficolt\u00e0 teorica e morale ho capito che per alcuni potesse aver senso<\/p>\n<p>D- la lotta armata in generale \u00e8 un modo di far politica?<\/p>\n<p>R- se si rifiuta per principio la lotta armata bisogna condannare la Resistenza&#8230;.<\/p>\n<p>D- Fu secondo lei una guerra civile?<\/p>\n<p>R- fu il tentativo di innescare una guerra civile, comunque chi la combatt\u00e9, la combatt\u00e9 non con l&#8217;animo del terrorista ma del \u00a0 \u00a0 \u00a0\u00a0partigiano&#8230;<\/p>\n<p>D- di chi erano figlie le Brigate Rosse?<\/p>\n<p>R- di quella componente della Resistenza \u00a0che essi ritenevano tradita, che era la guerra di classe&#8230;..<\/p>\n<p>D- stazione di Bologna chi e stato?<\/p>\n<p>R- a differenza dei Giudici di Bologna io non lo so, so per\u00f2 perch\u00e9 me lo hanno detto anche i loro compagni di cella, ex Brigatisti Rossi che non sono stati n\u00e9 Fioravanti ne la Bambro (i neofascisti condannati)&#8230;.<\/p>\n<p>D- in cosa secondo lei le D- quanti segreti italiani non sono stati rivelati<\/p>\n<p>R- io credo quasi nessuno&#8230;<\/p>\n<p>&nbsp;<\/p>\n<p>Questa la grande difficolt\u00e0 della nostra classe politica, che si dice figlia della Resistenza e nello stesso momento di condanna qualsiasi tipo di violenza, e allora si rifugia nell&#8217;antifascismo. Da questa dicotomia nasce la contorsione mentale di coloro che anche durante una cerimonia commemorativa come quella in ricordo di un Uomo ucciso dalle Brigate Comuniste, ucciso da coloro che dichiararono essere i continuatori dei Partigiani e che volevano continuare la guerra di Resistenza, si scivola inevitabilmente nell&#8217;antifascismo di maniera.<\/p>\n<p>&nbsp;<\/p>\n<p>Nella retorica resistenziale, con tutte quelle frasi fatte, che lasciano il vuoto nella mente e l&#8217;amaro in bocca.<\/p>\n<p>Ma l&#8217;intervista non finisce qui, ed il vecchio Presidente ad ascoltarlo da ancora oggi tanti spunti di riflessione.<\/p>\n<fb:like href='https:\/\/www.leccecronaca.it\/index.php\/2019\/01\/27\/il-presidente-della-repubblica-cossiga-risponde-alle-domande-del-presidente-mattarella\/' send='true' layout='button_count' show_faces='true' width='450' height='65' action='recommend' colorscheme='light' font='lucida grande'><\/fb:like><span class=\"fb_share\"><fb:like href=\"https:\/\/www.leccecronaca.it\/index.php\/2019\/01\/27\/il-presidente-della-repubblica-cossiga-risponde-alle-domande-del-presidente-mattarella\/\" layout=\"button_count\"><\/fb:like><\/span>","protected":false},"excerpt":{"rendered":"<p>mv_____Francesco Cossiga, oltre ad essere stato Presidente della Repubblica, \u00e8 stato anche tra le altre cose, Ministro degli Interni durante il sequestro e l&#8217;uccisone del Presidente della Democrazia Cristiana Aldo Moro. Pur definendosi \u00a0di sinistra, \u00a0 la sinistra comunista, sui muri delle citt\u00e0 di tutt&#8217;Italia, sulle decine di migliaia di \u00a0manifesti che affiggeva, sui giornali [&hellip;]<\/p>\n","protected":false},"author":4,"featured_media":0,"comment_status":"open","ping_status":"closed","sticky":false,"template":"","format":"standard","meta":[],"categories":[31,76],"tags":[],"_links":{"self":[{"href":"https:\/\/www.leccecronaca.it\/index.php\/wp-json\/wp\/v2\/posts\/149856"}],"collection":[{"href":"https:\/\/www.leccecronaca.it\/index.php\/wp-json\/wp\/v2\/posts"}],"about":[{"href":"https:\/\/www.leccecronaca.it\/index.php\/wp-json\/wp\/v2\/types\/post"}],"author":[{"embeddable":true,"href":"https:\/\/www.leccecronaca.it\/index.php\/wp-json\/wp\/v2\/users\/4"}],"replies":[{"embeddable":true,"href":"https:\/\/www.leccecronaca.it\/index.php\/wp-json\/wp\/v2\/comments?post=149856"}],"version-history":[{"count":4,"href":"https:\/\/www.leccecronaca.it\/index.php\/wp-json\/wp\/v2\/posts\/149856\/revisions"}],"predecessor-version":[{"id":149872,"href":"https:\/\/www.leccecronaca.it\/index.php\/wp-json\/wp\/v2\/posts\/149856\/revisions\/149872"}],"wp:attachment":[{"href":"https:\/\/www.leccecronaca.it\/index.php\/wp-json\/wp\/v2\/media?parent=149856"}],"wp:term":[{"taxonomy":"category","embeddable":true,"href":"https:\/\/www.leccecronaca.it\/index.php\/wp-json\/wp\/v2\/categories?post=149856"},{"taxonomy":"post_tag","embeddable":true,"href":"https:\/\/www.leccecronaca.it\/index.php\/wp-json\/wp\/v2\/tags?post=149856"}],"curies":[{"name":"wp","href":"https:\/\/api.w.org\/{rel}","templated":true}]}}