{"id":149890,"date":"2019-01-28T17:58:59","date_gmt":"2019-01-28T16:58:59","guid":{"rendered":"http:\/\/www.leccecronaca.it\/?p=149890"},"modified":"2019-01-28T17:59:26","modified_gmt":"2019-01-28T16:59:26","slug":"calciomercato-arriva-un-giovane-attaccante","status":"publish","type":"post","link":"https:\/\/www.leccecronaca.it\/index.php\/2019\/01\/28\/calciomercato-arriva-un-giovane-attaccante\/","title":{"rendered":"CALCIOMERCATO \/ ARRIVA UN GIOVANE ATTACCANTE"},"content":{"rendered":"<p><img decoding=\"async\" loading=\"lazy\" class=\"alignleft size-medium wp-image-149891\" src=\"https:\/\/www.leccecronaca.it\/wordpress\/wp-content\/uploads\/2019\/01\/marco-tumminello-635649.660x368-300x167.jpg\" alt=\"\" width=\"300\" height=\"167\" srcset=\"https:\/\/www.leccecronaca.it\/wordpress\/wp-content\/uploads\/2019\/01\/marco-tumminello-635649.660x368-300x167.jpg 300w, https:\/\/www.leccecronaca.it\/wordpress\/wp-content\/uploads\/2019\/01\/marco-tumminello-635649.660x368.jpg 660w\" sizes=\"(max-width: 300px) 100vw, 300px\" \/>(Rdl)_______US Lecce comunica di aver preso in prestito, fino a giugno, dall&#8217; Atalanta Marco Tumminello (nella foto), gi\u00e0 in citt\u00e0 e anzi questa mattina gi\u00e0 al primo allenamento con i suoi nuovi compagni.<\/p>\n<p>Tumminello, 21 anni, siciliano di Erice, attaccante, \u00e8 un giovane di belle speranze, cresciuto nella Roma, che \u00e8 gi\u00e0 stato nelle nazionali giovanili e che non ha trovato spazio a Bergamo: cercher\u00e0 ora nel Salento la sua affrmazione.<\/p>\n<fb:like href='https:\/\/www.leccecronaca.it\/index.php\/2019\/01\/28\/calciomercato-arriva-un-giovane-attaccante\/' send='true' layout='button_count' show_faces='true' width='450' height='65' action='recommend' colorscheme='light' font='lucida grande'><\/fb:like><span class=\"fb_share\"><fb:like href=\"https:\/\/www.leccecronaca.it\/index.php\/2019\/01\/28\/calciomercato-arriva-un-giovane-attaccante\/\" layout=\"button_count\"><\/fb:like><\/span>","protected":false},"excerpt":{"rendered":"<p>(Rdl)_______US Lecce comunica di aver preso in prestito, fino a giugno, dall&#8217; Atalanta Marco Tumminello (nella foto), gi\u00e0 in citt\u00e0 e anzi questa mattina gi\u00e0 al primo allenamento con i suoi nuovi compagni. Tumminello, 21 anni, siciliano di Erice, attaccante, \u00e8 un giovane di belle speranze, cresciuto nella Roma, che \u00e8 gi\u00e0 stato nelle nazionali [&hellip;]<\/p>\n","protected":false},"author":4,"featured_media":0,"comment_status":"open","ping_status":"closed","sticky":false,"template":"","format":"standard","meta":[],"categories":[28],"tags":[],"_links":{"self":[{"href":"https:\/\/www.leccecronaca.it\/index.php\/wp-json\/wp\/v2\/posts\/149890"}],"collection":[{"href":"https:\/\/www.leccecronaca.it\/index.php\/wp-json\/wp\/v2\/posts"}],"about":[{"href":"https:\/\/www.leccecronaca.it\/index.php\/wp-json\/wp\/v2\/types\/post"}],"author":[{"embeddable":true,"href":"https:\/\/www.leccecronaca.it\/index.php\/wp-json\/wp\/v2\/users\/4"}],"replies":[{"embeddable":true,"href":"https:\/\/www.leccecronaca.it\/index.php\/wp-json\/wp\/v2\/comments?post=149890"}],"version-history":[{"count":2,"href":"https:\/\/www.leccecronaca.it\/index.php\/wp-json\/wp\/v2\/posts\/149890\/revisions"}],"predecessor-version":[{"id":149893,"href":"https:\/\/www.leccecronaca.it\/index.php\/wp-json\/wp\/v2\/posts\/149890\/revisions\/149893"}],"wp:attachment":[{"href":"https:\/\/www.leccecronaca.it\/index.php\/wp-json\/wp\/v2\/media?parent=149890"}],"wp:term":[{"taxonomy":"category","embeddable":true,"href":"https:\/\/www.leccecronaca.it\/index.php\/wp-json\/wp\/v2\/categories?post=149890"},{"taxonomy":"post_tag","embeddable":true,"href":"https:\/\/www.leccecronaca.it\/index.php\/wp-json\/wp\/v2\/tags?post=149890"}],"curies":[{"name":"wp","href":"https:\/\/api.w.org\/{rel}","templated":true}]}}