{"id":150054,"date":"2019-02-02T18:10:35","date_gmt":"2019-02-02T17:10:35","guid":{"rendered":"http:\/\/www.leccecronaca.it\/?p=150054"},"modified":"2019-02-02T18:11:26","modified_gmt":"2019-02-02T17:11:26","slug":"rifondazione-comunista-sulla-situazione-politica-cittadina","status":"publish","type":"post","link":"https:\/\/www.leccecronaca.it\/index.php\/2019\/02\/02\/rifondazione-comunista-sulla-situazione-politica-cittadina\/","title":{"rendered":"RIFONDAZIONE COMUNISTA SULLA SITUAZIONE POLITICA"},"content":{"rendered":"<p><img decoding=\"async\" loading=\"lazy\" class=\"aligncenter size-full wp-image-150055\" src=\"https:\/\/www.leccecronaca.it\/wordpress\/wp-content\/uploads\/2019\/02\/ef.jpg\" alt=\"\" width=\"800\" height=\"450\" srcset=\"https:\/\/www.leccecronaca.it\/wordpress\/wp-content\/uploads\/2019\/02\/ef.jpg 800w, https:\/\/www.leccecronaca.it\/wordpress\/wp-content\/uploads\/2019\/02\/ef-300x169.jpg 300w, https:\/\/www.leccecronaca.it\/wordpress\/wp-content\/uploads\/2019\/02\/ef-768x432.jpg 768w\" sizes=\"(max-width: 800px) 100vw, 800px\" \/>Riceviamo e volentieri pubblichiamo. Ernani Favale (nella foto), segretario provinciale di Lecce del Partito della Rifondazione Comunista ci manda il seguente comunicato______<br \/>\nNON CI SIEDEREMO DALLA PARTE DEL TORTO<br \/>\nCOMUNICATO STAMPA DEL PARTITO DELLA RIFONDAZIONE COMUNISTA<br \/>\n\u2013 FEDERAZIONE PROVINCIALE DI LECCE \u2013<br \/>\nIn relazione alle elezioni amministrative che si svolgeranno nel capoluogo salentino,<br \/>\ncome Partito della Rifondazione Cominista, non possiamo fare a meno di osservare<br \/>\nche a Lecce si va profilando uno scontro tra due destre.<br \/>\nDa una parte la destra che fa capo a Fitto, Perrone, Marti e Poli Bortone e dall\u2019altra<br \/>\nquella destra che, utilizzando una figura incolore come Carlo Salvemini, ha tentato<br \/>\ndi farsi maggioranza negli ultimi 18 mesi, forzando la logica politica.<br \/>\nNel 2017, come PRC Provinciale, abbiamo sostenuto convintamente la candidatura di<br \/>\nLuca Ruberti con Lecce Bene Comune, poich\u00e9 ritenevamo che fosse l\u2019unico candidato in<br \/>\ngrado di rappresentare i valori e le istanze della sinistra.<br \/>\nQuanto accaduto gi\u00e0 dopo il primo turno di quella tornata elettorale non ha fatto che<br \/>\nconfermare questa nostra convinzione.<br \/>\nAbbiamo criticato fin da subito le scelte del sedicente \u201ccentro sinistra\u201d e dell\u2019ex<br \/>\nsindaco, a partire dall\u2019apparentamento al secondo turno con la coalizione che<br \/>\nsosteneva Delli Noci e che comprendeva al suo interno la lista \u201candare oltre\u201d, fino a<br \/>\nquel \u201cpatto per la citt\u00e0\u201d stretto con i consiglieri che facevano riferimento al senatore<br \/>\nleghista Roberto Marti. Tali decisioni, lungi dal consentire un governo della citt\u00e0 che<br \/>\nrispondesse ai bisogni reali della popolazione e che affrontasse i problemi atavici di Lecce,<br \/>\nhanno di fatto consegnato nelle mani della destra tanto la maggioranza quanto<br \/>\nl\u2019opposizione di Palazzo Carafa.<br \/>\nPossiamo dire che il PD e il suo sindaco sono stati, per la destra leccese, ci\u00f2 che a livello<br \/>\nnazionale il Movimento 5 Stelle e Luigi Di Maio sono stati per Salvini: un cavallo di Troia<br \/>\nattraverso cui formazioni di estrema destra, che pure non avevano i numeri per farlo e che<br \/>\nsi erano presentate divise alle elezioni, hanno potuto riprendere le redini della<br \/>\namministrazione pubblica.<br \/>\nMa anche al di l\u00e0 delle pi\u00f9 che discutibili alleanze politiche, a Lecce in questi 18 mesi \u00e8<br \/>\nmancata totalmente qualsivoglia azione politica degna di rilievo da parte della<br \/>\namministrazione. Nessuna scelta che abbia inciso sulla qualit\u00e0 della vita dei leccesi,<br \/>\nsulla mobilit\u00e0, sulla trasparenza amministrativa, sull\u2019efficientamento dei servizi<br \/>\npubblici e, in special modo, sul potenziamento degli aiuti alle fasce pi\u00f9 deboli della<br \/>\npopolazione. Nessuna svolta concreta e significativa rispetto alle amministrazioni<br \/>\nprecedenti, se si eccettua l\u2019inversione del senso di marcia su via Cavallotti.<br \/>\nIn questi 18 mesi a Lecce \u00e8 mancata completamente la politica ed in particolar modo<br \/>\n\u00e8 mancato, all\u2019ex sindaco e alla sua maggioranza, il coraggio di attuare scelte politiche<br \/>\nsu temi cruciali per la citt\u00e0 e il territorio: non una parola contro il mostro TAP, o<br \/>\ncontro la barbarie del cd \u201cdecreto Salvini\u201d, che pure tanti amministratori hanno deciso<br \/>\ndi disapplicare. Paradossalmente, l\u2019unica presa di posizione si \u00e8 registrata sulla<br \/>\n\u201cLupiae Servizi\u201d, vicenda in cui questa amministrazione ha mostrato il suo volto<br \/>\niper liberista: prima proponendo l\u2019applicazione della c.d. \u201clegge Madia\u201d (una<br \/>\nnormativa gi\u00e0 falcidiata dalla Corte costituzionale, che prevede la dismissione delle<br \/>\npartecipate comunali per \u201cregalare\u201d la gestione dei servizi pubblici ai privati) e poi<br \/>\napprontando una soluzione che fa pagare ai lavoratori i danni provocati dalla cattiva<br \/>\ngestione della societ\u00e0, imponendo in maniera ricattatoria un cambio di contratto<br \/>\naltamente penalizzante per i dipendenti. E non \u00e8 un caso che, proprio su queste<br \/>\nscelte scellerate in tema di tutela dei diritti del lavoro, sia esplosa la crisi che ha<br \/>\nfatto prima vacillare e poi cadere miseramente la maggioranza di governo. Ma,<br \/>\nancora pi\u00f9 grave, \u00e8 che si sia consegnata alla destra \u2013 di maggioranza e di<br \/>\nopposizione \u2013 la difesa dei lavoratori e la delega degli interessi di un blocco sociale<br \/>\nche dovrebbe essere compito della sinistra rappresentare.<br \/>\nPer tutte queste ragioni, riteniamo che la coalizione che si va costruendo attorno<br \/>\nall\u2019ex sindaco e la figura stessa del candidato Salvemini non possano in alcun<br \/>\nmodo rappresentare una alternativa di sinistra per la citt\u00e0 di Lecce.<br \/>\nNon lo erano due anni fa, ancor meno possono esserlo oggi che l\u2019alleanza con Alessandro<br \/>\nDelli Noci \u2013 i cui legami con il movimento del sindaco di Nard\u00f2 non sono mai stati messi in<br \/>\ndiscussione \u2013 \u00e8 diventata organica.<br \/>\nSarebbe impensabile per una formazione di sinistra immaginare di poter sostenere<br \/>\nuna coalizione che utilizza il cd. \u201ccivismo\u201d come foglia di fico per coprire alleanze<br \/>\ninnaturali con forze politiche di chiaro stampo liberista e di destra, tra cui anche<br \/>\nl\u2019ultima arrivata: quella \u201cPuglia Popolare\u201d, gemmata da Forza Italia e gi\u00e0 benedetta a Bari<br \/>\ndal governatore Emiliano.<br \/>\nLa differenza fra destra e sinistra esiste ed \u00e8 nelle scelte politiche, come nei valori<br \/>\ncostituzionali che si hanno a riferimento e che per noi sono la solidariet\u00e0, la<br \/>\ngiustizia sociale e l\u2019antifascismo; valori rispetto ai quali la coalizione che si va<br \/>\ncostruendo intorno alla figura dell\u2019ex sindaco appare distante se non del tutto<br \/>\nestranea.<br \/>\nCi\u00f2 che auspichiamo &#8211; e per cui come PRC ci impegneremo &#8211; \u00e8 che le forze di<br \/>\nsinistra presenti in citt\u00e0, a partire da SI e \u201cLecce Bene Comune\u201d, insieme a tutti coloro<br \/>\nche si riconoscono nei valori costituzionali e nella difesa del lavoro e che non vogliono<br \/>\narrendersi alla barbarie del presente, possano e sappiano unirsi per garantire ai<br \/>\ncittadini leccesi la possibilit\u00e0 di una alternativa reale alle due destre in campo.<br \/>\nPerch\u00e8, questa volta, non ci siederemo dalla parte del torto!<\/p>\n<fb:like href='https:\/\/www.leccecronaca.it\/index.php\/2019\/02\/02\/rifondazione-comunista-sulla-situazione-politica-cittadina\/' send='true' layout='button_count' show_faces='true' width='450' height='65' action='recommend' colorscheme='light' font='lucida grande'><\/fb:like><span class=\"fb_share\"><fb:like href=\"https:\/\/www.leccecronaca.it\/index.php\/2019\/02\/02\/rifondazione-comunista-sulla-situazione-politica-cittadina\/\" layout=\"button_count\"><\/fb:like><\/span>","protected":false},"excerpt":{"rendered":"<p>Riceviamo e volentieri pubblichiamo. Ernani Favale (nella foto), segretario provinciale di Lecce del Partito della Rifondazione Comunista ci manda il seguente comunicato______ NON CI SIEDEREMO DALLA PARTE DEL TORTO COMUNICATO STAMPA DEL PARTITO DELLA RIFONDAZIONE COMUNISTA \u2013 FEDERAZIONE PROVINCIALE DI LECCE \u2013 In relazione alle elezioni amministrative che si svolgeranno nel capoluogo salentino, come Partito [&hellip;]<\/p>\n","protected":false},"author":4,"featured_media":150055,"comment_status":"open","ping_status":"closed","sticky":false,"template":"","format":"standard","meta":[],"categories":[76,36],"tags":[],"_links":{"self":[{"href":"https:\/\/www.leccecronaca.it\/index.php\/wp-json\/wp\/v2\/posts\/150054"}],"collection":[{"href":"https:\/\/www.leccecronaca.it\/index.php\/wp-json\/wp\/v2\/posts"}],"about":[{"href":"https:\/\/www.leccecronaca.it\/index.php\/wp-json\/wp\/v2\/types\/post"}],"author":[{"embeddable":true,"href":"https:\/\/www.leccecronaca.it\/index.php\/wp-json\/wp\/v2\/users\/4"}],"replies":[{"embeddable":true,"href":"https:\/\/www.leccecronaca.it\/index.php\/wp-json\/wp\/v2\/comments?post=150054"}],"version-history":[{"count":2,"href":"https:\/\/www.leccecronaca.it\/index.php\/wp-json\/wp\/v2\/posts\/150054\/revisions"}],"predecessor-version":[{"id":150057,"href":"https:\/\/www.leccecronaca.it\/index.php\/wp-json\/wp\/v2\/posts\/150054\/revisions\/150057"}],"wp:featuredmedia":[{"embeddable":true,"href":"https:\/\/www.leccecronaca.it\/index.php\/wp-json\/wp\/v2\/media\/150055"}],"wp:attachment":[{"href":"https:\/\/www.leccecronaca.it\/index.php\/wp-json\/wp\/v2\/media?parent=150054"}],"wp:term":[{"taxonomy":"category","embeddable":true,"href":"https:\/\/www.leccecronaca.it\/index.php\/wp-json\/wp\/v2\/categories?post=150054"},{"taxonomy":"post_tag","embeddable":true,"href":"https:\/\/www.leccecronaca.it\/index.php\/wp-json\/wp\/v2\/tags?post=150054"}],"curies":[{"name":"wp","href":"https:\/\/api.w.org\/{rel}","templated":true}]}}