{"id":150242,"date":"2019-02-08T18:56:24","date_gmt":"2019-02-08T17:56:24","guid":{"rendered":"http:\/\/www.leccecronaca.it\/?p=150242"},"modified":"2019-02-15T09:32:16","modified_gmt":"2019-02-15T08:32:16","slug":"e-appena-uscita-sempre-per-iqdb-delleditore-salentino-stefano-donno-la-seconda-raccolta-della-giovanissima-poetessa-leccese-chiara-evangelista-gode-della-prefazione-di-tomaso-kemeny-si-intitol","status":"publish","type":"post","link":"https:\/\/www.leccecronaca.it\/index.php\/2019\/02\/08\/e-appena-uscita-sempre-per-iqdb-delleditore-salentino-stefano-donno-la-seconda-raccolta-della-giovanissima-poetessa-leccese-chiara-evangelista-gode-della-prefazione-di-tomaso-kemeny-si-intitol\/","title":{"rendered":"E&#8217; APPENA USCITA, SEMPRE PER iQdB DELL&#8217;EDITORE SALENTINO STEFANO DONNO, LA SECONDA RACCOLTA DELLA GIOVANISSIMA POETESSA LECCESE CHIARA EVANGELISTA"},"content":{"rendered":"<p><img decoding=\"async\" loading=\"lazy\" class=\"aligncenter size-full wp-image-150244\" src=\"https:\/\/www.leccecronaca.it\/wordpress\/wp-content\/uploads\/2019\/02\/c-e.jpg\" alt=\"\" width=\"673\" height=\"841\" srcset=\"https:\/\/www.leccecronaca.it\/wordpress\/wp-content\/uploads\/2019\/02\/c-e.jpg 673w, https:\/\/www.leccecronaca.it\/wordpress\/wp-content\/uploads\/2019\/02\/c-e-240x300.jpg 240w\" sizes=\"(max-width: 673px) 100vw, 673px\" \/>di <strong>Giuseppe Puppo<\/strong>______Where did we leave? (E&#8217; il titolo della successiva traduzione in Inglese, per i Paesi angloamericani). Cio\u00e8: dove eravamo rimasti?<br \/>\nEravamo rimasti alla prima raccolta d&#8217;esordio, due anni fa esatti, &#8220;In medias res&#8221;, presentata a Lecce nel febbraio 2017.<\/p>\n<p>Il suo canto libero. Rap. Un formidabile gioco musicale, di parole che cercavano nuove melodie, e inventavano mondi nuovi, con una solo apparente semplicit\u00e0, in una contagiosa freschezza stilistica. Un neo futurismo attualizzato, perch\u00e9 oggi Aldo Palazzeschi avrebbe giocato, a modo suo, ai tempi nostri. Una notevole scoperta editoriale, un inaspettato successo di critica e di pubblico.<\/p>\n<p>E che cosa \u00e8 successo in questi due anni?<\/p>\n<p>Tante cose.<\/p>\n<p>Fra quelle che so io,<strong> Chiara Evangelista<\/strong>\u00a0(nella foto) adesso ha 21 anni. Rimane cio\u00e8 giovanissima per davvero, in un Paese in cui si chiamano &#8220;ragazzi&#8221; i sessantenni, e &#8220;giovane&#8221; in letteratura si diventa a 40.<\/p>\n<p>E&#8217; andata a studiare Giurisprudenza alla Cattolica di Milano. Ma torna periodicamente, come tutti i fuori sede, qui nella sua Lecce, anche se spesso i suoi ritorni coincidono pi\u00f9 con gli impegni artistici, che con le festivit\u00e0 famigliari.<\/p>\n<p>Ha fatto una prima esperienza teatrale partecipando alla ricostruzione artistica in ricordo di Filippo Tommaso Marinetti tenutasi Novoli; poi lo scorso dicembre, la seconda e pi\u00f9 importante: era, da attrice, sul palco del Teatro Apollo di Lecce, nel trionfo dello spettacolo<em> &#8220;La Dea Trans&#8221;<\/em>.<\/p>\n<p>Della incredibile traduzione in inglese della sua prima raccolta, ho detto.<\/p>\n<p>Dovrei aggiungere dei racconti, dei Premi internazionali, il BookCity18, il Festival internazionale di Poesia\u2026<\/p>\n<p>Preferisco dire invece un&#8217;altra cosa importante, che io ritengo anzi fondamentale: a Milano Chiara, oltre che studiare diritto di vari tipi, nel frattempo, di rovescio, ha frequentato ambienti letterari prestigiosi, come La Casa Alda Merini, dove ha potuto conoscere di persona poeti fra i pi\u00f9 importanti del panorama nazionale e internazionale, e, fra un reading e l&#8217;altro, fra una serata e l&#8217;altra ancora, si \u00e8 fatta a sua volta conoscere e apprezzare da poeti gi\u00e0 enciclopedici e consacrati, gente come Tomaso Kemeny, come Giuseppe Jusuf Conte.<\/p>\n<p>&#8220;<em>Ho tanto da dimostrare&#8221;<\/em> &#8211; si raccontava Chiara qualche mese fa in un&#8217;intervista a Carlo Infante su leccecronaca.it &#8211; <em>&#8220;Sono all\u2019inizio. Mi sento ancora quella ragazzina che scriveva nella cameretta. Ammetto che forse qualche passo in pi\u00f9 l\u2019ho fatto. Grazie al libro e alla mia casa editrice ho vissuto delle esperienze meravigliose. Ci\u00f2 che porter\u00f2 nel cuore per\u00f2 saranno gli incontri che ci sono stati durante questo percorso&#8221;.<\/em><\/p>\n<p>Il percorso continua.<\/p>\n<p>E&#8217; appena uscita la sua seconda raccolta di poesie,<strong><em> &#8220;Pi\u00f9 probabile che non<\/em><\/strong>&#8220;, sempre con iQdB, la casa editrice salentina di Stefano Donno che sempre pi\u00f9 si sta qualificando e affermando nel panorama editoriale.<\/p>\n<p>Impreziosita dalla prefazione,\u00a0cio\u00e8, scusate se \u00e8 poco, di Tomaso Kemeny, che parla di poetica &#8220;<em>energia costruttiva<\/em>&#8221; di questi versi, e, fra l&#8217; altro, cos\u00ec si esprime:\u00a0<em>\u201cI versi di Chiara Evangelista tendono a misurare un paio di ceffoni indolori a quei lettori che pensano che non vi sia nulla di pi\u00f9 profondo e significativo della logica dei pensieri convenzionali<\/em>&#8220;.<\/p>\n<p>&#8220;Pi\u00f9 probabile che non&#8221; viene presentato in anteprima nazionale domenica 10 febbraio, alle 18.30, a Milano, alla &#8220;Casa delle Arti Spazio Alda Merini&#8221;, in via Magolfa 32, con il Patrocinio del Comune di Milano.<\/p>\n<p>Oltre all&#8217; autrice e all&#8217; editore, ci sono lo stesso Tomaso Kemeny, Donato Di Poce, che firma la postfazione al volume, Diana Battaggia, ed Elisa Longo, alla quale sono affidate le letture poetiche.<\/p>\n<p>Ne riparleremo, pagine alla mano, quando, nelle prossime settimane, probabilmente ci sar\u00e0 la presentazione leccese, sicuro, anzi: pi\u00f9 probabile che non&#8230;<\/p>\n<p>&nbsp;<\/p>\n<p>&nbsp;<\/p>\n<p>&nbsp;<\/p>\n<p>&nbsp;<\/p>\n<p>&nbsp;<\/p>\n<fb:like href='https:\/\/www.leccecronaca.it\/index.php\/2019\/02\/08\/e-appena-uscita-sempre-per-iqdb-delleditore-salentino-stefano-donno-la-seconda-raccolta-della-giovanissima-poetessa-leccese-chiara-evangelista-gode-della-prefazione-di-tomaso-kemeny-si-intitol\/' send='true' layout='button_count' show_faces='true' width='450' height='65' action='recommend' colorscheme='light' font='lucida grande'><\/fb:like><span class=\"fb_share\"><fb:like href=\"https:\/\/www.leccecronaca.it\/index.php\/2019\/02\/08\/e-appena-uscita-sempre-per-iqdb-delleditore-salentino-stefano-donno-la-seconda-raccolta-della-giovanissima-poetessa-leccese-chiara-evangelista-gode-della-prefazione-di-tomaso-kemeny-si-intitol\/\" layout=\"button_count\"><\/fb:like><\/span>","protected":false},"excerpt":{"rendered":"<p>di Giuseppe Puppo______Where did we leave? (E&#8217; il titolo della successiva traduzione in Inglese, per i Paesi angloamericani). Cio\u00e8: dove eravamo rimasti? Eravamo rimasti alla prima raccolta d&#8217;esordio, due anni fa esatti, &#8220;In medias res&#8221;, presentata a Lecce nel febbraio 2017. Il suo canto libero. Rap. Un formidabile gioco musicale, di parole che cercavano nuove [&hellip;]<\/p>\n","protected":false},"author":4,"featured_media":150244,"comment_status":"open","ping_status":"closed","sticky":false,"template":"","format":"standard","meta":[],"categories":[31,75,57],"tags":[],"_links":{"self":[{"href":"https:\/\/www.leccecronaca.it\/index.php\/wp-json\/wp\/v2\/posts\/150242"}],"collection":[{"href":"https:\/\/www.leccecronaca.it\/index.php\/wp-json\/wp\/v2\/posts"}],"about":[{"href":"https:\/\/www.leccecronaca.it\/index.php\/wp-json\/wp\/v2\/types\/post"}],"author":[{"embeddable":true,"href":"https:\/\/www.leccecronaca.it\/index.php\/wp-json\/wp\/v2\/users\/4"}],"replies":[{"embeddable":true,"href":"https:\/\/www.leccecronaca.it\/index.php\/wp-json\/wp\/v2\/comments?post=150242"}],"version-history":[{"count":15,"href":"https:\/\/www.leccecronaca.it\/index.php\/wp-json\/wp\/v2\/posts\/150242\/revisions"}],"predecessor-version":[{"id":150437,"href":"https:\/\/www.leccecronaca.it\/index.php\/wp-json\/wp\/v2\/posts\/150242\/revisions\/150437"}],"wp:featuredmedia":[{"embeddable":true,"href":"https:\/\/www.leccecronaca.it\/index.php\/wp-json\/wp\/v2\/media\/150244"}],"wp:attachment":[{"href":"https:\/\/www.leccecronaca.it\/index.php\/wp-json\/wp\/v2\/media?parent=150242"}],"wp:term":[{"taxonomy":"category","embeddable":true,"href":"https:\/\/www.leccecronaca.it\/index.php\/wp-json\/wp\/v2\/categories?post=150242"},{"taxonomy":"post_tag","embeddable":true,"href":"https:\/\/www.leccecronaca.it\/index.php\/wp-json\/wp\/v2\/tags?post=150242"}],"curies":[{"name":"wp","href":"https:\/\/api.w.org\/{rel}","templated":true}]}}