{"id":150316,"date":"2019-02-10T00:15:54","date_gmt":"2019-02-09T23:15:54","guid":{"rendered":"http:\/\/www.leccecronaca.it\/?p=150316"},"modified":"2026-02-08T10:07:48","modified_gmt":"2026-02-08T09:07:48","slug":"foibe-una-tragica-pagina-di-storia-che-non-si-riesce-piu-a-nascondere","status":"publish","type":"post","link":"https:\/\/www.leccecronaca.it\/index.php\/2019\/02\/10\/foibe-una-tragica-pagina-di-storia-che-non-si-riesce-piu-a-nascondere\/","title":{"rendered":"FOIBE, IL GIORNO DEL RICORDO: UNA TRAGICA PAGINA DI STORIA CHE NON SI RIESCE PIU&#8217; A NASCONDERE"},"content":{"rendered":"<p><img decoding=\"async\" loading=\"lazy\" class=\"aligncenter size-full wp-image-150320\" src=\"https:\/\/www.leccecronaca.it\/wordpress\/wp-content\/uploads\/2019\/02\/giorno-del-ricordo-foibe.jpg\" alt=\"\" width=\"1000\" height=\"1429\" srcset=\"https:\/\/www.leccecronaca.it\/wordpress\/wp-content\/uploads\/2019\/02\/giorno-del-ricordo-foibe.jpg 1000w, https:\/\/www.leccecronaca.it\/wordpress\/wp-content\/uploads\/2019\/02\/giorno-del-ricordo-foibe-210x300.jpg 210w, https:\/\/www.leccecronaca.it\/wordpress\/wp-content\/uploads\/2019\/02\/giorno-del-ricordo-foibe-717x1024.jpg 717w, https:\/\/www.leccecronaca.it\/wordpress\/wp-content\/uploads\/2019\/02\/giorno-del-ricordo-foibe-768x1097.jpg 768w\" sizes=\"(max-width: 1000px) 100vw, 1000px\" \/>&#8220;Dall\u2019autunno del 1943 al 1947 oltre trentamila persone furono gettate vive nelle \u201cfoibe\u201d, delle grandi feritoie, delle voragini naturali nel Carso, per volere del Maresciallo Tito e dei suoi partigiani. Queste cavit\u00e0 diventarono le tombe di uomini, donne, sacerdoti, militari, bambini\u2026legati tra di loro con un filo di ferro: una fucilata alla prima persona della fila, tirava gi\u00f9 anche le altre. La morte spesso sopravveniva dopo giorni di stenti e di agonia.<\/p>\n<p>Un genocidio di massa, dunque, riconosciuto ufficialmente soltanto nel 2004. La data scelta per ricordare le vittime \u00e8 il giorno in cui, nel 1947, fu firmato il Trattato di pace di Parigi che assegnava alla Jugoslavia l\u2019Istria, la Dalmazia e la maggior parte della Venezia-Giulia.<\/p>\n<p>Nonostante l\u2019istituzione del \u201cgiorno del ricordo\u201d il 10 febbraio appunto, fortemente voluto dall\u2019allora Presidente della repubblica Carlo Azeglio Ciampi, nonostante il dibattito che da anni imperversa su questo tema, il dramma delle \u201cfoibe\u201d resta sconosciuto ai pi\u00f9, quasi fosse una pagina rimossa della seconda guerra mondiale.<\/p>\n<p>La storia delle \u201cfoibe\u201d non \u00e8 mai stata raccontata fino in fondo. Dopo decenni di silenzio, di oblio e di oscuramento, si \u00e8 manifestata la volont\u00e0 di raccontare le cose cos\u00ec\u00a0 come sono andate, di dare un \u201cimprimatur\u201d nei libri di storia.<\/p>\n<p>Fiumi d\u2019 inchiostro sono stati sparsi: articoli di stampa, saggi, libri hanno affrontato la questione. Il risultato \u00e8 che la maggior parte degli italiani non conosce il significato preciso della parola e non associa nulla al termine \u201cfoiba\u201d. In Italia non c\u2019\u00e8 la consapevolezza di quanto \u00e8 accaduto. Per troppo tempo queste storie sono state coperte da una disinformazione colpevole e di parte.<\/p>\n<p>Da pi\u00f9 di settant\u2019anni le migliaia di italiani trucidate dalle truppe titine attendono ancora di avere giustizia e, soprattutto, di essere ricordate con la massima dignit\u00e0 e la commossa deferenza dovute a chi, come loro, \u00e8 stato vittima innocente della volont\u00e0 sterminatrice di un regime dittatoriale sanguinario e prevaricatore.<\/p>\n<p>Erano italiani e moltissimi sono morti per il solo fatto di esserlo e per non averlo voluto rinnegare.<\/p>\n<p>\u201c<em>I morti delle foibe appartengono alla sterminata schiera di vittime delle follie ideologiche, dell\u2019intolleranza, delle pulizie etniche che hanno attraversato il Novecento e l\u2019Europa, e di una capacit\u00e0 di odiare e di disprezzare di cui l\u2019umanit\u00e0, anche in questo secolo, non pare riuscire a liberarsi<\/em>\u201d ( W. Veltroni, dalla prefazione del libro \u201cSopravvissuti e dimenticati\u201d di Marco Girardo).<\/p>\n<p>Le \u201cfoibe\u201d rappresentano ancora oggi l\u2019estremo grado di efferatezza e di barbarie a cui pu\u00f2 arrivare l\u2019essere umano. Tuttavia questo episodio deve essere ormai liberato da ogni strumentalizzazione politica, per essere consegnato alle coscienze come un delitto contro l\u2019umanit\u00e0.<\/p>\n<p>Campi di concentramento, foibe, deportazioni\u2026 Ferite mai rimarginate!<\/p>\n<p>Purtroppo, la storia, non sempre \u00e8 \u201c<em>magistra vitae<\/em>\u201d.<\/p>\n<fb:like href='https:\/\/www.leccecronaca.it\/index.php\/2019\/02\/10\/foibe-una-tragica-pagina-di-storia-che-non-si-riesce-piu-a-nascondere\/' send='true' layout='button_count' show_faces='true' width='450' height='65' action='recommend' colorscheme='light' font='lucida grande'><\/fb:like><span class=\"fb_share\"><fb:like href=\"https:\/\/www.leccecronaca.it\/index.php\/2019\/02\/10\/foibe-una-tragica-pagina-di-storia-che-non-si-riesce-piu-a-nascondere\/\" layout=\"button_count\"><\/fb:like><\/span>","protected":false},"excerpt":{"rendered":"<p>&#8220;Dall\u2019autunno del 1943 al 1947 oltre trentamila persone furono gettate vive nelle \u201cfoibe\u201d, delle grandi feritoie, delle voragini naturali nel Carso, per volere del Maresciallo Tito e dei suoi partigiani. Queste cavit\u00e0 diventarono le tombe di uomini, donne, sacerdoti, militari, bambini\u2026legati tra di loro con un filo di ferro: una fucilata alla prima persona della [&hellip;]<\/p>\n","protected":false},"author":4,"featured_media":0,"comment_status":"open","ping_status":"closed","sticky":false,"template":"","format":"standard","meta":[],"categories":[31],"tags":[],"_links":{"self":[{"href":"https:\/\/www.leccecronaca.it\/index.php\/wp-json\/wp\/v2\/posts\/150316"}],"collection":[{"href":"https:\/\/www.leccecronaca.it\/index.php\/wp-json\/wp\/v2\/posts"}],"about":[{"href":"https:\/\/www.leccecronaca.it\/index.php\/wp-json\/wp\/v2\/types\/post"}],"author":[{"embeddable":true,"href":"https:\/\/www.leccecronaca.it\/index.php\/wp-json\/wp\/v2\/users\/4"}],"replies":[{"embeddable":true,"href":"https:\/\/www.leccecronaca.it\/index.php\/wp-json\/wp\/v2\/comments?post=150316"}],"version-history":[{"count":4,"href":"https:\/\/www.leccecronaca.it\/index.php\/wp-json\/wp\/v2\/posts\/150316\/revisions"}],"predecessor-version":[{"id":255073,"href":"https:\/\/www.leccecronaca.it\/index.php\/wp-json\/wp\/v2\/posts\/150316\/revisions\/255073"}],"wp:attachment":[{"href":"https:\/\/www.leccecronaca.it\/index.php\/wp-json\/wp\/v2\/media?parent=150316"}],"wp:term":[{"taxonomy":"category","embeddable":true,"href":"https:\/\/www.leccecronaca.it\/index.php\/wp-json\/wp\/v2\/categories?post=150316"},{"taxonomy":"post_tag","embeddable":true,"href":"https:\/\/www.leccecronaca.it\/index.php\/wp-json\/wp\/v2\/tags?post=150316"}],"curies":[{"name":"wp","href":"https:\/\/api.w.org\/{rel}","templated":true}]}}