{"id":150477,"date":"2019-02-12T15:27:50","date_gmt":"2019-02-12T14:27:50","guid":{"rendered":"http:\/\/www.leccecronaca.it\/?p=150477"},"modified":"2019-02-20T09:47:07","modified_gmt":"2019-02-20T08:47:07","slug":"la-polemica-arriva-a-lecce-il-mese-prossimo-una-mostra-di-vann-n","status":"publish","type":"post","link":"https:\/\/www.leccecronaca.it\/index.php\/2019\/02\/12\/la-polemica-arriva-a-lecce-il-mese-prossimo-una-mostra-di-vann-n\/","title":{"rendered":"LA POLEMICA \/ ARRIVA A LECCE IL MESE PROSSIMO UNA MOSTRA DI VAN GOGH. FARLOCCA"},"content":{"rendered":"<p><img decoding=\"async\" loading=\"lazy\" class=\"aligncenter size-full wp-image-150482\" src=\"https:\/\/www.leccecronaca.it\/wordpress\/wp-content\/uploads\/2019\/02\/vvgau.jpg\" alt=\"\" width=\"1140\" height=\"570\" srcset=\"https:\/\/www.leccecronaca.it\/wordpress\/wp-content\/uploads\/2019\/02\/vvgau.jpg 1140w, https:\/\/www.leccecronaca.it\/wordpress\/wp-content\/uploads\/2019\/02\/vvgau-300x150.jpg 300w, https:\/\/www.leccecronaca.it\/wordpress\/wp-content\/uploads\/2019\/02\/vvgau-1024x512.jpg 1024w, https:\/\/www.leccecronaca.it\/wordpress\/wp-content\/uploads\/2019\/02\/vvgau-768x384.jpg 768w, https:\/\/www.leccecronaca.it\/wordpress\/wp-content\/uploads\/2019\/02\/vvgau-600x300.jpg 600w\" sizes=\"(max-width: 1140px) 100vw, 1140px\" \/>di <strong>Raffaele Polo______<\/strong><\/p>\n<p>Van Gogh a Lecce. O no? (nella foto,\u00a0Vincent van Gogh, &#8220;Autoritratto&#8221;, 1889, olio su tela, Museo d&#8217;Orsay, Parigi).<\/p>\n<p>Ci fa piacere che la mostra-evento dedicata a Van Gogh, arrivi anche a Lecce, nei primi giorni di marzo, nel convento degli Agostiniani.<\/p>\n<p>Certo, una spettacolarizzazione d&#8217;effetto che, alla modesta cifra di 10 euro pi\u00f9 eventuali sovraprezzi, permetter\u00e0 di ammirare le gigantografie dei pi\u00f9 famosi quadri del bravo Vincent, in un contesto affascinante che, per\u00f2, nulla ha a che fare con le atmosfere del pittore pi\u00f9 famoso.<\/p>\n<p>Quello che non convince, in verit\u00e0, \u00e8 la solita storia: che, cio\u00e8, si debba pagare per andare a vedere delle riproduzioni. Per carit\u00e0, la tecnologia \u00e8 usata al meglio, l&#8217;allestimento \u00e8 suggestivo e coinvolgente, ma di questo pittore vengono proiettate ed elaborate le &#8216;immagini&#8217; dei suoi capolavori. Che affascinano, allora si, quando sublimano una visita a Parigi oppure al Museo Van Gogh, ad Amsterdam&#8230;<\/p>\n<p>A Lecce, come nelle precedenti tappe del tour, arriveranno le immagini, come recita il comunicato diffuso: <em>\u201c Van Gogh &#8220;The immersive experience&#8221; sar\u00e0 al convento degli Agostiniani dal prossimo 16 marzo. La notizia, ufficializzata solo oggi, ha generato entusiasmo tra gli amanti dell&#8217;arte. A renderla eccezionale non solo l&#8217;autore in questione, il geniale Van Gogh, ma anche la particolarit\u00e0 espositiva. In mostra, difatti, non le tele originali, ma delle gigantografie che riproducono le atmosfere inconfondibili del pittore, proiettate su enormi schermi cos\u00ec da risultare il pi\u00f9 realistiche possibile. Si potr\u00e0 dunque passeggiare tra i famosi girasoli dell&#8217;artista o ammirare, come mai si \u00e8 potuto fare prima, i magnifici iris.\u201d<\/em><\/p>\n<p>Benissimo. Non mettiamo in dubbio che \u201c<em>Grazie al pi\u00f9 evoluto sistema di proiezioni 3D mapping. e ai Visori VR, con la realt\u00e0 virtuale si potranno ammirare le opere dell&#8217;artista percependo ogni dettaglio figurativo e cromatico accompagnati da uno spettacolo sonoro e di luci unico.\u201d<\/em><\/p>\n<p>Quello che ci lascia perplessi \u00e8 questo voler, a tutti i costi, stimolare la visione dello &#8216;spettacolo&#8217; che \u00e8 solo una elaborazione di alcuni dipinti. Non, come viene insegnato (mi auguro lo facciano ancora&#8230;) dai docenti di Storia dell&#8217;Arte, che si sgolano per invitare alla visione degli &#8216;originali&#8217;. Ma, anzi, instillando l&#8217;idea che queste spettacolarizzazioni siano il vero, importante, unico modo di gradire l&#8217;Arte&#8230;. Queste, assieme ai film che, comunque, paiono aver sostituito in toto la visita ai musei&#8230;<\/p>\n<p>Cos\u00ec, buttiamo via tutto quello che ci hanno insegnato e che condividiamo circa l&#8217;importanza di osservare ed apprezzare &#8216;gli originali&#8217; piuttosto che le ancorch\u00e8 perfette riproduzioni&#8230;.<\/p>\n<p>Comprendiamo di vivere in un mondo che ha business importanti legati a questi grandi autori: dalle cartoline, ai manifesti alle luci psichedeliche, tutto \u00e8 importante pur di attirare spettatori e giovani entusiasti. E, magari, anche a noi fa piacere scorrere il catalogo di una bella mostra&#8230; Che, per\u00f2, ha esposto le opere vere, create dagli autori e testimoni di un mondo che resta impressionato in quella tela&#8230;<\/p>\n<p>No, non andremo al convento degli Agostiniani.<\/p>\n<p>Piuttosto, torneremo al Museo d&#8217;Orsay, a Parigi.<\/p>\n<p>Meglio, molto meglio che non una giornata a Disneyland&#8230;<\/p>\n<p>&nbsp;<\/p>\n<fb:like href='https:\/\/www.leccecronaca.it\/index.php\/2019\/02\/12\/la-polemica-arriva-a-lecce-il-mese-prossimo-una-mostra-di-vann-n\/' send='true' layout='button_count' show_faces='true' width='450' height='65' action='recommend' colorscheme='light' font='lucida grande'><\/fb:like><span class=\"fb_share\"><fb:like href=\"https:\/\/www.leccecronaca.it\/index.php\/2019\/02\/12\/la-polemica-arriva-a-lecce-il-mese-prossimo-una-mostra-di-vann-n\/\" layout=\"button_count\"><\/fb:like><\/span>","protected":false},"excerpt":{"rendered":"<p>di Raffaele Polo______ Van Gogh a Lecce. O no? (nella foto,\u00a0Vincent van Gogh, &#8220;Autoritratto&#8221;, 1889, olio su tela, Museo d&#8217;Orsay, Parigi). Ci fa piacere che la mostra-evento dedicata a Van Gogh, arrivi anche a Lecce, nei primi giorni di marzo, nel convento degli Agostiniani. Certo, una spettacolarizzazione d&#8217;effetto che, alla modesta cifra di 10 euro [&hellip;]<\/p>\n","protected":false},"author":4,"featured_media":150482,"comment_status":"open","ping_status":"closed","sticky":false,"template":"","format":"standard","meta":[],"categories":[69,31,75],"tags":[],"_links":{"self":[{"href":"https:\/\/www.leccecronaca.it\/index.php\/wp-json\/wp\/v2\/posts\/150477"}],"collection":[{"href":"https:\/\/www.leccecronaca.it\/index.php\/wp-json\/wp\/v2\/posts"}],"about":[{"href":"https:\/\/www.leccecronaca.it\/index.php\/wp-json\/wp\/v2\/types\/post"}],"author":[{"embeddable":true,"href":"https:\/\/www.leccecronaca.it\/index.php\/wp-json\/wp\/v2\/users\/4"}],"replies":[{"embeddable":true,"href":"https:\/\/www.leccecronaca.it\/index.php\/wp-json\/wp\/v2\/comments?post=150477"}],"version-history":[{"count":3,"href":"https:\/\/www.leccecronaca.it\/index.php\/wp-json\/wp\/v2\/posts\/150477\/revisions"}],"predecessor-version":[{"id":150483,"href":"https:\/\/www.leccecronaca.it\/index.php\/wp-json\/wp\/v2\/posts\/150477\/revisions\/150483"}],"wp:featuredmedia":[{"embeddable":true,"href":"https:\/\/www.leccecronaca.it\/index.php\/wp-json\/wp\/v2\/media\/150482"}],"wp:attachment":[{"href":"https:\/\/www.leccecronaca.it\/index.php\/wp-json\/wp\/v2\/media?parent=150477"}],"wp:term":[{"taxonomy":"category","embeddable":true,"href":"https:\/\/www.leccecronaca.it\/index.php\/wp-json\/wp\/v2\/categories?post=150477"},{"taxonomy":"post_tag","embeddable":true,"href":"https:\/\/www.leccecronaca.it\/index.php\/wp-json\/wp\/v2\/tags?post=150477"}],"curies":[{"name":"wp","href":"https:\/\/api.w.org\/{rel}","templated":true}]}}