{"id":151048,"date":"2019-02-25T15:42:25","date_gmt":"2019-02-25T14:42:25","guid":{"rendered":"http:\/\/www.leccecronaca.it\/?p=151048"},"modified":"2019-02-25T18:01:14","modified_gmt":"2019-02-25T17:01:14","slug":"il-lecce-il-prepartita-3","status":"publish","type":"post","link":"https:\/\/www.leccecronaca.it\/index.php\/2019\/02\/25\/il-lecce-il-prepartita-3\/","title":{"rendered":"IL LECCE \/ IL PREPARTITA"},"content":{"rendered":"<p><img decoding=\"async\" loading=\"lazy\" class=\"alignleft size-full wp-image-151050\" src=\"https:\/\/www.leccecronaca.it\/wordpress\/wp-content\/uploads\/2019\/02\/579175017aca92e389f341f313b5a1fa_169_l.jpg\" alt=\"\" width=\"436\" height=\"245\" srcset=\"https:\/\/www.leccecronaca.it\/wordpress\/wp-content\/uploads\/2019\/02\/579175017aca92e389f341f313b5a1fa_169_l.jpg 436w, https:\/\/www.leccecronaca.it\/wordpress\/wp-content\/uploads\/2019\/02\/579175017aca92e389f341f313b5a1fa_169_l-300x169.jpg 300w\" sizes=\"(max-width: 436px) 100vw, 436px\" \/>(Rdl)______Rientrato sabato sera dalla disastrosa trasferta di Cittadella, il Lecce si \u00e8 ritrovato a leccarsi le quattro ferite patite, ieri mattina, domenica, al Via del Mare per una seduta d&#8217;allenamento straordinaria.<\/p>\n<p>Oggi, luned\u00ec 25, al pomeriggio, la rifinitura, a porte chiuse.<\/p>\n<p>&nbsp;<\/p>\n<p>Al termine mister Fabio Liverani ha parlato con i giornalisti; ecco una sintesi delle su dichiarazioni:<\/p>\n<p><em>&#8220;La giornata storta a Cittadella \u00e8 capitata nella totalit\u00e0. Mi ci metto io per primo e poi tutti i giocatori che sono scesi in campo. Domani avremo la possibilit\u00e0 di rifarci davanti al nostro pubblico e sono convinto che forniremo una prestazione da Lecce, poi il risultato dipende da tanti fattori. <\/em><\/p>\n<p><em>Ho sempre detto che la mia squadra non pu\u00f2 prescindere dalla prestazione tecnica, tattica, fisica e mentale. <\/em><\/p>\n<p><em>Arriviamo a questo punto del campionato a giocarcela domani alla pari con il Verona, che ad inizio stagione era accreditato per la vittoria finale del campionato. Domani dobbiamo disputare una gara di squadra\u201d.<\/em><\/p>\n<p>Domani, marted\u00ec 26, alle 21.00, la partita contro il Verona.<\/p>\n<p>I Veneti hanno qualche problema di uomini contati, fra vecchie e nuove assenze per infortunio, e portano in panchina alcuni giovani della Primavera.<\/p>\n<p>&nbsp;<\/p>\n<p>La squadra, che godeva dei favori del pronostico alla vigilia del campionato, insieme al Benevento, ha avuto un cammino altalenante, di cui in molti imputavano le colpe allenatore Fabio Grosso (nella foto). Comunque ora \u00e8 in serie positiva da cinque giornate, prima tre pareggi di fila, poi due vittorie, l&#8217;ultima venerd\u00ec notte in casa contro la Salernitana, assai sofferta.<\/p>\n<p>Attualmente in zona play off\u00a0 ha 39 punti, uno in pi\u00f9 del Lecce.<\/p>\n<p>Momento del campionato decisivo per i Giallorossi, chiamati subito a riscattare l&#8217; &#8220;inciampo&#8221;, come l&#8217;ha definito a caldo Fabio Liverani, di Cittadella, contro una diretta concorrente per la promozione; poi, sabato 2 marzo, la trasferta in casa del Palermo, due sfide che diranno molto sulle prospettive future, quando ormai il torneo entrer\u00e0 nell&#8217;ultimo quarto, risolutivo.<\/p>\n<p>&nbsp;<\/p>\n<fb:like href='https:\/\/www.leccecronaca.it\/index.php\/2019\/02\/25\/il-lecce-il-prepartita-3\/' send='true' layout='button_count' show_faces='true' width='450' height='65' action='recommend' colorscheme='light' font='lucida grande'><\/fb:like><span class=\"fb_share\"><fb:like href=\"https:\/\/www.leccecronaca.it\/index.php\/2019\/02\/25\/il-lecce-il-prepartita-3\/\" layout=\"button_count\"><\/fb:like><\/span>","protected":false},"excerpt":{"rendered":"<p>(Rdl)______Rientrato sabato sera dalla disastrosa trasferta di Cittadella, il Lecce si \u00e8 ritrovato a leccarsi le quattro ferite patite, ieri mattina, domenica, al Via del Mare per una seduta d&#8217;allenamento straordinaria. Oggi, luned\u00ec 25, al pomeriggio, la rifinitura, a porte chiuse. &nbsp; Al termine mister Fabio Liverani ha parlato con i giornalisti; ecco una sintesi [&hellip;]<\/p>\n","protected":false},"author":4,"featured_media":151050,"comment_status":"open","ping_status":"closed","sticky":false,"template":"","format":"standard","meta":[],"categories":[28],"tags":[],"_links":{"self":[{"href":"https:\/\/www.leccecronaca.it\/index.php\/wp-json\/wp\/v2\/posts\/151048"}],"collection":[{"href":"https:\/\/www.leccecronaca.it\/index.php\/wp-json\/wp\/v2\/posts"}],"about":[{"href":"https:\/\/www.leccecronaca.it\/index.php\/wp-json\/wp\/v2\/types\/post"}],"author":[{"embeddable":true,"href":"https:\/\/www.leccecronaca.it\/index.php\/wp-json\/wp\/v2\/users\/4"}],"replies":[{"embeddable":true,"href":"https:\/\/www.leccecronaca.it\/index.php\/wp-json\/wp\/v2\/comments?post=151048"}],"version-history":[{"count":5,"href":"https:\/\/www.leccecronaca.it\/index.php\/wp-json\/wp\/v2\/posts\/151048\/revisions"}],"predecessor-version":[{"id":151063,"href":"https:\/\/www.leccecronaca.it\/index.php\/wp-json\/wp\/v2\/posts\/151048\/revisions\/151063"}],"wp:featuredmedia":[{"embeddable":true,"href":"https:\/\/www.leccecronaca.it\/index.php\/wp-json\/wp\/v2\/media\/151050"}],"wp:attachment":[{"href":"https:\/\/www.leccecronaca.it\/index.php\/wp-json\/wp\/v2\/media?parent=151048"}],"wp:term":[{"taxonomy":"category","embeddable":true,"href":"https:\/\/www.leccecronaca.it\/index.php\/wp-json\/wp\/v2\/categories?post=151048"},{"taxonomy":"post_tag","embeddable":true,"href":"https:\/\/www.leccecronaca.it\/index.php\/wp-json\/wp\/v2\/tags?post=151048"}],"curies":[{"name":"wp","href":"https:\/\/api.w.org\/{rel}","templated":true}]}}