{"id":151057,"date":"2019-02-25T17:35:46","date_gmt":"2019-02-25T16:35:46","guid":{"rendered":"http:\/\/www.leccecronaca.it\/?p=151057"},"modified":"2019-02-25T17:49:05","modified_gmt":"2019-02-25T16:49:05","slug":"la-vera-emergenza-mettere-in-sicurezza-il-territorio","status":"publish","type":"post","link":"https:\/\/www.leccecronaca.it\/index.php\/2019\/02\/25\/la-vera-emergenza-mettere-in-sicurezza-il-territorio\/","title":{"rendered":"&#8220;La vera emergenza, mettere in sicurezza il territorio&#8221;"},"content":{"rendered":"<p><img decoding=\"async\" loading=\"lazy\" class=\"alignleft size-full wp-image-151058\" src=\"https:\/\/www.leccecronaca.it\/wordpress\/wp-content\/uploads\/2019\/02\/COORD.jpg\" alt=\"\" width=\"960\" height=\"720\" srcset=\"https:\/\/www.leccecronaca.it\/wordpress\/wp-content\/uploads\/2019\/02\/COORD.jpg 960w, https:\/\/www.leccecronaca.it\/wordpress\/wp-content\/uploads\/2019\/02\/COORD-300x225.jpg 300w, https:\/\/www.leccecronaca.it\/wordpress\/wp-content\/uploads\/2019\/02\/COORD-768x576.jpg 768w, https:\/\/www.leccecronaca.it\/wordpress\/wp-content\/uploads\/2019\/02\/COORD-400x300.jpg 400w\" sizes=\"(max-width: 960px) 100vw, 960px\" \/>(Rdl)______Il Comitato No Tap della Provincia di Brindisi ha diffuso pochi minuti fa sui social un resoconto della assemblea regionale Pugliese \u201cVerso il 23 Marzo\u201d.<\/p>\n<p>Qui di seguito il testo integrale del documento.______<\/p>\n<p>Si \u00e8 svolta nel pomeriggio di sabato 23 Febbraio a Brindisi l\u2019assemblea regionale dei movimenti, associazioni, singoli individui, interessati alla manifestazione nazionale del 23 Marzo per il clima, contro le grandi opere inutili (nella foto).<\/p>\n<p>Nonostante la giornata di cattivo tempo l\u2019assemblea ha visto la partecipazione di pi\u00f9 di 100 persone in rappresentanza di tanti movimenti ed associazioni con oltre 20 interventi.<\/p>\n<p>L\u2019introduzione degli organizzatori brindisini ha tenuto a rimarcare l\u2019importanza di una ripresa di discussione regionale fortemente presente negli anni precedenti che per\u00f2 aveva subito momenti di arresto.<\/p>\n<p>Le battaglie che abbiamo davanti, a partire dalla battaglia contro il Tap ed il sistema di gasdotti che vogliono far approdare sulle coste pugliesi, ci impongono relazioni pi\u00f9 strette e di sostegno reciproco.<\/p>\n<p>Il tema centrale \u00e8 quindi il rifiuto all\u2019 imposizione di un modello di sviluppo basato sui fossili e di drenaggio delle risorse pubbliche verso i soliti noti che genera corruzione, devastazione e saccheggio dei territori e danni alla salute attraverso la costruzione di grandi opere inutili.<\/p>\n<p>Ma la vera emergenza \u00e8 quindi quella di mettere in sicurezza il territorio.<\/p>\n<p>In molti hanno sostenuto la necessit\u00e0 che il movimento ha bisogno di una totale autonomia per allontanarsi da sirene istituzionali che hanno sottratto energia ai movimenti e spesso barattati sull\u2019altare delle compatibilit\u00e0 governative con giravolte di 180 gradi.<\/p>\n<p>Cos\u00ec, come d\u2019altra parte, c\u2019\u00e8 una richiesta pressante ai sindaci interessati alle diverse vertenze di essere al fianco dei cittadini per promuovere una reale partecipazione alle proteste.<\/p>\n<p>Tutti gli interventi si sono dimostrati pi\u00f9 che convinti della necessit\u00e0 di un raccordo regionale pur non formalizzando nel corso della serata la costituzione di un coordinamento regionale.<\/p>\n<p>In molti hanno sostenuto la necessit\u00e0 di un raccordo maggiore con la Basilicata, cosa che ha trovato conferma nella telefonata ascoltata da tutti con il rappresentante nazionale dei \u201cNO TRIV\u201d che non \u00e8 potuto arrivare a Brindisi a causa di una bufera di neve.<\/p>\n<p>Gli intervenuti hanno dichiarato di sostenere la partecipazione il 23 marzo alla manifestazione nazionale a Roma e soprattutto di continuare a condividere il percorso dopo la manifestazione.<\/p>\n<p>E\u2019 stata rimarcata la necessit\u00e0 di inserirsi a tutti il livelli nelle lotte contro i cambiamenti climatici e per la giustizia climatica.<\/p>\n<p>Abbiamo saputo che chi non \u00e8 potuto essere presente alla assemblea sta organizzando assemblee territoriali con il tema \u201cVerso il 23 Marzo\u201d, come ad esempio ad Altamura venerd\u00ec 1 marzo.<\/p>\n<p>L\u2019assemblea ha posto la necessit\u00e0 di costruire sui territori proposte concrete capaci di superare le diffidenze che spesso i nostri \u201cNO\u201d incontrano.<\/p>\n<p>Ma alcuni interventi sono entrati subito sul tema: come ad esempio la prossima presentazione del \u201cPiano Taranto\u201d che parla di chiusura dell\u2019 Ilva, bonifiche, sviluppo alternativo che trova l\u2019appoggio da parte di alcuni sindacati di base conflittuali che non hanno firmato l\u2019accordo.<\/p>\n<p>E\u2019 stata proposta la iniziativa del concerto del 1 Maggio a Taranto come esplicazione dei problemi che affliggono i nostri territori.<\/p>\n<p>Alcuni interventi hanno sottolineato la ripresa di discussione sulla Xylella che ha bisogno di forti prese di posizione e di una decisa iniziativa pubblica contro la gestione \u201cemergenziale\u201d di Italia e dell\u2019 Europa.<\/p>\n<p>Gestione fatta a colpi di indennizzi, riconversione produttiva a favore dei grandi imprenditori agricoli, senza capire ancora quale \u00e8 la vera ragione dell\u2019essiccamento degli ulivi.<\/p>\n<p>Si avventano come lupi famelici contro quelli che accusano di essere la causa dell\u2019allargamento del problema, chiamandoli di volta in volta santoni, complottisti e terroristi.<\/p>\n<p>Sono in calendario alcune tappe di avvicinamento al 23 Marzo:<\/p>\n<p>3 Marzo assemblea nazionale &#8220;verso il 23 marzo&#8221; a Napoli alle ore 10 al Maschio Angioino, gi\u00e0 proposta in occasione della assemblea nazionale del 17\/18 Novembre 2018 a Venaus, in Val Di Susa, e confermata dalla assemblea nazionale di Roma il 26 gennaio scorso.<\/p>\n<p>15 Marzo sostegno alle iniziative degli studenti organizzata dai movimenti \u201cFridays for future\u201d nato dopo la protesta di Greta Thumberg.<\/p>\n<p>17 Marzo proposta del Movimento NO TAP di un manifestazione regionale Melendugno\/San Foca come principale esempio di imposizione sui territori di scelte rifiutate da intere comunit\u00e0. Una iniziativa rivolta a consolidare i rapporti tra le realt\u00e0 pugliesi ed extra regionali per continuare a dimostrare che la battaglia al TAP non \u00e8 una battaglia locale (come vogliono far passare) ma \u00e8 una battaglia di tutti.<\/p>\n<p>23 Marzo manifestazione nazionale al Roma; molti interventi hanno sostenuto la necessit\u00e0 di portare a Roma uno striscione unitario Pugliese.______<\/p>\n<p>L&#8217;APPROFONDIMENTO nei nostri articoli del 20 e 21 febbraio scorsi<\/p>\n<blockquote class=\"wp-embedded-content\" data-secret=\"kvU9YRakii\"><p><a href=\"https:\/\/www.leccecronaca.it\/index.php\/2019\/02\/21\/stiamo-combattendo-per-il-futuro-di-tutti-una-ragazzina-di-16-anni-greta-porta-la-speranza-ra-i-burocrati-di-bruxelles\/\">&#8220;Stiamo combattendo per il futuro di tutti&#8230;&#8221;, E UNA RAGAZZINA DI 16 ANNI PORTA L&#8217;ULTIMA SPERANZA DI SALVEZZA FRA I BUROCRATI DI BRUXELLES &#8211; video &#8211; LE RAGIONI DELLA PROTESTA CONTRO GLI AFFARISTI E I POLITICI LORO CAMERIERI: &#8216;Siete incapaci, immaturi, avete fatto solo casini. E&#8217; ora di cambiare il sistema&#8221;<\/a><\/p><\/blockquote>\n<p><iframe class=\"wp-embedded-content\" sandbox=\"allow-scripts\" security=\"restricted\" style=\"position: absolute; clip: rect(1px, 1px, 1px, 1px);\" src=\"https:\/\/www.leccecronaca.it\/index.php\/2019\/02\/21\/stiamo-combattendo-per-il-futuro-di-tutti-una-ragazzina-di-16-anni-greta-porta-la-speranza-ra-i-burocrati-di-bruxelles\/embed\/#?secret=kvU9YRakii\" data-secret=\"kvU9YRakii\" width=\"500\" height=\"282\" title=\"&#8220;&#8220;Stiamo combattendo per il futuro di tutti&#8230;&#8221;, E UNA RAGAZZINA DI 16 ANNI PORTA L&#8217;ULTIMA SPERANZA DI SALVEZZA FRA I BUROCRATI DI BRUXELLES &#8211; video &#8211; LE RAGIONI DELLA PROTESTA CONTRO GLI AFFARISTI E I POLITICI LORO CAMERIERI: &#8216;Siete incapaci, immaturi, avete fatto solo casini. E&#8217; ora di cambiare il sistema&#8221;&#8221; &#8212; LecceCronaca.it\" frameborder=\"0\" marginwidth=\"0\" marginheight=\"0\" scrolling=\"no\"><\/iframe><\/p>\n<blockquote class=\"wp-embedded-content\" data-secret=\"m2Efbpau3m\"><p><a href=\"https:\/\/www.leccecronaca.it\/index.php\/2019\/02\/20\/non-siamo-soli-contro-la-tap-e-siamo-ancora-in-tempo-per-bloccare-le-grandi-opere-inutili-e-ancor-di-piu-per-salvare-il-nostro-pianeta-dal-baratro-del-disastro-ecologico-verso-cui-lo-stanno-spin\/\">NON SIAMO SOLI CONTRO LA TAP! E SIAMO ANCORA IN TEMPO PER BLOCCARE LE GRANDI OPERE INUTILI. ANCORA DI PIU&#8217;, PER SALVARE IL NOSTRO PIANETA DAL BARATRO DEL DISASTRO ECOLOGICO VERSO CUI LO STANNO SPINGENDO LE POLITICHE DELLE LOBBY, DEGLI AFFARI PRIVATI E DEGLI SPECULATORI DELL&#8217;ALTA FINANZA<\/a><\/p><\/blockquote>\n<p><iframe class=\"wp-embedded-content\" sandbox=\"allow-scripts\" security=\"restricted\" style=\"position: absolute; clip: rect(1px, 1px, 1px, 1px);\" src=\"https:\/\/www.leccecronaca.it\/index.php\/2019\/02\/20\/non-siamo-soli-contro-la-tap-e-siamo-ancora-in-tempo-per-bloccare-le-grandi-opere-inutili-e-ancor-di-piu-per-salvare-il-nostro-pianeta-dal-baratro-del-disastro-ecologico-verso-cui-lo-stanno-spin\/embed\/#?secret=m2Efbpau3m\" data-secret=\"m2Efbpau3m\" width=\"500\" height=\"282\" title=\"&#8220;NON SIAMO SOLI CONTRO LA TAP! E SIAMO ANCORA IN TEMPO PER BLOCCARE LE GRANDI OPERE INUTILI. ANCORA DI PIU&#8217;, PER SALVARE IL NOSTRO PIANETA DAL BARATRO DEL DISASTRO ECOLOGICO VERSO CUI LO STANNO SPINGENDO LE POLITICHE DELLE LOBBY, DEGLI AFFARI PRIVATI E DEGLI SPECULATORI DELL&#8217;ALTA FINANZA&#8221; &#8212; LecceCronaca.it\" frameborder=\"0\" marginwidth=\"0\" marginheight=\"0\" scrolling=\"no\"><\/iframe><\/p>\n<fb:like href='https:\/\/www.leccecronaca.it\/index.php\/2019\/02\/25\/la-vera-emergenza-mettere-in-sicurezza-il-territorio\/' send='true' layout='button_count' show_faces='true' width='450' height='65' action='recommend' colorscheme='light' font='lucida grande'><\/fb:like><span class=\"fb_share\"><fb:like href=\"https:\/\/www.leccecronaca.it\/index.php\/2019\/02\/25\/la-vera-emergenza-mettere-in-sicurezza-il-territorio\/\" layout=\"button_count\"><\/fb:like><\/span>","protected":false},"excerpt":{"rendered":"<p>(Rdl)______Il Comitato No Tap della Provincia di Brindisi ha diffuso pochi minuti fa sui social un resoconto della assemblea regionale Pugliese \u201cVerso il 23 Marzo\u201d. Qui di seguito il testo integrale del documento.______ Si \u00e8 svolta nel pomeriggio di sabato 23 Febbraio a Brindisi l\u2019assemblea regionale dei movimenti, associazioni, singoli individui, interessati alla manifestazione nazionale [&hellip;]<\/p>\n","protected":false},"author":4,"featured_media":151058,"comment_status":"open","ping_status":"closed","sticky":false,"template":"","format":"standard","meta":[],"categories":[69,76],"tags":[],"_links":{"self":[{"href":"https:\/\/www.leccecronaca.it\/index.php\/wp-json\/wp\/v2\/posts\/151057"}],"collection":[{"href":"https:\/\/www.leccecronaca.it\/index.php\/wp-json\/wp\/v2\/posts"}],"about":[{"href":"https:\/\/www.leccecronaca.it\/index.php\/wp-json\/wp\/v2\/types\/post"}],"author":[{"embeddable":true,"href":"https:\/\/www.leccecronaca.it\/index.php\/wp-json\/wp\/v2\/users\/4"}],"replies":[{"embeddable":true,"href":"https:\/\/www.leccecronaca.it\/index.php\/wp-json\/wp\/v2\/comments?post=151057"}],"version-history":[{"count":3,"href":"https:\/\/www.leccecronaca.it\/index.php\/wp-json\/wp\/v2\/posts\/151057\/revisions"}],"predecessor-version":[{"id":151061,"href":"https:\/\/www.leccecronaca.it\/index.php\/wp-json\/wp\/v2\/posts\/151057\/revisions\/151061"}],"wp:featuredmedia":[{"embeddable":true,"href":"https:\/\/www.leccecronaca.it\/index.php\/wp-json\/wp\/v2\/media\/151058"}],"wp:attachment":[{"href":"https:\/\/www.leccecronaca.it\/index.php\/wp-json\/wp\/v2\/media?parent=151057"}],"wp:term":[{"taxonomy":"category","embeddable":true,"href":"https:\/\/www.leccecronaca.it\/index.php\/wp-json\/wp\/v2\/categories?post=151057"},{"taxonomy":"post_tag","embeddable":true,"href":"https:\/\/www.leccecronaca.it\/index.php\/wp-json\/wp\/v2\/tags?post=151057"}],"curies":[{"name":"wp","href":"https:\/\/api.w.org\/{rel}","templated":true}]}}