{"id":151494,"date":"2019-03-07T15:40:30","date_gmt":"2019-03-07T14:40:30","guid":{"rendered":"http:\/\/www.leccecronaca.it\/?p=151494"},"modified":"2019-03-07T15:49:14","modified_gmt":"2019-03-07T14:49:14","slug":"marco-minniti-a-lecce-venerdi-8-annunciata-contestazione-all-ex-ministro-dellinterno-come-se-fosse-lattuale","status":"publish","type":"post","link":"https:\/\/www.leccecronaca.it\/index.php\/2019\/03\/07\/marco-minniti-a-lecce-venerdi-8-annunciata-contestazione-all-ex-ministro-dellinterno-come-se-fosse-lattuale\/","title":{"rendered":"MARCO MINNITI A LECCE VENERDI&#8217; 8. ANNUNCIATA CONTESTAZIONE ALL&#8217; EX MINISTRO DELL&#8217;INTERNO DEL PD, COME SE FOSSE L&#8217;ATTUALE DELLA LEGA"},"content":{"rendered":"<p><img decoding=\"async\" loading=\"lazy\" class=\"alignleft size-large wp-image-151495\" src=\"https:\/\/www.leccecronaca.it\/wordpress\/wp-content\/uploads\/2019\/03\/Minniti-Libia-1024x687.jpg\" alt=\"\" width=\"1024\" height=\"687\" srcset=\"https:\/\/www.leccecronaca.it\/wordpress\/wp-content\/uploads\/2019\/03\/Minniti-Libia-1024x687.jpg 1024w, https:\/\/www.leccecronaca.it\/wordpress\/wp-content\/uploads\/2019\/03\/Minniti-Libia-300x201.jpg 300w, https:\/\/www.leccecronaca.it\/wordpress\/wp-content\/uploads\/2019\/03\/Minniti-Libia-768x515.jpg 768w, https:\/\/www.leccecronaca.it\/wordpress\/wp-content\/uploads\/2019\/03\/Minniti-Libia-1536x1030.jpg 1536w, https:\/\/www.leccecronaca.it\/wordpress\/wp-content\/uploads\/2019\/03\/Minniti-Libia-2048x1373.jpg 2048w\" sizes=\"(max-width: 1024px) 100vw, 1024px\" \/>(Rdl)_______L&#8217;ex ministro dell&#8217;interno, del governo Gentiloni, Marco Minniti, 63 anni, del Pd, sar\u00e0 a Lecce venerd\u00ec 8. Alle 18.00, all&#8217; Hotel Risorgimento, in via Augusto Imperatore 19, presenta il suo libro &#8220;Sicurezza \u00e8 liberta&#8221;, edito da Rizzoli.<\/p>\n<p>La serata \u00e8 organizzata da &#8220;La Puglia in Pi\u00f9&#8221;, il movimento politico di Sario Stefano, eletto senatore nel Pd, il quale dunque, dopo Matteo Renzi la scorsa settimana, porta ora a Lecce Marco Menniti a parlare di libri e di politica.<\/p>\n<p>Questa volta per\u00f2 si annuncia contestazione. Da sinistra. Come se fosse l&#8217;attuale ministro dell&#8217; Interno Matteo Salvini della Lega: <em>&#8220;un presidio pacifico per manifestare contro la presenza dell&#8217;ex ministro dell&#8217;Interno in citt\u00e0&#8221;.<\/em><\/p>\n<p>Ne spiega le ragioni l&#8217; Arci, in un comunicato: <em>&#8220;I provvedimenti attuati da Minniti quando era a capo del Viminale, hanno spianato la strada alle politiche introdotte nel Decreto sicurezza dall&#8217;attuale Governo. L\u2019accordo con la Libia fu siglato dall&#8217;ex ministro: un patto scellerato che ha garantito ai miliziani libici la presenza nei loro lager di donne africane ree di essere fuggite dal loro paese per cercare miglior fortuna e imprigionate, torturate, stuprate nelle carceri finanziate dall\u2019Europa.\u00a0<\/em><\/p>\n<p>(nella nostra foto, del 13 dicembre 2017, il Ministro dell&#8217; Interno italiano Marco Minniti e il Ministro della difesa libico Al-Mahdi Al-Barghathi a Tripoli, alle loro spalle il Pattugliatore Classe Bigliani Ras Jadir 648 donato dall&#8217; Italia alla Libia &#8211; n.d.r.)<\/p>\n<div dir=\"ltr\"><em>Politiche che sono state poi rafforzate con l&#8217;entrata in vigore del nuovo testo sull&#8217;immigrazione, trovando un terreno fertile dal punto di vista legislativo e che hanno segnato un ulteriore passo indietro sul piano dei diritti e della civilt\u00e0 giuridica del nostro Paese.<\/em><\/div>\n<div dir=\"ltr\"><\/div>\n<div dir=\"ltr\"><em>Con la scusa della sicurezza si \u00e8 giunti a una riduzione drastica dei diritti di tutti i migranti. Parlare di sicurezza e libert\u00e0, di terrorismo e immigrazione con le stesse logiche dell&#8217;attuale governo, segnano una linea di continuit\u00e0 pericolosa per chi rappresenta il pi\u00f9 grande partito di centro-sinistra e dovrebbe porsi con fermezza in antitesi alle politiche in atto&#8221;.<\/em><\/div>\n<fb:like href='https:\/\/www.leccecronaca.it\/index.php\/2019\/03\/07\/marco-minniti-a-lecce-venerdi-8-annunciata-contestazione-all-ex-ministro-dellinterno-come-se-fosse-lattuale\/' send='true' layout='button_count' show_faces='true' width='450' height='65' action='recommend' colorscheme='light' font='lucida grande'><\/fb:like><span class=\"fb_share\"><fb:like href=\"https:\/\/www.leccecronaca.it\/index.php\/2019\/03\/07\/marco-minniti-a-lecce-venerdi-8-annunciata-contestazione-all-ex-ministro-dellinterno-come-se-fosse-lattuale\/\" layout=\"button_count\"><\/fb:like><\/span>","protected":false},"excerpt":{"rendered":"<p>(Rdl)_______L&#8217;ex ministro dell&#8217;interno, del governo Gentiloni, Marco Minniti, 63 anni, del Pd, sar\u00e0 a Lecce venerd\u00ec 8. Alle 18.00, all&#8217; Hotel Risorgimento, in via Augusto Imperatore 19, presenta il suo libro &#8220;Sicurezza \u00e8 liberta&#8221;, edito da Rizzoli. La serata \u00e8 organizzata da &#8220;La Puglia in Pi\u00f9&#8221;, il movimento politico di Sario Stefano, eletto senatore nel [&hellip;]<\/p>\n","protected":false},"author":4,"featured_media":151495,"comment_status":"open","ping_status":"closed","sticky":false,"template":"","format":"standard","meta":[],"categories":[69,75,57,76],"tags":[],"_links":{"self":[{"href":"https:\/\/www.leccecronaca.it\/index.php\/wp-json\/wp\/v2\/posts\/151494"}],"collection":[{"href":"https:\/\/www.leccecronaca.it\/index.php\/wp-json\/wp\/v2\/posts"}],"about":[{"href":"https:\/\/www.leccecronaca.it\/index.php\/wp-json\/wp\/v2\/types\/post"}],"author":[{"embeddable":true,"href":"https:\/\/www.leccecronaca.it\/index.php\/wp-json\/wp\/v2\/users\/4"}],"replies":[{"embeddable":true,"href":"https:\/\/www.leccecronaca.it\/index.php\/wp-json\/wp\/v2\/comments?post=151494"}],"version-history":[{"count":3,"href":"https:\/\/www.leccecronaca.it\/index.php\/wp-json\/wp\/v2\/posts\/151494\/revisions"}],"predecessor-version":[{"id":151498,"href":"https:\/\/www.leccecronaca.it\/index.php\/wp-json\/wp\/v2\/posts\/151494\/revisions\/151498"}],"wp:featuredmedia":[{"embeddable":true,"href":"https:\/\/www.leccecronaca.it\/index.php\/wp-json\/wp\/v2\/media\/151495"}],"wp:attachment":[{"href":"https:\/\/www.leccecronaca.it\/index.php\/wp-json\/wp\/v2\/media?parent=151494"}],"wp:term":[{"taxonomy":"category","embeddable":true,"href":"https:\/\/www.leccecronaca.it\/index.php\/wp-json\/wp\/v2\/categories?post=151494"},{"taxonomy":"post_tag","embeddable":true,"href":"https:\/\/www.leccecronaca.it\/index.php\/wp-json\/wp\/v2\/tags?post=151494"}],"curies":[{"name":"wp","href":"https:\/\/api.w.org\/{rel}","templated":true}]}}